{"id":6577,"date":"2025-02-20T19:41:47","date_gmt":"2025-02-20T22:41:47","guid":{"rendered":"https:\/\/13.com.ar\/index.php\/evo-morales-desafia-la-prohibicion-legal-y-anuncia-su-candidatura-presidencial-en-bolivia\/"},"modified":"2025-02-20T19:41:47","modified_gmt":"2025-02-20T22:41:47","slug":"evo-morales-desafia-la-prohibicion-legal-y-anuncia-su-candidatura-presidencial-en-bolivia","status":"publish","type":"post","link":"https:\/\/13.com.ar\/index.php\/evo-morales-desafia-la-prohibicion-legal-y-anuncia-su-candidatura-presidencial-en-bolivia\/","title":{"rendered":"Evo Morales desaf\u00eda la prohibici\u00f3n legal y anuncia su candidatura presidencial en Bolivia"},"content":{"rendered":"<p> <br \/>\n<\/p>\n<div id=\"cuerpo\">\n<div class=\"sc-80531b6b-0 chRIGJ container-text text-embed\">\n<p>El exmandatario Evo Morales<strong> anunci\u00f3 este jueves su candidatura presidencial para las elecciones generales <\/strong>de agosto en Bolivia, pese a que la justicia le impide postularse.<\/p>\n<\/div>\n<div class=\"sc-80531b6b-0 chRIGJ container-text text-embed\">\n<p>En una conferencia de prensa, el l\u00edder ind\u00edgena de 65 a\u00f1os asegur\u00f3 que <strong>disputar\u00e1 los comicios al margen del Movimiento Al Socialismo<\/strong> (MAS), el partido gobernante que lider\u00f3 por d\u00e9cadas y que hoy se encuentra dividido entre Morales y el presidente Luis Arce.<\/p>\n<\/div>\n<div class=\"sc-80531b6b-0 chRIGJ container-text text-embed\">\n<p>&#8220;<strong>Ya tenemos el partido para participar en las elecciones de este a\u00f1o<\/strong> (&#8230;) Ahora con Frente para la Victoria nuevamente vamos a ganar las elecciones nacionales&#8221;, se\u00f1al\u00f3 desde la regi\u00f3n cocalera del Chapare, su fort\u00edn pol\u00edtico en el departamento de Cochabamba.<\/p>\n<\/div>\n<div class=\"sc-80531b6b-0 chRIGJ container-text text-embed\">\n<p>El Frente para la Victoria, una peque\u00f1a agrupaci\u00f3n de izquierda sin representaci\u00f3n en el parlamento boliviano, firm\u00f3 un acuerdo con Morales para imponerlo <strong>como su &#8220;\u00fanico candidato&#8221; a la presidencia.<\/strong><\/p>\n<\/div>\n<div class=\"sc-c2c2a3c6-0 ecgiEX border-video video-embed horizontal border-video video-embed horizontal\">\n<div class=\"sc-c2c2a3c6-1 kQhBlc videoText videoText\">\n<h2>Video<\/h2>\n<p>Evo Morales anunci\u00f3 su candidatura presidencial en Bolivia<\/p>\n<\/div>\n<\/div>\n<div class=\"sc-80531b6b-0 chRIGJ container-text text-embed\">\n<p>&#8220;Su acompa\u00f1ante a la vicepresidencia&#8221; a\u00fan ser\u00e1 &#8220;consensuado&#8221;, dice el documento que fue le\u00eddo por un vocero de la alianza durante el encuentro con la prensa transmitido por la Radio Kawsachun Coca.<\/p>\n<\/div>\n<div class=\"sc-80531b6b-0 chRIGJ container-text text-embed\">\n<p><strong>Morales asumi\u00f3 el poder en 2006 y gobern\u00f3 hasta 2019 tras dos reelecciones.<\/strong><\/p>\n<\/div>\n<div class=\"sc-198be8ec-0 cynXbu image-embed  image-embed \"><picture class=\"sc-198be8ec-1 kOjRiQ\"><source media=\"(min-width: 975px)\" width=\"720\" height=\"480\" \/><img alt=\"El expresidente de Bolivia, Evo Morales (2006-2019), durante una entrevista con EFE. Foto EFE\" loading=\"lazy\" width=\"720\" height=\"480\" decoding=\"async\" data-nimg=\"1\" style=\"color:transparent\" src=\"https:\/\/13.com.ar\/wp-content\/uploads\/2025\/02\/Evo-Morales-desafia-la-prohibicion-legal-y-anuncia-su-candidatura.jpg\"\/><span class=\"epigraphe\">El expresidente de Bolivia, Evo Morales (2006-2019), durante una entrevista con EFE. Foto EFE<\/span><span class=\"bkg\"\/><span class=\"picture-open\"><button class=\"open-image\" aria-label=\"Open Image\"\/><\/span><\/picture><\/div>\n<div class=\"sc-80531b6b-0 chRIGJ container-text text-embed\">\n<p>A finales de 2024 la justicia constitucional ratific\u00f3 un fallo que le impide postularse, aduciendo que ning\u00fan boliviano <strong>puede ejercer m\u00e1s de dos mandatos presidenciales.<\/strong><\/p>\n<\/div>\n<div class=\"sc-80531b6b-0 chRIGJ container-text text-embed\">\n<p>&#8220;Hemos hecho este compromiso para ir adelante con nuestro pa\u00eds que se est\u00e1 yendo en bancarrota&#8221;, dijo Eusebio Rodr\u00edguez, l\u00edder del Frente para la Victoria.<\/p>\n<\/div>\n<div class=\"sc-80531b6b-0 chRIGJ container-text text-embed\">\n<p><strong>&#8220;Vamos a estar hasta tomar el poder, venga lo venga; pase lo que pase. Aqu\u00ed vamos a estar<\/strong>\u201d, expres\u00f3 en medio de aplausos de los seguidores de Morales.<\/p>\n<\/div>\n<div class=\"sc-80531b6b-0 chRIGJ container-text text-embed\">\n<p>El exmandatario, de 65 a\u00f1os, <strong>gobern\u00f3 tres periodos continuos (2006-2019) <\/strong>y ahora busca un cuarto mandato, pero existe un fallo constitucional que le cierra las puertas a una nueva reelecci\u00f3n.<\/p>\n<\/div>\n<div class=\"sc-80531b6b-0 chRIGJ container-text text-embed\">\n<p>A ello se suma que tiene un proceso judicial en su contra y una orden de detenci\u00f3n por no presentarse a declarar ante la justicia <strong>por el caso de presunto abuso a una menor de 15 a\u00f1os que result\u00f3 embarazada en 2016 <\/strong>cuando \u00e9l era mandatario.<\/p>\n<\/div>\n<div class=\"sc-80531b6b-0 chRIGJ container-text text-embed\">\n<p><strong>\u201cQuieren proscribirnos, pero no podr\u00e1n<\/strong>\u201d, se\u00f1al\u00f3 Morales, quien despu\u00e9s del anuncio festej\u00f3 el acuerdo bailando en la sede de una radio cocalera.<\/p>\n<\/div>\n<div class=\"sc-80531b6b-0 chRIGJ container-text text-embed\">\n<p>Morales perdi\u00f3 el a\u00f1o pasado el liderazgo del partido gobernante Movimiento Al Socialismo (MAS), que actualmente est\u00e1 en manos de una dirigencia leal al presidente Luis Arce. <strong>Las disputas entre ambos han divido a esa fuerza, que ha ocupado el poder por 18 a\u00f1os<\/strong> y ahora corre el riesgo de perder su hegemon\u00eda.<\/p>\n<\/div>\n<div class=\"sc-80531b6b-0 chRIGJ container-text text-embed\">\n<p>Morales anunci\u00f3 d\u00edas atr\u00e1s que cuando inscriba su candidatura llegar\u00e1 a La Paz, desde el Chapare, en un marcha con miles de personas.<\/p>\n<\/div>\n<div class=\"sc-80531b6b-0 chRIGJ container-text text-embed\">\n<p>Seg\u00fan las leyes electorales, Morales podr\u00eda inscribirse como candidato pero en el proceso de depuraci\u00f3n podr\u00eda ser impugnado y es el Tribunal Supremo Electoral el que definir\u00e1 su inhabilitaci\u00f3n.<\/p>\n<\/div>\n<div class=\"sc-80531b6b-0 chRIGJ container-text text-embed\">\n<p><strong>&#8220;Tendr\u00e1 una hermosa respuesta\u201d<\/strong>, adelant\u00f3 el vocal del \u00d3rgano Electoral Tahuichi Tahuichi, recientemente a los medios.<\/p>\n<\/div>\n<div class=\"sc-80531b6b-0 chRIGJ container-text text-embed\">\n<p>En tanto, la nueva dirigencia del MAS ha anunciado que en marzo decidir\u00e1 qui\u00e9nes ser\u00e1n sus candidatos. <strong>Arce ha sumado apoyo de sus partidarios pero su popularidad est\u00e1 baja<\/strong> y en varios eventos p\u00fablicos ha sido abucheado ante la crisis econ\u00f3mica que acecha al pa\u00eds.<\/p>\n<\/div>\n<\/div>\n<p><br \/>\n<br \/><a href=\"https:\/\/www.clarin.com\/mundo\/evo-morales-desafia-prohibicion-legal-anuncia-candidatura-presidencial-bolivia_0_JThuvbdLvq.html\">Fuente Clarin.com <\/a><\/p>\n","protected":false},"excerpt":{"rendered":"<p>El exmandatario Evo Morales anunci\u00f3 este jueves su candidatura presidencial para las elecciones generales de agosto en Bolivia, pese a que la justicia le impide postularse. En una conferencia de prensa, el l\u00edder ind\u00edgena de 65 a\u00f1os asegur\u00f3 que disputar\u00e1 los comicios al margen del Movimiento Al Socialismo (MAS), el partido gobernante que lider\u00f3 por [&hellip;]<\/p>\n","protected":false},"author":1,"featured_media":6578,"comment_status":"open","ping_status":"open","sticky":false,"template":"","format":"standard","meta":{"footnotes":""},"categories":[2],"tags":[13,475,4640,2573,4637,7482,4638,1331,4397],"class_list":["post-6577","post","type-post","status-publish","format-standard","has-post-thumbnail","hentry","category-ultimas-noticias","tag-anuncia","tag-bolivia","tag-candidatura","tag-desafia","tag-evo","tag-legal","tag-morales","tag-presidencial","tag-prohibicion"],"_links":{"self":[{"href":"https:\/\/13.com.ar\/index.php\/wp-json\/wp\/v2\/posts\/6577","targetHints":{"allow":["GET"]}}],"collection":[{"href":"https:\/\/13.com.ar\/index.php\/wp-json\/wp\/v2\/posts"}],"about":[{"href":"https:\/\/13.com.ar\/index.php\/wp-json\/wp\/v2\/types\/post"}],"author":[{"embeddable":true,"href":"https:\/\/13.com.ar\/index.php\/wp-json\/wp\/v2\/users\/1"}],"replies":[{"embeddable":true,"href":"https:\/\/13.com.ar\/index.php\/wp-json\/wp\/v2\/comments?post=6577"}],"version-history":[{"count":0,"href":"https:\/\/13.com.ar\/index.php\/wp-json\/wp\/v2\/posts\/6577\/revisions"}],"wp:featuredmedia":[{"embeddable":true,"href":"https:\/\/13.com.ar\/index.php\/wp-json\/wp\/v2\/media\/6578"}],"wp:attachment":[{"href":"https:\/\/13.com.ar\/index.php\/wp-json\/wp\/v2\/media?parent=6577"}],"wp:term":[{"taxonomy":"category","embeddable":true,"href":"https:\/\/13.com.ar\/index.php\/wp-json\/wp\/v2\/categories?post=6577"},{"taxonomy":"post_tag","embeddable":true,"href":"https:\/\/13.com.ar\/index.php\/wp-json\/wp\/v2\/tags?post=6577"}],"curies":[{"name":"wp","href":"https:\/\/api.w.org\/{rel}","templated":true}]}}