{"id":6416,"date":"2025-02-20T12:02:38","date_gmt":"2025-02-20T15:02:38","guid":{"rendered":"https:\/\/13.com.ar\/index.php\/pep-guardiola-sufre-la-paliza-del-real-madrid-a-su-manchester-city-y-la-prensa-en-inglaterra-lo-destroza-esta-totalmente-acabado\/"},"modified":"2025-02-20T12:02:38","modified_gmt":"2025-02-20T15:02:38","slug":"pep-guardiola-sufre-la-paliza-del-real-madrid-a-su-manchester-city-y-la-prensa-en-inglaterra-lo-destroza-esta-totalmente-acabado","status":"publish","type":"post","link":"https:\/\/13.com.ar\/index.php\/pep-guardiola-sufre-la-paliza-del-real-madrid-a-su-manchester-city-y-la-prensa-en-inglaterra-lo-destroza-esta-totalmente-acabado\/","title":{"rendered":"Pep Guardiola sufre la paliza del Real Madrid a su Manchester City y la prensa en Inglaterra lo destroza: &#8220;Est\u00e1 totalmente acabado&#8221;"},"content":{"rendered":"<p> <br \/>\n<br \/><img decoding=\"async\" src=\"https:\/\/13.com.ar\/wp-content\/uploads\/2025\/02\/Pep-Guardiola-sufre-la-paliza-del-Real-Madrid-a-su.jpg\" \/><\/p>\n<div>\n<p>Decir que el <strong>Manchester City<\/strong> sufri\u00f3 una paliza frente al<strong> Real Madrid<\/strong> este mi\u00e9rcoles se queda corto. Los ingleses fueron aplastados por Kylian Mbapp\u00e9 y compa\u00f1\u00eda en el Santiago Bernabe\u00fa y ser\u00e1 la primera vez desde la llegada de <strong>Pep Guardiola<\/strong> a las grandes ligas de Europa que un equipo suyo no disputar\u00e1 los octavos de final de la Champions League. Fue una noche dif\u00edcil para el entrenador, quien adimiti\u00f3 que el City est\u00e1 atravesando el &#8220;fin de un ciclo&#8221;, pero eso no lo salv\u00f3 de las duras cr\u00edticas que recibi\u00f3 de la prensa brit\u00e1nica.<\/p>\n<\/div>\n<div>\n<p>Desde tierra brit\u00e1nica aprovecharon la derrota para desquitarse sobre la p\u00e9sima temporada que viene atravesando Guardiola. La temporada actual, a la que todav\u00eda le faltan varios meses, es la peor en cuanto a derrotas en su historia como entrenador. Son 13 las ca\u00eddas del City en 40 partidos, con 7 empates y 20 victorias. El segundo peor registro de su carrera (16 temporadas) data del per\u00edodo 2019\/20, cuando sum\u00f3 12 traspi\u00e9s en 59 duelos en el conjunto ingl\u00e9s.<\/p>\n<\/div>\n<div>\n<p>Estos n\u00fameros desataron titulares como <strong>&#8220;Manchester City es una sombra del equipo que era&#8221;<\/strong> y <strong>&#8220;Guardiola vuelve a tocar fondo en el Bernab\u00e9u&#8221;<\/strong> publicados por <em>Sky<\/em> y <em>The Mirror<\/em>, que son los m\u00e1s leves, porque len Inglaterra suelen ser explosivos a la hora de las cr\u00edticas.<\/p>\n<\/div>\n<div>\n<p>Phil McNulty escribi\u00f3 en <em>bbc.com<\/em> que fue &#8220;una noche lamentable y desesperada para el entrenador Pep Guardiola&#8221; y se enfoc\u00f3 en la mentalidad con la que el City entr\u00f3 a la cancha. Basado en las declaraciones del entrenador previo al encuentro, era claro que empezaron a jugar ya sabiendo que les esperaba un desaf\u00edo casi imposible. &#8220;<strong>El City nunca pareci\u00f3 creer que pod\u00eda lograr la actuaci\u00f3n \u2018perfecta\u2019 que Guardiola afirm\u00f3 que era necesaria para remontar esa desventaja<\/strong>. Esto estuvo tan lejos de la perfecci\u00f3n como se puede llegar a estar&#8221;.<\/p>\n<\/div>\n<div>\n<p>Por su parte, Barney Ronay, columnista en <em>The Guardian<\/em>, describi\u00f3 el partido como <strong>&#8220;un acto de crueldad deportiva prolongada&#8221;<\/strong> y &#8220;una oportunidad para sentarse y observar a los jugadores del Real Madrid arrancarle las alas muy lentamente a una mariposa con camiseta berenjena&#8221;. Esto es solo un reflejo de lo que opina tanto el p\u00fablico general como los hinchas del City. A los aficionados del Real Madrid se les prohibi\u00f3 ingresar con una bandera al estadio que le\u00eda &#8220;No saldr\u00e1s vivo del Bernab\u00e9u&#8221;, pero Ronay expres\u00f3 que &#8220;esa frase s\u00f3lo era cierta a medias,<strong> porque el City tampoco entr\u00f3 vivo al Bernab\u00e9u, ni mostr\u00f3 signos evidentes de animaci\u00f3n<\/strong>&#8220;.<\/p>\n<\/div>\n<div>\n<p>Y concluy\u00f3 describiendo que &#8220;hab\u00eda un patetismo terrible en la imagen de Pep Guardiola al borde de su \u00e1rea t\u00e9cnica&#8221; y que, como bien confirm\u00f3 el mismo Guardiola hace poco tiempo, hablando del &#8220;fin de un ciclo&#8221;, &#8220;ahora hay al menos cierta certeza de que su mejor equipo del City est\u00e1 oficialmente acabado&#8221;.<\/p>\n<\/div>\n<div>\n<p><strong>Rio Ferdinand<\/strong>, leyenda del Manchester United y de la selecci\u00f3n inglesa y comentarista en <em>TNT Sports<\/em>, aport\u00f3: &#8220;Es la primera vez que veo a Guardiola deseando que llegara el pitazo final. Es un equipo sin ninguna confianza y del que solo puedo preguntarme, \u00bfqu\u00e9 va a hacer el resto de la temporada?&#8221;.<\/p>\n<\/div>\n<div>\n<p>Mientras que <strong>Stephen Warnock<\/strong>, exdefensa del Liverpool, a\u00f1adi\u00f3 en BBC :&#8221;Todos llegamos a este partido pensando que ser\u00eda un cl\u00e1sico, por lo visto los \u00faltimos a\u00f1os. Pens\u00e1bamos que ser\u00eda competido, pero nada m\u00e1s lejos de la realidad&#8221;.<\/p>\n<\/div>\n<p><br \/>\n<br \/><a href=\"https:\/\/www.clarin.com\/deportes\/pep-guardiola-sufre-paliza-real-madrid-manchester-city-prensa-inglaterra-destroza-totalmente-acabado_0_I6T7u3CoII.html\">Fuente Clarin.com <\/a><\/p>\n","protected":false},"excerpt":{"rendered":"<p>Decir que el Manchester City sufri\u00f3 una paliza frente al Real Madrid este mi\u00e9rcoles se queda corto. Los ingleses fueron aplastados por Kylian Mbapp\u00e9 y compa\u00f1\u00eda en el Santiago Bernabe\u00fa y ser\u00e1 la primera vez desde la llegada de Pep Guardiola a las grandes ligas de Europa que un equipo suyo no disputar\u00e1 los octavos [&hellip;]<\/p>\n","protected":false},"author":1,"featured_media":6417,"comment_status":"open","ping_status":"open","sticky":false,"template":"","format":"standard","meta":{"footnotes":""},"categories":[2],"tags":[8149,1365,100,8148,300,6255,2755,102,2202,4795,6257,214,101,453,7214],"class_list":["post-6416","post","type-post","status-publish","format-standard","has-post-thumbnail","hentry","category-ultimas-noticias","tag-acabado","tag-city","tag-del","tag-destroza","tag-esta","tag-guardiola","tag-inglaterra","tag-madrid","tag-manchester","tag-paliza","tag-pep","tag-prensa","tag-real","tag-sufre","tag-totalmente"],"_links":{"self":[{"href":"https:\/\/13.com.ar\/index.php\/wp-json\/wp\/v2\/posts\/6416","targetHints":{"allow":["GET"]}}],"collection":[{"href":"https:\/\/13.com.ar\/index.php\/wp-json\/wp\/v2\/posts"}],"about":[{"href":"https:\/\/13.com.ar\/index.php\/wp-json\/wp\/v2\/types\/post"}],"author":[{"embeddable":true,"href":"https:\/\/13.com.ar\/index.php\/wp-json\/wp\/v2\/users\/1"}],"replies":[{"embeddable":true,"href":"https:\/\/13.com.ar\/index.php\/wp-json\/wp\/v2\/comments?post=6416"}],"version-history":[{"count":0,"href":"https:\/\/13.com.ar\/index.php\/wp-json\/wp\/v2\/posts\/6416\/revisions"}],"wp:featuredmedia":[{"embeddable":true,"href":"https:\/\/13.com.ar\/index.php\/wp-json\/wp\/v2\/media\/6417"}],"wp:attachment":[{"href":"https:\/\/13.com.ar\/index.php\/wp-json\/wp\/v2\/media?parent=6416"}],"wp:term":[{"taxonomy":"category","embeddable":true,"href":"https:\/\/13.com.ar\/index.php\/wp-json\/wp\/v2\/categories?post=6416"},{"taxonomy":"post_tag","embeddable":true,"href":"https:\/\/13.com.ar\/index.php\/wp-json\/wp\/v2\/tags?post=6416"}],"curies":[{"name":"wp","href":"https:\/\/api.w.org\/{rel}","templated":true}]}}