{"id":6414,"date":"2025-02-20T11:59:36","date_gmt":"2025-02-20T14:59:36","guid":{"rendered":"https:\/\/13.com.ar\/index.php\/francos-aseguro-que-santiago-caputo-no-corre-riesgo-de-ser-echado\/"},"modified":"2025-02-20T11:59:36","modified_gmt":"2025-02-20T14:59:36","slug":"francos-aseguro-que-santiago-caputo-no-corre-riesgo-de-ser-echado","status":"publish","type":"post","link":"https:\/\/13.com.ar\/index.php\/francos-aseguro-que-santiago-caputo-no-corre-riesgo-de-ser-echado\/","title":{"rendered":"Francos asegur\u00f3 que Santiago Caputo &#8220;no corre riesgo&#8221; de ser echado"},"content":{"rendered":"<p> <br \/>\n<br \/><img decoding=\"async\" src=\"https:\/\/13.com.ar\/wp-content\/uploads\/2025\/02\/Francos-aseguro-que-Santiago-Caputo-no-corre-riesgo-de-ser.jpg\" \/><\/p>\n<div>\n<p>Para quitar a <strong>Javier Milei <\/strong>del centro de la escena del <strong>esc\u00e1ndalo cripto<\/strong>, la decisi\u00f3n en Casa Rosada fue que todas las miradas apuntaran contra <strong>Santiago Caputo<\/strong> por interrumpir la entrevista del Presidente con Jonatan Viale. Sin embargo, desde el Gobierno aseguran que el asesor estrella <strong>&#8220;no corre riesgo&#8221;<\/strong> de ser corrido de sus funciones.<\/p>\n<\/div>\n<div>\n<p>&#8220;El Presidente fue muy claro. No corre riesgo ning\u00fan funcionario, ninguna esta siendo observado en absoluto. Tampoco Santiago Caputo. No va a haber cambios&#8221;, afirm\u00f3 este jueves el jefe de Gabinete, Guillermo Francos.<\/p>\n<\/div>\n<div>\n<p>Ayer, el propio jefe de los ministros hab\u00eda sido muy cr\u00edtico con el integrante del conocido tri\u00e1ngulo de hierro, que integra con los hermanos Milei. <\/p>\n<\/div>\n<div>\n<p>&#8220;Al Presidente le pareci\u00f3 una irresponsabilidad que interrumpiera sin ning\u00fan acuerdo previo con el conductor del programa, y que adem\u00e1s interrumpiera para una estupidez&#8221;, apunt\u00f3 Francos. Y fue categ\u00f3rico al remarcar que el asesor hab\u00eda &#8220;aprendido una lecci\u00f3n, que nadie es superpoderoso&#8221;.<\/p>\n<\/div>\n<p><br \/>\n<br \/><a href=\"https:\/\/www.clarin.com\/politica\/escandalo-cripto-francos-aseguro-santiago-caputo-corre-riesgo-echado_0_UfTZYX3gXh.html\">Fuente Clarin.com <\/a><\/p>\n","protected":false},"excerpt":{"rendered":"<p>Para quitar a Javier Milei del centro de la escena del esc\u00e1ndalo cripto, la decisi\u00f3n en Casa Rosada fue que todas las miradas apuntaran contra Santiago Caputo por interrumpir la entrevista del Presidente con Jonatan Viale. Sin embargo, desde el Gobierno aseguran que el asesor estrella &#8220;no corre riesgo&#8221; de ser corrido de sus funciones. [&hellip;]<\/p>\n","protected":false},"author":1,"featured_media":6415,"comment_status":"open","ping_status":"open","sticky":false,"template":"","format":"standard","meta":{"footnotes":""},"categories":[2],"tags":[2073,45,8146,8147,5190,456,414,1234],"class_list":["post-6414","post","type-post","status-publish","format-standard","has-post-thumbnail","hentry","category-ultimas-noticias","tag-aseguro","tag-caputo","tag-corre","tag-echado","tag-francos","tag-riesgo","tag-santiago","tag-ser"],"_links":{"self":[{"href":"https:\/\/13.com.ar\/index.php\/wp-json\/wp\/v2\/posts\/6414","targetHints":{"allow":["GET"]}}],"collection":[{"href":"https:\/\/13.com.ar\/index.php\/wp-json\/wp\/v2\/posts"}],"about":[{"href":"https:\/\/13.com.ar\/index.php\/wp-json\/wp\/v2\/types\/post"}],"author":[{"embeddable":true,"href":"https:\/\/13.com.ar\/index.php\/wp-json\/wp\/v2\/users\/1"}],"replies":[{"embeddable":true,"href":"https:\/\/13.com.ar\/index.php\/wp-json\/wp\/v2\/comments?post=6414"}],"version-history":[{"count":0,"href":"https:\/\/13.com.ar\/index.php\/wp-json\/wp\/v2\/posts\/6414\/revisions"}],"wp:featuredmedia":[{"embeddable":true,"href":"https:\/\/13.com.ar\/index.php\/wp-json\/wp\/v2\/media\/6415"}],"wp:attachment":[{"href":"https:\/\/13.com.ar\/index.php\/wp-json\/wp\/v2\/media?parent=6414"}],"wp:term":[{"taxonomy":"category","embeddable":true,"href":"https:\/\/13.com.ar\/index.php\/wp-json\/wp\/v2\/categories?post=6414"},{"taxonomy":"post_tag","embeddable":true,"href":"https:\/\/13.com.ar\/index.php\/wp-json\/wp\/v2\/tags?post=6414"}],"curies":[{"name":"wp","href":"https:\/\/api.w.org\/{rel}","templated":true}]}}