{"id":6377,"date":"2025-02-20T09:48:28","date_gmt":"2025-02-20T12:48:28","guid":{"rendered":"https:\/\/13.com.ar\/index.php\/corrian-picadas-causaron-un-choque-multiple-y-murio-un-joven-de-19-anos\/"},"modified":"2025-02-20T09:48:28","modified_gmt":"2025-02-20T12:48:28","slug":"corrian-picadas-causaron-un-choque-multiple-y-murio-un-joven-de-19-anos","status":"publish","type":"post","link":"https:\/\/13.com.ar\/index.php\/corrian-picadas-causaron-un-choque-multiple-y-murio-un-joven-de-19-anos\/","title":{"rendered":"corr\u00edan picadas, causaron un choque m\u00faltiple y muri\u00f3 un joven de 19 a\u00f1os"},"content":{"rendered":"<p> <br \/>\n<br \/><img decoding=\"async\" src=\"https:\/\/13.com.ar\/wp-content\/uploads\/2025\/02\/corrian-picadas-causaron-un-choque-multiple-y-murio-un-joven.jpg\" \/><\/p>\n<div>\n<p>Eran las 1.45 de este jueves cuando comenz\u00f3 una secuencia que termin\u00f3 en un hecho tr\u00e1gico y que dej\u00f3 en conmoci\u00f3n a C\u00f3rdoba. <strong>Un joven de 19 a\u00f1os corr\u00eda una picada junto con otros veh\u00edculos, cuando se estrell\u00f3 y perdi\u00f3 la vida<\/strong>. Producto del violento impacto, otras seis personas resultaron heridas.<\/p>\n<\/div>\n<div>\n<p>El hecho ocurri\u00f3 cerca del Aeropuerto Internacional de C\u00f3rdoba, en <strong>avenida La Voz del Interior al 8500<\/strong>. El suceso qued\u00f3 registrado en un video que grab\u00f3 un testigo en el que se puede ver a los autos circulando a toda velocidad hasta que se produjo el accidente.<\/p>\n<\/div>\n<div>\n<p>En la carrera participaron al menos cuatro veh\u00edculos y dos motos, manejados por j\u00f3venes de entre 19 y 25 a\u00f1os. Un joven, identificado como <strong>Facundo Donat<\/strong>, perdi\u00f3 la vida, mientras que otras seis personas resultaron heridas, una de ellas de gravedad y se encontraba en observaci\u00f3n.<\/p>\n<\/div>\n<p><br \/>\n<br \/><a href=\"https:\/\/www.clarin.com\/sociedad\/cordoba-corrian-picadas-causaron-choque-multiple-murio-joven-19-anos_0_liaBNqrsIP.html\">Fuente Clarin.com <\/a><\/p>\n","protected":false},"excerpt":{"rendered":"<p>Eran las 1.45 de este jueves cuando comenz\u00f3 una secuencia que termin\u00f3 en un hecho tr\u00e1gico y que dej\u00f3 en conmoci\u00f3n a C\u00f3rdoba. Un joven de 19 a\u00f1os corr\u00eda una picada junto con otros veh\u00edculos, cuando se estrell\u00f3 y perdi\u00f3 la vida. Producto del violento impacto, otras seis personas resultaron heridas. El hecho ocurri\u00f3 cerca [&hellip;]<\/p>\n","protected":false},"author":1,"featured_media":6378,"comment_status":"open","ping_status":"open","sticky":false,"template":"","format":"standard","meta":{"footnotes":""},"categories":[2],"tags":[636,8108,428,8107,2842,5232,611,4723],"class_list":["post-6377","post","type-post","status-publish","format-standard","has-post-thumbnail","hentry","category-ultimas-noticias","tag-anos","tag-causaron","tag-choque","tag-corrian","tag-joven","tag-multiple","tag-murio","tag-picadas"],"_links":{"self":[{"href":"https:\/\/13.com.ar\/index.php\/wp-json\/wp\/v2\/posts\/6377","targetHints":{"allow":["GET"]}}],"collection":[{"href":"https:\/\/13.com.ar\/index.php\/wp-json\/wp\/v2\/posts"}],"about":[{"href":"https:\/\/13.com.ar\/index.php\/wp-json\/wp\/v2\/types\/post"}],"author":[{"embeddable":true,"href":"https:\/\/13.com.ar\/index.php\/wp-json\/wp\/v2\/users\/1"}],"replies":[{"embeddable":true,"href":"https:\/\/13.com.ar\/index.php\/wp-json\/wp\/v2\/comments?post=6377"}],"version-history":[{"count":0,"href":"https:\/\/13.com.ar\/index.php\/wp-json\/wp\/v2\/posts\/6377\/revisions"}],"wp:featuredmedia":[{"embeddable":true,"href":"https:\/\/13.com.ar\/index.php\/wp-json\/wp\/v2\/media\/6378"}],"wp:attachment":[{"href":"https:\/\/13.com.ar\/index.php\/wp-json\/wp\/v2\/media?parent=6377"}],"wp:term":[{"taxonomy":"category","embeddable":true,"href":"https:\/\/13.com.ar\/index.php\/wp-json\/wp\/v2\/categories?post=6377"},{"taxonomy":"post_tag","embeddable":true,"href":"https:\/\/13.com.ar\/index.php\/wp-json\/wp\/v2\/tags?post=6377"}],"curies":[{"name":"wp","href":"https:\/\/api.w.org\/{rel}","templated":true}]}}