{"id":6334,"date":"2025-02-20T06:28:36","date_gmt":"2025-02-20T09:28:36","guid":{"rendered":"https:\/\/13.com.ar\/index.php\/los-blends-favoritos-y-la-historia-del-motorhome\/"},"modified":"2025-02-20T06:28:36","modified_gmt":"2025-02-20T09:28:36","slug":"los-blends-favoritos-y-la-historia-del-motorhome","status":"publish","type":"post","link":"https:\/\/13.com.ar\/index.php\/los-blends-favoritos-y-la-historia-del-motorhome\/","title":{"rendered":"los blends favoritos y la historia del motorhome"},"content":{"rendered":"<p> <br \/>\n<\/p>\n<div id=\"cuerpo\">\n<div class=\"sc-80531b6b-0 chRIGJ container-text text-embed\">\n<p>Podr\u00eda ser el sue\u00f1o de muchos. Paula Rufino y Esteban Cirino <strong>viv\u00edan en Buenos Aires, trabajaban en relaci\u00f3n de dependencia<\/strong> en ventas, marketing, atenci\u00f3n al cliente y tambi\u00e9n con emprendimientos propios. Pero en alg\u00fan momento empezaron a pensar que quer\u00edan una <strong>vida m\u00e1s en contacto con la naturaleza<\/strong>.<\/p>\n<\/div>\n<div class=\"sc-80531b6b-0 chRIGJ container-text text-embed\">\n<p>La madre de Paula ya estaba viviendo en Villa de Merlo, <strong>San Luis<\/strong>, y eso facilit\u00f3 la elecci\u00f3n del lugar.<\/p>\n<\/div>\n<div class=\"sc-80531b6b-0 chRIGJ container-text text-embed\">\n<p>\u201cNos encant\u00f3 desde un principio, pero tuvimos que enfrentar muchos miedos\u201d, dice Paula.<\/p>\n<\/div>\n<div class=\"sc-80531b6b-0 chRIGJ container-text text-embed\">\n<p>El plan era instalarse y, en el corto plazo, encontrar trabajar de lo que sab\u00edan. Mandaron \u201cCVs muy lindos\u201d, pero <strong>no sali\u00f3 como pensaban<\/strong>.<\/p>\n<\/div>\n<div class=\"sc-80531b6b-0 chRIGJ container-text text-embed\">\n<p>As\u00ed que mientras reorganizaban sus ideas buscando arrancar con un proyecto propio, <strong>aprovechaban el tiempo haciendo dulces caseros<\/strong>.<\/p>\n<\/div>\n<div class=\"sc-80531b6b-0 chRIGJ container-text text-embed\">\n<p>\u201cComenz\u00f3 un poco de imprevisto, en esto de tener espacios y tiempo de mayor calidad. <strong>Como parte de un juego<\/strong>, empec\u00e9 a elaborar dulces y convidando a familiares y amigos que al tiempo empezaron a querer encargarme y comprar. Ah\u00ed <strong>surgi\u00f3 la idea de hacerlo como negocio de manera m\u00e1s profesional<\/strong>\u201d, cuenta Paula, aunque asegura que no era el proyecto que ten\u00edan en mente.<\/p>\n<\/div>\n<div class=\"sc-198be8ec-0 cynXbu image-embed  image-embed \"><picture class=\"sc-198be8ec-1 kOjRiQ\"><source media=\"(min-width: 975px)\" width=\"720\" height=\"480\" \/><img alt=\"Paula Rufina en su emprendimiento familiar. Foto Los Caminos del T\u00e9\" loading=\"lazy\" width=\"720\" height=\"480\" decoding=\"async\" data-nimg=\"1\" style=\"color:transparent\" src=\"https:\/\/13.com.ar\/wp-content\/uploads\/2025\/02\/los-blends-favoritos-y-la-historia-del-motorhome.jpg\"\/><span class=\"epigraphe\">Paula Rufina en su emprendimiento familiar. Foto Los Caminos del T\u00e9<\/span><span class=\"bkg\"\/><span class=\"picture-open\"><button class=\"open-image\" aria-label=\"Open Image\"\/><\/span><\/picture><\/div>\n<div class=\"sc-80531b6b-0 chRIGJ container-text text-embed\">\n<p>Sus <strong>mermeladas empezaron a venderse en el mercado local<\/strong> y sumaron <strong>licores y conservas<\/strong> mientras la producci\u00f3n -y la demanda- crec\u00eda.<\/p>\n<\/div>\n<div class=\"sc-80531b6b-0 chRIGJ container-text text-embed\">\n<p>Este movimiento los impuls\u00f3 a ir un poco m\u00e1s all\u00e1 y <strong>Paula decidi\u00f3 especializarse en el mundo del t\u00e9 y las hierbas<\/strong>, algo que ten\u00eda a mano en la naturaleza que la rodeaba.<\/p>\n<\/div>\n<div class=\"sc-80531b6b-0 chRIGJ container-text text-embed\">\n<p>\u201cLo del t\u00e9 lo traje de Buenos Aires. Para m\u00ed <strong>siempre fue un cable a tierra<\/strong> y est\u00e1 asociado con lo de los dulces caseros\u201d, cuenta. <\/p>\n<\/div>\n<div class=\"sc-80531b6b-0 chRIGJ container-text text-embed\">\n<p>Es que <strong>\u201cla hora de tomar el t\u00e9\u201d era un momento muy especial para ella<\/strong> mientras viv\u00eda en Buenos Aires. Significaba <strong>compartir y agasajar a sus amigas<\/strong>, \u201csorprenderlas con algo rico\u201d. Y por eso los fines de semana se juntaban en su casa a merendar de manera relajada, pero con todo preparado con esmero. \u201cY siempre ten\u00eda que haber un dulce casero\u201d, asegura Paula.<\/p>\n<\/div>\n<div class=\"sc-198be8ec-0 cynXbu image-embed  image-embed \"><picture class=\"sc-198be8ec-1 kOjRiQ\"><source media=\"(min-width: 975px)\" width=\"720\" height=\"480\" \/><img alt=\"Compartir y agasajar: la hora del t\u00e9 es un momento especial para Paula. Foto Los Caminos del T\u00e9\" loading=\"lazy\" width=\"720\" height=\"480\" decoding=\"async\" data-nimg=\"1\" style=\"color:transparent\" src=\"https:\/\/13.com.ar\/wp-content\/uploads\/2025\/02\/1740043716_600_los-blends-favoritos-y-la-historia-del-motorhome.jpg\"\/><span class=\"epigraphe\">Compartir y agasajar: la hora del t\u00e9 es un momento especial para Paula. Foto Los Caminos del T\u00e9<\/span><span class=\"bkg\"\/><span class=\"picture-open\"><button class=\"open-image\" aria-label=\"Open Image\"\/><\/span><\/picture><\/div>\n<div class=\"sc-80531b6b-0 chRIGJ container-text text-embed\">\n<p>As\u00ed, con la producci\u00f3n de dulces m\u00e1s avanzada, incorporaron eso que tanto le gustaba. Luego de <strong>capacitarse<\/strong> en el tema, llegaron los<strong> blends de t\u00e9<\/strong> (cre\u00f3 m\u00e1s de 80 propios y m\u00e1s de 50 para otras marcas), <strong>mezclas para el mate<\/strong>, <strong>mix de especias<\/strong> y <strong>sales<\/strong> especiales.<\/p>\n<\/div>\n<div class=\"sc-80531b6b-0 chRIGJ container-text text-embed\">\n<p>Con la producci\u00f3n en marcha, tambi\u00e9n lleg\u00f3 la <strong>primera casa de t\u00e9<\/strong>, para invitar a la gente a degustar sus productos y escuchar qu\u00e9 es lo que m\u00e1s les gustaba o analizar qu\u00e9 se llevaban.<\/p>\n<\/div>\n<div class=\"sc-80531b6b-0 chRIGJ container-text text-embed\">\n<p>Los Caminos del T\u00e9, una <strong>pyme familiar<\/strong> avanzaba a paso firme.<\/p>\n<\/div>\n<p><h2>Un volantazo en la historia<\/h2>\n<\/p>\n<div class=\"sc-80531b6b-0 chRIGJ container-text text-embed\">\n<p>En 2019 quisieron hacer un <strong>cambio radical<\/strong>. Se compraron un motorhome y se prepararon para<strong> viajar por el mundo <\/strong>con sus hijos.<\/p>\n<\/div>\n<div class=\"sc-80531b6b-0 chRIGJ container-text text-embed\">\n<p>\u201cFue un gran <strong>ejercicio de desapego<\/strong>, llev\u00e1bamos cinco a\u00f1os con la casa de t\u00e9, hab\u00edamos ampliado al <em>rest\u00f3<\/em> y ven\u00edamos de temporadas de trabajar muchas horas y dedicarle mucho esfuerzo al emprendimiento\u201d, rememora Paula al tiempo que rescata que siempre hab\u00edan tenido el <strong>\u201csue\u00f1o de viajar\u201d<\/strong>.<\/p>\n<\/div>\n<div class=\"sc-198be8ec-0 cynXbu image-embed  image-embed \"><picture class=\"sc-198be8ec-1 kOjRiQ\"><source media=\"(min-width: 975px)\" width=\"720\" height=\"480\" \/><img alt=\"Dulces, tortas y un entorno natural. Foto Los Caminos del T\u00e9\" loading=\"lazy\" width=\"720\" height=\"480\" decoding=\"async\" data-nimg=\"1\" style=\"color:transparent\" src=\"https:\/\/13.com.ar\/wp-content\/uploads\/2025\/02\/1740043716_462_los-blends-favoritos-y-la-historia-del-motorhome.jpg\"\/><span class=\"epigraphe\">Dulces, tortas y un entorno natural. Foto Los Caminos del T\u00e9<\/span><span class=\"bkg\"\/><span class=\"picture-open\"><button class=\"open-image\" aria-label=\"Open Image\"\/><\/span><\/picture><\/div>\n<div class=\"sc-80531b6b-0 chRIGJ container-text text-embed\">\n<p>As\u00ed que <strong>vendieron el fondo de comercio<\/strong>, vendieron tambi\u00e9n muchas cosas de la casa&#8230; pero el plan no sali\u00f3 como pensaban.<\/p>\n<\/div>\n<div class=\"sc-80531b6b-0 chRIGJ container-text text-embed\">\n<p><strong>Cuando lleg\u00f3 el momento de partir, lleg\u00f3 la pandemia.<\/strong><\/p>\n<\/div>\n<div class=\"sc-80531b6b-0 chRIGJ container-text text-embed\">\n<p>\u201cEsperamos mucho tiempo e intentamos emprender el viaje varias veces, pero <strong>siempre suced\u00eda algo que nos frenaba<\/strong>. Nos pasaban cosas que hasta nos resultaban raras, siempre se romp\u00eda algo o alguno se enfermaba y no pod\u00edamos arrancar\u201d, cuenta Paula.<\/p>\n<\/div>\n<div class=\"sc-198be8ec-0 cynXbu image-embed  image-embed \"><picture class=\"sc-198be8ec-1 kOjRiQ\"><source media=\"(min-width: 975px)\" width=\"720\" height=\"480\" \/><img alt=\"Hierbas serranas. Foto Los Caminos del T\u00e9\" loading=\"lazy\" width=\"720\" height=\"480\" decoding=\"async\" data-nimg=\"1\" style=\"color:transparent\" src=\"https:\/\/13.com.ar\/wp-content\/uploads\/2025\/02\/1740043716_40_los-blends-favoritos-y-la-historia-del-motorhome.jpg\"\/><span class=\"epigraphe\">Hierbas serranas. Foto Los Caminos del T\u00e9<\/span><span class=\"bkg\"\/><span class=\"picture-open\"><button class=\"open-image\" aria-label=\"Open Image\"\/><\/span><\/picture><\/div>\n<div class=\"sc-80531b6b-0 chRIGJ container-text text-embed\">\n<p>Entendieron que \u201cla vida nos estaba marcando otro camino\u201d.<\/p>\n<\/div>\n<div class=\"sc-80531b6b-0 chRIGJ container-text text-embed\">\n<p>Con el encierro, la producci\u00f3n volvi\u00f3 a arrancar en casa y muchos volvieron a contactarlos con pedidos. La maquinaria, de a poco, comenzaba a reactivarse<\/p>\n<\/div>\n<div class=\"sc-80531b6b-0 chRIGJ container-text text-embed\">\n<p>\u201cLa gente necesitaba<strong> consumir cosas vinculadas con el bienestar<\/strong> en medio de la pandemia; hab\u00eda mucho estr\u00e9s\u201d, dice Paula.<\/p>\n<\/div>\n<p><h2>C\u00f3mo es la casa de t\u00e9<\/h2>\n<\/p>\n<div class=\"sc-80531b6b-0 chRIGJ container-text text-embed\">\n<p>Ubicada en Ruta 1 y Los Mandarinos, en <strong>Carpinter\u00eda <\/strong>(10 minutos de Merlo), abrieron en 2023 un <strong>nuevo lugar para recibir visitantes <\/strong>con el nombre que los identifica, Los Caminos del T\u00e9.<\/p>\n<\/div>\n<p><iframe title=\"Carpinter\u00eda\" aria-label=\"Mapas de ubicaci\u00f3n\" id=\"datawrapper-chart-1abGM\" src=\"https:\/\/datawrapper.dwcdn.net\/1abGM\/1\/\" scrolling=\"no\" frameborder=\"0\" style=\"width: 0; min-width: 100% !important; border: none;\" height=\"565\" data-external=\"1\"><\/iframe><\/p>\n<div class=\"sc-80531b6b-0 chRIGJ container-text text-embed\">\n<p>Entre las propuestas para disfrutar de los sabores y los paisajes naturales tienen<strong> circuitos de plantas arom\u00e1ticas y medicinales<\/strong>, ofrecen degustaci\u00f3n de productos, venden la producci\u00f3n y se puede acompa\u00f1ar con opciones dulces y saladas.<\/p>\n<\/div>\n<div class=\"sc-80531b6b-0 chRIGJ container-text text-embed\">\n<p>\u201cTenemos <strong>muchos espacios en el exterior<\/strong>, una hermosa vista a las sierras, un bosque de olivos hermoso, una plantaci\u00f3n de lavanda, un <strong>vivero<\/strong> de herb\u00e1ceas y plantas aut\u00f3ctonas.<strong> La gente puede conocer aqu\u00ed cada una de las plantas que usamos en nuestros blends<\/strong>\u201d, explica Paula y agrega que tienen <strong>visitas guiadas<\/strong>, que abren todos los d\u00edas (en temporada alta, a la ma\u00f1ana y a la tarde; en baja el servicio de t\u00e9\/merienda se brinda solo por la tarde; para informes: locacaminosdelte.ar; en Instagram @loscaminosdelte).<\/p>\n<\/div>\n<div class=\"sc-80531b6b-0 chRIGJ container-text text-embed\">\n<p>Todo esto tambi\u00e9n se puede saborear en la casa de t\u00e9, con una carta que incluye sus blends, hebras importadas y <strong>pasteler\u00eda<\/strong> que se produce exclusivamente para quienes visitan el lugar.<\/p>\n<\/div>\n<div class=\"sc-198be8ec-0 cynXbu image-embed  image-embed \"><picture class=\"sc-198be8ec-1 kOjRiQ\"><source media=\"(min-width: 975px)\" width=\"720\" height=\"480\" \/><img alt=\"Espacios al aire libre en la casa de t\u00e9. Foto Los Caminos del T\u00e9\" loading=\"lazy\" width=\"720\" height=\"480\" decoding=\"async\" data-nimg=\"1\" style=\"color:transparent\" src=\"https:\/\/13.com.ar\/wp-content\/uploads\/2025\/02\/1740043716_251_los-blends-favoritos-y-la-historia-del-motorhome.jpg\"\/><span class=\"epigraphe\">Espacios al aire libre en la casa de t\u00e9. Foto Los Caminos del T\u00e9<\/span><span class=\"bkg\"\/><span class=\"picture-open\"><button class=\"open-image\" aria-label=\"Open Image\"\/><\/span><\/picture><\/div>\n<div class=\"sc-80531b6b-0 chRIGJ container-text text-embed\">\n<p><strong>Uno de los blends m\u00e1s famosos es Flores del Valle<\/strong>, que tiene una base de t\u00e9 verde, hierbas y flores de la zona. Es uno de los productos estrella: la gente lo prueba y se lo lleva para consumir en casa.<\/p>\n<\/div>\n<div class=\"sc-80531b6b-0 chRIGJ container-text text-embed\">\n<p>Otro se llama Flores del Bosque (&#8220;inspirado en el lugar donde viv\u00edamos, es muy frutal&#8221;, dice Paula) y tambi\u00e9n se pide mucho Brisa Serrana, un blend inspirado en la sierra ya que tiene ingredientes como eucalipto y lim\u00f3n. &#8220;Sol de Oto\u00f1o es un blend inspirado en esta estaci\u00f3n del a\u00f1o y D\u00eda de Sol&#8230; si hay algo que representa a esta zona de Merlo es el sol y los <strong>d\u00edas siempre despejados y hermosos<\/strong>&#8220;, explica.<\/p>\n<\/div>\n<div class=\"sc-198be8ec-0 cynXbu image-embed  image-embed \"><picture class=\"sc-198be8ec-1 kOjRiQ\"><source media=\"(min-width: 975px)\" width=\"720\" height=\"480\" \/><img alt=\"Producci\u00f3n colorida para llevar a casa. Foto Los Caminos del T\u00e9\" loading=\"lazy\" width=\"720\" height=\"480\" decoding=\"async\" data-nimg=\"1\" style=\"color:transparent\" src=\"https:\/\/13.com.ar\/wp-content\/uploads\/2025\/02\/1740043716_763_los-blends-favoritos-y-la-historia-del-motorhome.jpg\"\/><span class=\"epigraphe\">Producci\u00f3n colorida para llevar a casa. Foto Los Caminos del T\u00e9<\/span><span class=\"bkg\"\/><span class=\"picture-open\"><button class=\"open-image\" aria-label=\"Open Image\"\/><\/span><\/picture><\/div>\n<div class=\"sc-80531b6b-0 chRIGJ container-text text-embed\">\n<p>Actualmente tienen <strong>m\u00e1s de 700 clientes en todo el pa\u00eds<\/strong>, trabajan con 15 empleados, certificaron como Marca Pa\u00eds y <strong>proyectan abrir un sistema de franquicias y hacer su primera exportaci\u00f3n<\/strong>.<\/p>\n<\/div>\n<div class=\"sc-80531b6b-0 chRIGJ container-text text-embed\">\n<p>\u00bfEl motorhome? Lo vendieron para abrir la casa de t\u00e9.<\/p>\n<\/div>\n<div class=\"sc-80531b6b-0 chRIGJ container-text text-embed\">\n<p>Pero para Paula es muy importante <strong>apoyar a los emprendedores<\/strong> y por eso entre sus pr\u00f3ximos objetivos est\u00e1 el de tener una academia dedicada a personas que buscan emprender, con acompa\u00f1amiento en los inicios, la organizaci\u00f3n, la promoci\u00f3n de los productos, etc.<\/p>\n<\/div>\n<\/div>\n<p><br \/>\n<br \/><a href=\"https:\/\/www.clarin.com\/viajes\/empezaron-haciendo-dulces-pueblo-san-luis-abrieron-casa-quieren-lanzar-franquicias-blends-favoritos-historia-motorhome_0_n80ibh2Cj4.html\">Fuente Clarin.com <\/a><\/p>\n","protected":false},"excerpt":{"rendered":"<p>Podr\u00eda ser el sue\u00f1o de muchos. Paula Rufino y Esteban Cirino viv\u00edan en Buenos Aires, trabajaban en relaci\u00f3n de dependencia en ventas, marketing, atenci\u00f3n al cliente y tambi\u00e9n con emprendimientos propios. Pero en alg\u00fan momento empezaron a pensar que quer\u00edan una vida m\u00e1s en contacto con la naturaleza. La madre de Paula ya estaba viviendo [&hellip;]<\/p>\n","protected":false},"author":1,"featured_media":6335,"comment_status":"open","ping_status":"open","sticky":false,"template":"","format":"standard","meta":{"footnotes":""},"categories":[2],"tags":[8078,100,6498,1329,28,8079],"class_list":["post-6334","post","type-post","status-publish","format-standard","has-post-thumbnail","hentry","category-ultimas-noticias","tag-blends","tag-del","tag-favoritos","tag-historia","tag-los","tag-motorhome"],"_links":{"self":[{"href":"https:\/\/13.com.ar\/index.php\/wp-json\/wp\/v2\/posts\/6334","targetHints":{"allow":["GET"]}}],"collection":[{"href":"https:\/\/13.com.ar\/index.php\/wp-json\/wp\/v2\/posts"}],"about":[{"href":"https:\/\/13.com.ar\/index.php\/wp-json\/wp\/v2\/types\/post"}],"author":[{"embeddable":true,"href":"https:\/\/13.com.ar\/index.php\/wp-json\/wp\/v2\/users\/1"}],"replies":[{"embeddable":true,"href":"https:\/\/13.com.ar\/index.php\/wp-json\/wp\/v2\/comments?post=6334"}],"version-history":[{"count":0,"href":"https:\/\/13.com.ar\/index.php\/wp-json\/wp\/v2\/posts\/6334\/revisions"}],"wp:featuredmedia":[{"embeddable":true,"href":"https:\/\/13.com.ar\/index.php\/wp-json\/wp\/v2\/media\/6335"}],"wp:attachment":[{"href":"https:\/\/13.com.ar\/index.php\/wp-json\/wp\/v2\/media?parent=6334"}],"wp:term":[{"taxonomy":"category","embeddable":true,"href":"https:\/\/13.com.ar\/index.php\/wp-json\/wp\/v2\/categories?post=6334"},{"taxonomy":"post_tag","embeddable":true,"href":"https:\/\/13.com.ar\/index.php\/wp-json\/wp\/v2\/tags?post=6334"}],"curies":[{"name":"wp","href":"https:\/\/api.w.org\/{rel}","templated":true}]}}