{"id":6306,"date":"2025-02-20T04:20:28","date_gmt":"2025-02-20T07:20:28","guid":{"rendered":"https:\/\/13.com.ar\/index.php\/la-historia-detras-de-su-nombre-y-su-significado\/"},"modified":"2025-02-20T04:20:28","modified_gmt":"2025-02-20T07:20:28","slug":"la-historia-detras-de-su-nombre-y-su-significado","status":"publish","type":"post","link":"https:\/\/13.com.ar\/index.php\/la-historia-detras-de-su-nombre-y-su-significado\/","title":{"rendered":"la historia detr\u00e1s de su nombre y su significado"},"content":{"rendered":"<p> <br \/>\n<\/p>\n<div id=\"cuerpo\">\n<div class=\"sc-80531b6b-0 chRIGJ container-text text-embed\">\n<p><strong>Buenos Aires<\/strong> es la capital de la Rep\u00fablica Argentina y una de las ciudades m\u00e1s influyentes de Am\u00e9rica Latina. Con su gran importancia pol\u00edtica, cultural y econ\u00f3mica, ha sido testigo de numerosos momentos hist\u00f3ricos que marcaron no solo al pa\u00eds, sino tambi\u00e9n a la regi\u00f3n. Su dinamismo y crecimiento la han consolidado como una metr\u00f3poli moderna que mezcla lo antiguo con lo contempor\u00e1neo.<\/p>\n<\/div>\n<div class=\"sc-80531b6b-0 chRIGJ container-text text-embed\">\n<p>A lo largo de los siglos, Buenos Aires ha experimentado <strong>diferentes transformaciones <\/strong>que reflejan su adaptabilidad y capacidad de reinventarse.<\/p>\n<\/div>\n<div class=\"sc-80531b6b-0 chRIGJ container-text text-embed\">\n<p>Desde su fundaci\u00f3n hasta la actualidad, ha sido un crisol de culturas, en el que se han forjado <strong>costumbres, tradiciones y una identidad propia<\/strong> que la distingue en el contexto global.<\/p>\n<\/div>\n<div class=\"sc-80531b6b-0 chRIGJ container-text text-embed\">\n<p>Pero, \u00bf<strong>qui\u00e9n le puso \u201cBuenos Aires\u201d<\/strong> a Buenos Aires? Aunque muchos la conocen en el mundo, pocos saben los motivos de su nombre y las historias detr\u00e1s de su origen.<\/p>\n<\/div>\n<p><h2>Qui\u00e9n le puso el nombre de Buenos Aires<\/h2>\n<\/p>\n<div class=\"sc-198be8ec-0 cynXbu image-embed  image-embed \"><picture class=\"sc-198be8ec-1 kOjRiQ\"><source media=\"(min-width: 975px)\" width=\"720\" height=\"480\" \/><img alt=\"La primera fundaci\u00f3n, cuando Pedro de Mendoza arrib\u00f3 a las orillas del R\u00edo de la Plata, en febrero de 1536.\" loading=\"lazy\" width=\"720\" height=\"480\" decoding=\"async\" data-nimg=\"1\" style=\"color:transparent\" src=\"https:\/\/13.com.ar\/wp-content\/uploads\/2025\/02\/la-historia-detras-de-su-nombre-y-su-significado.jpg\"\/><span class=\"epigraphe\">La primera fundaci\u00f3n, cuando Pedro de Mendoza arrib\u00f3 a las orillas del R\u00edo de la Plata, en febrero de 1536.<\/span><span class=\"bkg\"\/><span class=\"picture-open\"><button class=\"open-image\" aria-label=\"Open Image\"\/><\/span><\/picture><\/div>\n<div class=\"sc-80531b6b-0 chRIGJ container-text text-embed\">\n<p>El nombre &#8220;Buenos Aires&#8221; se asign\u00f3 a la ciudad por primera vez el <strong>2 de febrero de 1536<\/strong>, cuando el navegante y conquistador <strong>Pedro de Mendoza<\/strong> y sus hombres arribaron a las orillas del R\u00edo de la Plata.<\/p>\n<\/div>\n<div class=\"sc-80531b6b-0 chRIGJ container-text text-embed\">\n<p>Mendoza, quien lider\u00f3 una de las primeras expediciones espa\u00f1olas hacia lo que hoy es Argentina, no fund\u00f3 la ciudad en el sentido formal, pero <strong>su llegada marc\u00f3 el inicio del asentamiento en la regi\u00f3n.<\/strong> El mismo d\u00eda de su desembarco coincidi\u00f3 con la celebraci\u00f3n de la <strong>fiesta de la Epifan\u00eda<\/strong>, lo que les dio un trasfondo religioso a los eventos.<\/p>\n<\/div>\n<div class=\"sc-80531b6b-0 chRIGJ container-text text-embed\">\n<p>Decidieron establecerse en la orilla sur del r\u00edo y fundaron un asentamiento, al cual llamaron <strong>&#8220;Puerto de Nuestra Se\u00f1ora Santa Mar\u00eda del Buen Aire&#8221;<\/strong>, un nombre que, adem\u00e1s de rendir <strong>homenaje a la Virgen Mar\u00eda<\/strong>, reflejaba las <strong>buenas condiciones del viento<\/strong> que soplaban en ese momento.<\/p>\n<\/div>\n<div class=\"sc-4306f4f9-0 bAPCpp\">\n<div class=\"inner-card-m\">\n<div class=\"related-content\">\n<p><span class=\"body-title\">Mir\u00e1 tambi\u00e9n<\/span><\/p>\n<h3>Cu\u00e1ntos habitantes tiene San Miguel de Tucum\u00e1n<\/h3>\n<source media=\"(min-width: 975px)\" width=\"340\" height=\"340\" \/><img alt=\"Cu\u00e1ntos habitantes tiene San Miguel de Tucum\u00e1n\" loading=\"lazy\" width=\"340\" height=\"340\" decoding=\"async\" data-nimg=\"1\" style=\"color:transparent\" src=\"https:\/\/13.com.ar\/wp-content\/uploads\/2025\/02\/1740036028_398_la-historia-detras-de-su-nombre-y-su-significado.jpg\"\/><\/div>\n<\/div>\n<\/div>\n<div class=\"sc-80531b6b-0 chRIGJ container-text text-embed\">\n<p>El nombre &#8220;Buenos Aires&#8221; se document\u00f3 por primera vez a trav\u00e9s de un relato del cronista alem\u00e1n Ulrico Schmidl, quien tambi\u00e9n form\u00f3 parte de la expedici\u00f3n. En su relato, Schmidl menciona que la ciudad fue llamada <strong>&#8220;Bonas Ayers&#8221;<\/strong>, que en alem\u00e1n se traduce como &#8220;buen viento&#8221; (guter Windt).<\/p>\n<\/div>\n<div class=\"sc-80531b6b-0 chRIGJ container-text text-embed\">\n<p>Esta denominaci\u00f3n no solo hac\u00eda referencia al viento favorable que soplaba durante el desembarco, sino que tambi\u00e9n simbolizaba la <strong>esperanza de los colonizadores<\/strong> de que el buen viento los acompa\u00f1ara en su traves\u00eda hacia el establecimiento de un nuevo asentamiento en estas tierras lejanas. El nombre reflejaba la promesa de un futuro pr\u00f3spero, dado que el viento favorable era un <strong>presagio de \u00e9xito<\/strong> para los colonizadores.<\/p>\n<\/div>\n<div class=\"sc-80531b6b-0 chRIGJ container-text text-embed\">\n<p>A pesar de las buenas expectativas que el nombre &#8220;Buenos Aires&#8221; representaba, la historia de la ciudad comenz\u00f3 con algunas dificultades. La primera fundaci\u00f3n fue r\u00e1pidamente atacada por los pueblos originarios, <strong>lo que oblig\u00f3 a los colonizadores a abandonar el asentamiento<\/strong>. A lo largo de los a\u00f1os, varios intentos de repoblaci\u00f3n fueron frustrados debido a la resistencia local y a las dificultades del entorno.<\/p>\n<\/div>\n<div class=\"sc-198be8ec-0 cynXbu image-embed  image-embed \"><picture class=\"sc-198be8ec-1 kOjRiQ\"><source media=\"(min-width: 975px)\" width=\"720\" height=\"480\" \/><img alt=\"Oleo de la 2da Fundacion de Buenos Aires, por Juan de Garay, en 1580. Foto: Coleccion del Museo Historico Nacional.\" loading=\"lazy\" width=\"720\" height=\"480\" decoding=\"async\" data-nimg=\"1\" style=\"color:transparent\" src=\"https:\/\/13.com.ar\/wp-content\/uploads\/2025\/02\/1740036028_725_la-historia-detras-de-su-nombre-y-su-significado.jpg\"\/><span class=\"epigraphe\">Oleo de la 2da Fundacion de Buenos Aires, por Juan de Garay, en 1580. Foto: Coleccion del Museo Historico Nacional.<\/span><span class=\"bkg\"\/><span class=\"picture-open\"><button class=\"open-image\" aria-label=\"Open Image\"\/><\/span><\/picture><\/div>\n<div class=\"sc-80531b6b-0 chRIGJ container-text text-embed\">\n<p>No fue hasta <strong>1580<\/strong> que Juan de Garay, otro conquistador espa\u00f1ol, complet\u00f3 lo que hoy conocemos como la <strong>fundaci\u00f3n definitiva<\/strong> de la ciudad de Buenos Aires, consolidando su posici\u00f3n como un asentamiento estable y duradero en la regi\u00f3n.<\/p>\n<\/div>\n<div class=\"sc-80531b6b-0 chRIGJ container-text text-embed\">\n<p>Con el paso del tiempo, el nombre &#8220;Buenos Aires&#8221;, que inicialmente estaba vinculado a un peque\u00f1o puerto y a las buenas condiciones del viento, pas\u00f3 a ser<strong> el s\u00edmbolo de una ciudad <\/strong>que, tras superar adversidades, se convirti\u00f3 en la capital de la Rep\u00fablica Argentina.<\/p>\n<\/div>\n<div class=\"sc-80531b6b-0 chRIGJ container-text text-embed\">\n<p>El nombre no solo perdur\u00f3, sino que es un <strong>emblema cultural, econ\u00f3mico y social <\/strong>de gran importancia no solo para el pa\u00eds, sino tambi\u00e9n para toda Am\u00e9rica Latina. As\u00ed, &#8220;Buenos Aires&#8221; es hoy una ciudad con una identidad \u00fanica, en la que la esperanza y las circunstancias que rodearon su creaci\u00f3n inicial continuan siendo parte de su historia y su evoluci\u00f3n.<\/p>\n<\/div>\n<\/div>\n<p><br \/>\n<br \/><a href=\"https:\/\/www.clarin.com\/informacion-general\/buenos-aires-historia-detras-nombre-significado_0_45cyqJF2kD.html\">Fuente Clarin.com <\/a><\/p>\n","protected":false},"excerpt":{"rendered":"<p>Buenos Aires es la capital de la Rep\u00fablica Argentina y una de las ciudades m\u00e1s influyentes de Am\u00e9rica Latina. Con su gran importancia pol\u00edtica, cultural y econ\u00f3mica, ha sido testigo de numerosos momentos hist\u00f3ricos que marcaron no solo al pa\u00eds, sino tambi\u00e9n a la regi\u00f3n. Su dinamismo y crecimiento la han consolidado como una metr\u00f3poli [&hellip;]<\/p>\n","protected":false},"author":1,"featured_media":6307,"comment_status":"open","ping_status":"open","sticky":false,"template":"","format":"standard","meta":{"footnotes":""},"categories":[2],"tags":[269,1329,182,588],"class_list":["post-6306","post","type-post","status-publish","format-standard","has-post-thumbnail","hentry","category-ultimas-noticias","tag-detras","tag-historia","tag-nombre","tag-significado"],"_links":{"self":[{"href":"https:\/\/13.com.ar\/index.php\/wp-json\/wp\/v2\/posts\/6306","targetHints":{"allow":["GET"]}}],"collection":[{"href":"https:\/\/13.com.ar\/index.php\/wp-json\/wp\/v2\/posts"}],"about":[{"href":"https:\/\/13.com.ar\/index.php\/wp-json\/wp\/v2\/types\/post"}],"author":[{"embeddable":true,"href":"https:\/\/13.com.ar\/index.php\/wp-json\/wp\/v2\/users\/1"}],"replies":[{"embeddable":true,"href":"https:\/\/13.com.ar\/index.php\/wp-json\/wp\/v2\/comments?post=6306"}],"version-history":[{"count":0,"href":"https:\/\/13.com.ar\/index.php\/wp-json\/wp\/v2\/posts\/6306\/revisions"}],"wp:featuredmedia":[{"embeddable":true,"href":"https:\/\/13.com.ar\/index.php\/wp-json\/wp\/v2\/media\/6307"}],"wp:attachment":[{"href":"https:\/\/13.com.ar\/index.php\/wp-json\/wp\/v2\/media?parent=6306"}],"wp:term":[{"taxonomy":"category","embeddable":true,"href":"https:\/\/13.com.ar\/index.php\/wp-json\/wp\/v2\/categories?post=6306"},{"taxonomy":"post_tag","embeddable":true,"href":"https:\/\/13.com.ar\/index.php\/wp-json\/wp\/v2\/tags?post=6306"}],"curies":[{"name":"wp","href":"https:\/\/api.w.org\/{rel}","templated":true}]}}