{"id":6304,"date":"2025-02-20T03:49:56","date_gmt":"2025-02-20T06:49:56","guid":{"rendered":"https:\/\/13.com.ar\/index.php\/recapturaron-a-otro-de-los-presos-que-se-escapo-de-una-comisaria-de-balvanera\/"},"modified":"2025-02-20T03:49:56","modified_gmt":"2025-02-20T06:49:56","slug":"recapturaron-a-otro-de-los-presos-que-se-escapo-de-una-comisaria-de-balvanera","status":"publish","type":"post","link":"https:\/\/13.com.ar\/index.php\/recapturaron-a-otro-de-los-presos-que-se-escapo-de-una-comisaria-de-balvanera\/","title":{"rendered":"Recapturaron a otro de los presos que se escap\u00f3 de una comisar\u00eda de Balvanera"},"content":{"rendered":"<p> <br \/>\n<\/p>\n<div id=\"cuerpo\">\n<div class=\"sc-80531b6b-0 chRIGJ container-text text-embed\">\n<p>Jos\u00e9 Ignacio Soria, <strong>uno de los seis presos que se fug\u00f3<\/strong> el martes de la comisar\u00eda de Balvanera, <strong>fue detenido<\/strong> este mi\u00e9rcoles por la noche en Recoleta. Es el segundo de los hombres que escap\u00f3 que pudo ser atrapado, mientras que de los otros cuatro todav\u00eda se desconoce su paradero.<\/p>\n<\/div>\n<div class=\"sc-80531b6b-0 chRIGJ container-text text-embed\">\n<p>Soria fue localizado cuando<strong> caminaba por la calle<\/strong> Anchorena al 100, a poco m\u00e1s de 1.000 metros de Lavalle al 2600, donde se encuentra la Comisar\u00eda Vecinal 3A en la que estaba alojado.<\/p>\n<\/div>\n<div class=\"sc-80531b6b-0 chRIGJ container-text text-embed\">\n<p>El joven fue detenido por personal de la Divisi\u00f3n Capturas y Pr\u00f3fugos de la Polic\u00eda de la Ciudad y puesto <strong>a disposici\u00f3n de la Justicia por el delito de evasi\u00f3n<\/strong>, que se suma a las causas por las cuales se encontraba en aquella dependencia.<\/p>\n<\/div>\n<div class=\"sc-80531b6b-0 chRIGJ container-text text-embed\">\n<p>El <strong>primero de los pr\u00f3fugos recapturados<\/strong> hab\u00eda sido Mat\u00edas \u00c1lvarez, quien fue atrapado en la avenida D\u00edaz V\u00e9lez al 3300, horas despu\u00e9s de que se escap\u00f3 de la comisar\u00eda.<\/p>\n<\/div>\n<div class=\"sc-80531b6b-0 chRIGJ container-text text-embed\">\n<p>Los investigadores trabajan para conocer d\u00f3nde se encuentran Nahuel M\u00e9ndez, de nacionalidad argentina, y los ciudadanos chilenos Rojas Sol\u00eds, D\u00edaz Contreras y Mart\u00edn Alfredo Maldonado Villalobo.<\/p>\n<\/div>\n<div class=\"sc-198be8ec-0 cynXbu image-embed  image-embed \"><picture class=\"sc-198be8ec-1 kOjRiQ\"><source media=\"(min-width: 975px)\" width=\"720\" height=\"480\" \/><img alt=\"Todav\u00edan quedan cuatro pr\u00f3fugos de los seis que escaparon de la comisar\u00eda de Balvanera.\" loading=\"lazy\" width=\"720\" height=\"480\" decoding=\"async\" data-nimg=\"1\" style=\"color:transparent\" src=\"https:\/\/13.com.ar\/wp-content\/uploads\/2025\/02\/Recapturaron-a-otro-de-los-presos-que-se-escapo-de.jpg\"\/><span class=\"epigraphe\">Todav\u00edan quedan cuatro pr\u00f3fugos de los seis que escaparon de la comisar\u00eda de Balvanera.<\/span><span class=\"bkg\"\/><span class=\"picture-open\"><button class=\"open-image\" aria-label=\"Open Image\"\/><\/span><\/picture><\/div>\n<div class=\"sc-80531b6b-0 chRIGJ container-text text-embed\">\n<p>Su escape, que se produjo justo el d\u00eda en el que el ministro de Seguridad de la Ciudad, Waldo Wolff, deb\u00eda presentarse en la Legislatura porte\u00f1a para dar explicaciones sobre la ola de fugas, fue el tercero registrado en ese distrito en lo que va del a\u00f1o.<\/p>\n<\/div>\n<div class=\"sc-80531b6b-0 chRIGJ container-text text-embed\">\n<p>Producto de los reiterados casos, el bloque de Legisladores de Uni\u00f3n por la Patria pidi\u00f3 que se cite al funcionario porte\u00f1o para este martes. &#8220;Queremos saber cu\u00e1l es el plan de la Ciudad para que de una vez por todas dejen de fugarse los detenidos&#8221;, expresaron desde ese espacio opositor.<\/p>\n<\/div>\n<div class=\"sc-80531b6b-0 chRIGJ container-text text-embed\">\n<p>Sin embargo, la cita fue reprogramada para el mi\u00e9rcoles 26 de febrero en el Sal\u00f3n Montevideo de la Legislatura.<\/p>\n<\/div>\n<p><h2>Ola de fugas en la Ciudad de Buenos Aires<\/h2>\n<\/p>\n<div class=\"sc-80531b6b-0 chRIGJ container-text text-embed\">\n<p>En el a\u00f1o ya fueron 13 los presos que se fugaron de comisar\u00edas porte\u00f1as, algunos de ellos recapturados.<\/p>\n<\/div>\n<div class=\"sc-80531b6b-0 chRIGJ container-text text-embed\">\n<p>El domingo por la tarde, un preso de nacionalidad peruana escap\u00f3 de la Comisar\u00eda Vecinal 1D, en Lavalle 451, pleno microcentro porte\u00f1o.<\/p>\n<\/div>\n<div class=\"sc-80531b6b-0 chRIGJ container-text text-embed\">\n<p>Se trata de Wilson Marcelo Ram\u00edrez R\u00edos, quien estaba detenido por encubrimiento agravado, falsificaci\u00f3n de documentaci\u00f3n p\u00fablica y resistencia a la autoridad.<\/p>\n<\/div>\n<div class=\"sc-80531b6b-0 chRIGJ container-text text-embed\">\n<p>El detenido, que al momento de escapar estaba vestido con musculosa azul y short negro, huy\u00f3 a trav\u00e9s de una de las ventanas del primer piso de la comisar\u00eda. Desde all\u00ed, baj\u00f3 hasta la vereda, y se fue corriendo con sentido a la avenida 9 de Julio.<\/p>\n<\/div>\n<div class=\"sc-80531b6b-0 chRIGJ container-text text-embed\">\n<p>El domingo 9, exactamente una semana atr\u00e1s, seis presos se escaparon de la Comisar\u00eda Vecinal 6A de Caballito. Uno de ellos, Eduardo Ajalla Cabrera, de 39 a\u00f1os, tiene una causa por homicidio y todav\u00eda no fue recapturado.<\/p>\n<\/div>\n<div class=\"sc-80531b6b-0 chRIGJ container-text text-embed\">\n<p>Otro escape hab\u00eda sido frustrado el 22 de enero, luego de que se detectasen &#8220;actividades sospechosas&#8221; y &#8220;ruidos inusuales&#8221; en la alcaid\u00eda 8Bis de la Ciudad.<\/p>\n<\/div>\n<div class=\"sc-80531b6b-0 chRIGJ container-text text-embed\">\n<p>En esa ocasi\u00f3n y al inspeccionar una de las celdas, descubrieron que los presos estaban haciendo un boquete por el que presumiblemente intentar\u00edan escapar m\u00e1s tarde.<\/p>\n<\/div>\n<\/div>\n<p><br \/>\n<br \/><a href=\"https:\/\/www.clarin.com\/policiales\/recapturaron-presos-escapo-comisaria-balvanera_0_I0Ddm29ThQ.html\">Fuente Clarin.com <\/a><\/p>\n","protected":false},"excerpt":{"rendered":"<p>Jos\u00e9 Ignacio Soria, uno de los seis presos que se fug\u00f3 el martes de la comisar\u00eda de Balvanera, fue detenido este mi\u00e9rcoles por la noche en Recoleta. Es el segundo de los hombres que escap\u00f3 que pudo ser atrapado, mientras que de los otros cuatro todav\u00eda se desconoce su paradero. Soria fue localizado cuando caminaba [&hellip;]<\/p>\n","protected":false},"author":1,"featured_media":6305,"comment_status":"open","ping_status":"open","sticky":false,"template":"","format":"standard","meta":{"footnotes":""},"categories":[2],"tags":[7617,4216,1410,28,366,2285,8052,73],"class_list":["post-6304","post","type-post","status-publish","format-standard","has-post-thumbnail","hentry","category-ultimas-noticias","tag-balvanera","tag-comisaria","tag-escapo","tag-los","tag-otro","tag-presos","tag-recapturaron","tag-una"],"_links":{"self":[{"href":"https:\/\/13.com.ar\/index.php\/wp-json\/wp\/v2\/posts\/6304","targetHints":{"allow":["GET"]}}],"collection":[{"href":"https:\/\/13.com.ar\/index.php\/wp-json\/wp\/v2\/posts"}],"about":[{"href":"https:\/\/13.com.ar\/index.php\/wp-json\/wp\/v2\/types\/post"}],"author":[{"embeddable":true,"href":"https:\/\/13.com.ar\/index.php\/wp-json\/wp\/v2\/users\/1"}],"replies":[{"embeddable":true,"href":"https:\/\/13.com.ar\/index.php\/wp-json\/wp\/v2\/comments?post=6304"}],"version-history":[{"count":0,"href":"https:\/\/13.com.ar\/index.php\/wp-json\/wp\/v2\/posts\/6304\/revisions"}],"wp:featuredmedia":[{"embeddable":true,"href":"https:\/\/13.com.ar\/index.php\/wp-json\/wp\/v2\/media\/6305"}],"wp:attachment":[{"href":"https:\/\/13.com.ar\/index.php\/wp-json\/wp\/v2\/media?parent=6304"}],"wp:term":[{"taxonomy":"category","embeddable":true,"href":"https:\/\/13.com.ar\/index.php\/wp-json\/wp\/v2\/categories?post=6304"},{"taxonomy":"post_tag","embeddable":true,"href":"https:\/\/13.com.ar\/index.php\/wp-json\/wp\/v2\/tags?post=6304"}],"curies":[{"name":"wp","href":"https:\/\/api.w.org\/{rel}","templated":true}]}}