{"id":6302,"date":"2025-02-20T01:41:27","date_gmt":"2025-02-20T04:41:27","guid":{"rendered":"https:\/\/13.com.ar\/index.php\/la-critica-de-mascherano-tras-el-triunfo-del-inter-miami-de-messi-a-17-grados-bajo-cero-es-inhumano\/"},"modified":"2025-02-20T01:41:27","modified_gmt":"2025-02-20T04:41:27","slug":"la-critica-de-mascherano-tras-el-triunfo-del-inter-miami-de-messi-a-17-grados-bajo-cero-es-inhumano","status":"publish","type":"post","link":"https:\/\/13.com.ar\/index.php\/la-critica-de-mascherano-tras-el-triunfo-del-inter-miami-de-messi-a-17-grados-bajo-cero-es-inhumano\/","title":{"rendered":"La cr\u00edtica de Mascherano tras el triunfo del Inter Miami de Messi a 17 grados bajo cero: &#8220;Es inhumano&#8221;"},"content":{"rendered":"<p> <br \/>\n<br \/><img decoding=\"async\" src=\"https:\/\/13.com.ar\/wp-content\/uploads\/2025\/02\/La-critica-de-Mascherano-tras-el-triunfo-del-Inter-Miami.jpg\" \/><\/p>\n<div>\n<p><strong>Kansas puso el fr\u00edo y Lionel Messi la magia<\/strong>. El triunfo por 1-0 del <strong>Inter Miami <\/strong>por la <strong>Champions de la Concacaf<\/strong> dej\u00f3 este mi\u00e9rcoles muy contento a <strong>Javier Mascherano<\/strong>, que sigue invicto como DT del conjunto estadounidense desde que asumi\u00f3 en reemplazo de Gerardo Martino. El entrenador se mostr\u00f3 &#8220;orgulloso&#8221; de sus jugadores, pero dej\u00f3 una <strong>fuerte cr\u00edtica <\/strong>despu\u00e9s de haber soportado disputar el encuentro con una <strong>temperatura de 17 grados bajo cero:<\/strong> <strong>&#8220;Es inhumano&#8221;<\/strong>.<\/p>\n<\/div>\n<div>\n<p>&#8220;<strong>Estoy muy orgulloso de ellos, porque creo que es imposible jugar en estas condiciones. Es inhumano<\/strong>. Ellos entregaron el ciento por ciento, con intensidad, con mucha actitud. Estamos felices, en el entretiempo de la serie, intentaremos descansar despu\u00e9s de un partido muy dif\u00edcil y pensar en el s\u00e1bado para el inicio de la MLS&#8221;, respondi\u00f3 Mascherano, en conferencia de prensa.<\/p>\n<\/div>\n<div>\n<p>Y despu\u00e9s describi\u00f3 un poco m\u00e1s: &#8220;<strong>Nosotros fuera no sent\u00edamos, sobre todo las extremidades del cuerpo<\/strong>&#8230; Llega un momento en que no las sent\u00ed. Hablamos con los jugadores y les pasaba lo mismo. Es muy dif\u00edcil cuando a los cinco-diez minutos ya no empez\u00e1s a sentir los pies, las manos&#8221;.<\/p>\n<\/div>\n<div>\n<p>&#8220;<strong>Y claro, al final el f\u00fatbol es un deporte donde necesit\u00e1s una cierta sensibilidad y si no la ten\u00e9s es muy dif\u00edcil poder desarrollar tu juego<\/strong>. Creo que nos adaptamos gracias a la actitud y la personalidad de los jugadores, que han tenido una personalidad b\u00e1rbara para jugar este tipo de partidos sabiendo que \u00edbamos a tener que lucharlo, que pelearlo, que muchas veces las condiciones del campo, por el piso duro, por todo lo que hab\u00eda nevado, iba a ser molesto. Y supimos jugarlo y nos llevamos un resultado que obviamente es muy importante para nosotros&#8221;, analiz\u00f3.<\/p>\n<\/div>\n<div>\n<p>&#8220;Quiz\u00e1 para la gente que le conocemos es normal porque ha hecho cosas como esta mil veces, pero somos muy afortunados de tenerle en nuestro equipo&#8221;, reconoci\u00f3 sobre la acci\u00f3n en la que Messi control\u00f3 con el pecho, enganch\u00f3 hacia afuera y defini\u00f3 cruzado de derecha.<\/p>\n<\/div>\n<div>\n<p>Por \u00faltimo, el entrenador santafesino insisti\u00f3 en que una prioridad para su Inter Miami es <strong>&#8220;estar bien organizados defensivamente, tratar de no dar demasiados espacios al rival e ir adapt\u00e1ndonos a cada rival que nos va a tocar&#8221;<\/strong>.<\/p>\n<\/div>\n<div>\n<p>&#8220;Creo que el equipo nunca perdi\u00f3 la forma, siempre estuvo organizado, supo convivir con pasajes del partido donde sab\u00edamos que \u00edbamos a sufrir un poco y lo hicimos con naturalidad. Siempre es importante terminar con cero en nuestro arco sabiendo que nosotros, de mitad hacia adelante, tenemos gente que suele hacer la diferencia&#8221;, argument\u00f3.<\/p>\n<\/div>\n<p><br \/>\n<br \/><a href=\"https:\/\/www.clarin.com\/deportes\/critica-mascherano-triunfo-inter-miami-messi-17-grados-cero-inhumano_0_lZCk0XUpzi.html\">Fuente Clarin.com <\/a><\/p>\n","protected":false},"excerpt":{"rendered":"<p>Kansas puso el fr\u00edo y Lionel Messi la magia. El triunfo por 1-0 del Inter Miami por la Champions de la Concacaf dej\u00f3 este mi\u00e9rcoles muy contento a Javier Mascherano, que sigue invicto como DT del conjunto estadounidense desde que asumi\u00f3 en reemplazo de Gerardo Martino. El entrenador se mostr\u00f3 &#8220;orgulloso&#8221; de sus jugadores, pero [&hellip;]<\/p>\n","protected":false},"author":1,"featured_media":6303,"comment_status":"open","ping_status":"open","sticky":false,"template":"","format":"standard","meta":{"footnotes":""},"categories":[2],"tags":[1063,8050,885,100,2927,8051,1292,8049,708,4714,312,2027],"class_list":["post-6302","post","type-post","status-publish","format-standard","has-post-thumbnail","hentry","category-ultimas-noticias","tag-bajo","tag-cero","tag-critica","tag-del","tag-grados","tag-inhumano","tag-inter","tag-mascherano","tag-messi","tag-miami","tag-tras","tag-triunfo"],"_links":{"self":[{"href":"https:\/\/13.com.ar\/index.php\/wp-json\/wp\/v2\/posts\/6302","targetHints":{"allow":["GET"]}}],"collection":[{"href":"https:\/\/13.com.ar\/index.php\/wp-json\/wp\/v2\/posts"}],"about":[{"href":"https:\/\/13.com.ar\/index.php\/wp-json\/wp\/v2\/types\/post"}],"author":[{"embeddable":true,"href":"https:\/\/13.com.ar\/index.php\/wp-json\/wp\/v2\/users\/1"}],"replies":[{"embeddable":true,"href":"https:\/\/13.com.ar\/index.php\/wp-json\/wp\/v2\/comments?post=6302"}],"version-history":[{"count":0,"href":"https:\/\/13.com.ar\/index.php\/wp-json\/wp\/v2\/posts\/6302\/revisions"}],"wp:featuredmedia":[{"embeddable":true,"href":"https:\/\/13.com.ar\/index.php\/wp-json\/wp\/v2\/media\/6303"}],"wp:attachment":[{"href":"https:\/\/13.com.ar\/index.php\/wp-json\/wp\/v2\/media?parent=6302"}],"wp:term":[{"taxonomy":"category","embeddable":true,"href":"https:\/\/13.com.ar\/index.php\/wp-json\/wp\/v2\/categories?post=6302"},{"taxonomy":"post_tag","embeddable":true,"href":"https:\/\/13.com.ar\/index.php\/wp-json\/wp\/v2\/tags?post=6302"}],"curies":[{"name":"wp","href":"https:\/\/api.w.org\/{rel}","templated":true}]}}