{"id":6297,"date":"2025-02-20T00:17:35","date_gmt":"2025-02-20T03:17:35","guid":{"rendered":"https:\/\/13.com.ar\/index.php\/esta-epoca-del-hiperconsumo-termina-por-alienarnos\/"},"modified":"2025-02-20T00:17:35","modified_gmt":"2025-02-20T03:17:35","slug":"esta-epoca-del-hiperconsumo-termina-por-alienarnos","status":"publish","type":"post","link":"https:\/\/13.com.ar\/index.php\/esta-epoca-del-hiperconsumo-termina-por-alienarnos\/","title":{"rendered":"\u201cEsta \u00e9poca del hiperconsumo termina por alienarnos\u201d"},"content":{"rendered":"<p> <br \/>\n<br \/><img decoding=\"async\" src=\"https:\/\/13.com.ar\/wp-content\/uploads\/2025\/02\/Esta-epoca-del-hiperconsumo-termina-por-alienarnos.jpg\" \/><\/p>\n<div id=\"cuerpo\">\n<div class=\"sc-80531b6b-0 chRIGJ container-text text-embed\">\n<p>Estamos abrumados por la informaci\u00f3n, las exigencias y las aspiraciones, pero el tiempo nunca alcanza para atenderlas todas. Esta din\u00e1mica genera estr\u00e9s y contribuye a la epidemia de dolores y enfermedades que azotan a Occidente. Vivimos en la era del hiperconsumo.<\/p>\n<\/div>\n<div class=\"sc-80531b6b-0 chRIGJ container-text text-embed\">\n<p>Se suele creer que los avances tecnol\u00f3gicos han venido a simplificarnos la vida. Aislados, pueden parecer beneficiosos, pero en conjunto nos arrastran a una parafernalia capitalista que termina por alienarnos.<\/p>\n<\/div>\n<div class=\"sc-80531b6b-0 chRIGJ container-text text-embed\">\n<p>As\u00ed como el exceso de placer deriva en sufrimiento, la sobreabundancia de opciones y supuestas comodidades se convierte en una fuente de angustia.<\/p>\n<\/div>\n<div class=\"sc-80531b6b-0 chRIGJ container-text text-embed\">\n<p>La verdadera libertad es mental y constituye la mejor defensa contra la vor\u00e1gine ideol\u00f3gica que impregna el entorno medi\u00e1tico, mercantil y cientificista en el que estamos inmersos.<\/p>\n<\/div>\n<div class=\"sc-80531b6b-0 chRIGJ container-text text-embed\">\n<p>Para estimular esa libertad, ser\u00eda necesario un profundo cambio cultural, m\u00e1s humanista. El hombre posee una espiritualidad natural que hoy permanece latente. Deber\u00edamos fomentarla de manera laica y libre, pues en estos tiempos puede ser un refugio frente a la locura cotidiana.<\/p>\n<\/div>\n<div class=\"sc-80531b6b-0 chRIGJ container-text text-embed\">\n<p>En la antig\u00fcedad, los pueblos buscaban vivir en armon\u00eda con la naturaleza porque cre\u00edan que as\u00ed complac\u00edan a sus dioses. Hoy, desmitificadas las fuerzas naturales, el mito se ha trasladado a la econom\u00eda y la rentabilidad. Pero con la naturaleza no se juega: su \u201cfuria\u201d no tiene l\u00edmites. Tampoco se negocia con ella, porque carece de deseos y temores, y es inmune a la corrupci\u00f3n.<\/p>\n<\/div>\n<div class=\"sc-80531b6b-0 chRIGJ container-text text-embed\">\n<p><strong>Jorge Ballario \/ <\/strong>jballario@coyspu.com.ar<\/p>\n<\/div>\n<p><h2>M\u00e1s sobre Milei y el esc\u00e1ndalo cripto<\/h2>\n<\/p>\n<div class=\"sc-80531b6b-0 chRIGJ container-text text-embed\">\n<p>El mismo Milei lo dije durante el fantoche de entrevista ante Viale: \u201cYo actu\u00e9 como difundidor del negocio en mi rol de ciudadano\u201d, refiri\u00e9ndose al esc\u00e1ndalo de timba en el que est\u00e1 involucrado.<\/p>\n<\/div>\n<div class=\"sc-80531b6b-0 chRIGJ container-text text-embed\">\n<p>Entonces, por qu\u00e9 lo defienden el ministro de Justicia, el ministro de Econom\u00eda y el vocero?. \u00bfNo tendr\u00eda que tener, este genio de la econom\u00eda, patrocinios particulares, no \u00e9stos tan impresentables como \u00e9l y que, dicho sea de paso nosotros, los que sufrimos el ajuste encima les pagamos los sueldos? \u00bfPor qu\u00e9 no ponen esa millonada que les robaron a esos giles de cuarta  en el Pami para volver a tener los remedios gratis?<\/p>\n<\/div>\n<div class=\"sc-80531b6b-0 chRIGJ container-text text-embed\">\n<p>No, seguro se la van a repartir entre los 3 poderes del Estado&#8230;<\/p>\n<\/div>\n<div class=\"sc-80531b6b-0 chRIGJ container-text text-embed\">\n<p><strong>Miguel Ram\u00f3n de Pe\u00f3n \/ <\/strong>ramon.depeon@hotmail.com<\/p>\n<\/div>\n<div class=\"sc-80531b6b-0 chRIGJ container-text text-embed\">\n<p>La historia nos habla de personas que oficiaron en un segundo plano, detr\u00e1s del primer mandatario, fuera este rey, zar, presidente o primer ministro. Son conocidos con el nombre de Monje Negro. Rasput\u00edn fue la exacerbaci\u00f3n de tal conducta.<\/p>\n<\/div>\n<div class=\"sc-80531b6b-0 chRIGJ container-text text-embed\">\n<p>A trav\u00e9s de los tiempos siempre han habido este tipo de funcionarios acicateando desde bambalinas. Nuestro pa\u00eds no ha estado exento de ellos. Los han habido en el pasado, lejano y reciente.<\/p>\n<\/div>\n<div class=\"sc-80531b6b-0 chRIGJ container-text text-embed\">\n<p>En el actual Gobierno nacional, m\u00e1s de uno, est\u00e1 en lucha contra extra\u00f1os y especialmente contra propios, originando constantes salidas del Gabinete. Que todo lo bueno de esta administraci\u00f3n no se empa\u00f1e por tales actitudes titiriteras.<\/p>\n<\/div>\n<div class=\"sc-80531b6b-0 chRIGJ container-text text-embed\">\n<p><strong>Guillermo Luis Bravo \/ <\/strong>guillermoluisbravo@yahoo.com.ar<\/p>\n<\/div>\n<div class=\"sc-80531b6b-0 chRIGJ container-text text-embed\">\n<p>Jur\u00eddicamente la astucia es la maniobra dolosa para inducir al otro en el error. Y, a diferencia de la belleza que se tiene o no se tiene de nacimiento, la astucia es un don que se puede aprender.<\/p>\n<\/div>\n<div class=\"sc-80531b6b-0 chRIGJ container-text text-embed\">\n<p>Cristina Fern\u00e1ndez aprendi\u00f3 el arte de la astucia vendiendo adornados paquetes pol\u00edticos sin contenido. Siempre ha dicho lo que el otro quiere escuchar aunque de hecho la idea le repugne. Si atrae votos, lo malo se convierte en bueno.<\/p>\n<\/div>\n<div class=\"sc-80531b6b-0 chRIGJ container-text text-embed\">\n<p>El presidente Milei no ha aprendido el arte de la astucia todav\u00eda. Dice lo que piensa y circunscribe su pensamiento al mismo, olvidando que la realidad abarca mucho m\u00e1s que nuestra visi\u00f3n de las cosas.<\/p>\n<\/div>\n<div class=\"sc-80531b6b-0 chRIGJ container-text text-embed\">\n<p>Se\u00f1or Presidente, si quiere triunfar en pol\u00edtica, deje sus anteojeras ideol\u00f3gicas derechistas y empiece a hacer lo que funciona para todos. El esc\u00e1ndalo de las criptomonedas es una clara advertencia de que nadie se las sabe todas, y que en pol\u00edtica las buenas intenciones no existen.<\/p>\n<\/div>\n<div class=\"sc-80531b6b-0 chRIGJ container-text text-embed\">\n<p>Si las hizo, pague y vuelva al camino de Alberdi. Lamentablemente le ha dado la raz\u00f3n a su oponente. Si va a hacer una presidencia-casino, al menos sea astuto y deje el que croupier sea otro, como hizo su antecesora en otros aspectos.<\/p>\n<\/div>\n<div class=\"sc-80531b6b-0 chRIGJ container-text text-embed\">\n<p><strong>Gustavo Gil \/ <\/strong>gustavogil68@hotmail.com<\/p>\n<\/div>\n<div class=\"sc-80531b6b-0 chRIGJ container-text text-embed\">\n<p>Javier Milei se manifest\u00f3 p\u00fablicamente sobre el esc\u00e1ndalo por la promoci\u00f3n de la criptomoneda $LIBRA negando su responsabilidad y afirmando: \u201cObr\u00e9 de buena fe y me com\u00ed un cachetazo\u201d.<\/p>\n<\/div>\n<div class=\"sc-80531b6b-0 chRIGJ container-text text-embed\">\n<p>Innegablemente el hecho evidencia una preocupante falla de gesti\u00f3n de su parte, as\u00ed como tambi\u00e9n de su equipo de colaboradores m\u00e1s cercanos, y, por sobre todas las cosas, la ineficacia de los servicios de Inteligencia que permitieron el acceso directo a la figura presidencial de personas de dudosa moralidad y trayectoria profesional con objetivos empresariales criptos poco claros, lo cual denota la fr\u00e1gil seguridad que rodea a Javier Milei que posibilita que \u201cse coma un cachetazo\u201d.<\/p>\n<\/div>\n<div class=\"sc-80531b6b-0 chRIGJ container-text text-embed\">\n<p>El esc\u00e1ndalo le brinda la oportunidad para que ordene sus conductas para proceder en el futuro con coherencia y racionalidad y, a la vez, para determinar con severidad quienes son los colaboradores que debe mantener a su lado.<\/p>\n<\/div>\n<div class=\"sc-80531b6b-0 chRIGJ container-text text-embed\">\n<p><strong>Oscar Edgardo Garc\u00eda \/ <\/strong>osedgar@yahoo.com<\/p>\n<\/div>\n<div class=\"sc-80531b6b-0 chRIGJ container-text text-embed\">\n<p>He visto mucha gente autolesionada por el mal manejo de las motosierras. El descargo de Mieli frente a un periodista oficialista fue lamentable en algunos pasajes, si sab\u00eda que es un negocio de riesgo para timberos cabe preguntarse por qu\u00e9 lo difundi\u00f3 o promocion\u00f3 si a priori no lo ignoraba, \u00bfno era para que las pymes tuviesen acceso al Capital?, es una contradicci\u00f3n flagrante.<\/p>\n<\/div>\n<div class=\"sc-80531b6b-0 chRIGJ container-text text-embed\">\n<p>Despu\u00e9s que no eran 44.000 eran solo 5.000 personas como para justificar que el fraude de un privado no es tan importante. Luego se refiri\u00f3 al escorpi\u00f3n haciendo un reconto  de sus fechor\u00edas que a esta altura me importa muy poco de ella con  su banda de forajidos, y comparaciones como  una discusi\u00f3n de barrio.<\/p>\n<\/div>\n<div class=\"sc-80531b6b-0 chRIGJ container-text text-embed\">\n<p>Generar confianza cosa que hab\u00eda logrado para muchos lleva a\u00f1os y no lo logran, tuvo la habilidad en poco tiempo de lograrlo  y ahora me da la sensaci\u00f3n de haber tirado todo por la borda. Generando un tembladeral con perjuicios econ\u00f3micos para todos los 46 millones de argentinos.  No creo sinceramente pese a mis observaciones objetivas  que est\u00e9 involucrado como beneficiario, pero por lo menos fue negligente e imprudente en sus formas de relacionarse con bandidos que pululan en las redes crypto. En lo sucesivo sugiero que  a los presidentes hay que sacarles los celulares.<\/p>\n<\/div>\n<div class=\"sc-80531b6b-0 chRIGJ container-text text-embed\">\n<p><strong>Roberto S\u00e1nchez \/ <\/strong>sanchezroberto03@yahoo.com.ar<\/p>\n<\/div>\n<\/div>\n<p><br \/>\n<br \/><a href=\"https:\/\/www.clarin.com\/cartas-al-pais\/epoca-hiperconsumo-termina-alienarnos_0_z0CghejkiJ.html\">Fuente Clarin.com <\/a><\/p>\n","protected":false},"excerpt":{"rendered":"<p>Estamos abrumados por la informaci\u00f3n, las exigencias y las aspiraciones, pero el tiempo nunca alcanza para atenderlas todas. Esta din\u00e1mica genera estr\u00e9s y contribuye a la epidemia de dolores y enfermedades que azotan a Occidente. Vivimos en la era del hiperconsumo. Se suele creer que los avances tecnol\u00f3gicos han venido a simplificarnos la vida. Aislados, [&hellip;]<\/p>\n","protected":false},"author":1,"featured_media":6298,"comment_status":"open","ping_status":"open","sticky":false,"template":"","format":"standard","meta":{"footnotes":""},"categories":[2],"tags":[8045,100,1853,300,8044,142,3957],"class_list":["post-6297","post","type-post","status-publish","format-standard","has-post-thumbnail","hentry","category-ultimas-noticias","tag-alienarnos","tag-del","tag-epoca","tag-esta","tag-hiperconsumo","tag-por","tag-termina"],"_links":{"self":[{"href":"https:\/\/13.com.ar\/index.php\/wp-json\/wp\/v2\/posts\/6297","targetHints":{"allow":["GET"]}}],"collection":[{"href":"https:\/\/13.com.ar\/index.php\/wp-json\/wp\/v2\/posts"}],"about":[{"href":"https:\/\/13.com.ar\/index.php\/wp-json\/wp\/v2\/types\/post"}],"author":[{"embeddable":true,"href":"https:\/\/13.com.ar\/index.php\/wp-json\/wp\/v2\/users\/1"}],"replies":[{"embeddable":true,"href":"https:\/\/13.com.ar\/index.php\/wp-json\/wp\/v2\/comments?post=6297"}],"version-history":[{"count":0,"href":"https:\/\/13.com.ar\/index.php\/wp-json\/wp\/v2\/posts\/6297\/revisions"}],"wp:featuredmedia":[{"embeddable":true,"href":"https:\/\/13.com.ar\/index.php\/wp-json\/wp\/v2\/media\/6298"}],"wp:attachment":[{"href":"https:\/\/13.com.ar\/index.php\/wp-json\/wp\/v2\/media?parent=6297"}],"wp:term":[{"taxonomy":"category","embeddable":true,"href":"https:\/\/13.com.ar\/index.php\/wp-json\/wp\/v2\/categories?post=6297"},{"taxonomy":"post_tag","embeddable":true,"href":"https:\/\/13.com.ar\/index.php\/wp-json\/wp\/v2\/tags?post=6297"}],"curies":[{"name":"wp","href":"https:\/\/api.w.org\/{rel}","templated":true}]}}