{"id":6295,"date":"2025-02-19T23:46:38","date_gmt":"2025-02-20T02:46:38","guid":{"rendered":"https:\/\/13.com.ar\/index.php\/el-gobierno-transformo-al-banco-nacion-en-una-sociedad-anonima\/"},"modified":"2025-02-19T23:46:38","modified_gmt":"2025-02-20T02:46:38","slug":"el-gobierno-transformo-al-banco-nacion-en-una-sociedad-anonima","status":"publish","type":"post","link":"https:\/\/13.com.ar\/index.php\/el-gobierno-transformo-al-banco-nacion-en-una-sociedad-anonima\/","title":{"rendered":"El Gobierno transform\u00f3 al Banco Naci\u00f3n en una Sociedad An\u00f3nima"},"content":{"rendered":"<p> <br \/>\n<br \/><img decoding=\"async\" src=\"https:\/\/13.com.ar\/wp-content\/uploads\/2025\/02\/El-Gobierno-transformo-al-Banco-Nacion-en-una-Sociedad-Anonima.jpg\" \/><\/p>\n<div>\n<p>El vocero presidencial, Manuel Adorni, anunci\u00f3 este mi\u00e9rcoles por la noche que Javier Milei firm\u00f3 el decreto que transforma al Banco Naci\u00f3n en una sociedad an\u00f3nima.<\/p>\n<\/div>\n<div>\n<p>Lo hizo a trav\u00e9s de un mensaje en las redes sociales, en un mensaje que complet\u00f3 con la frase &#8220;Dios bendiga a la Rep\u00fablica Argentina&#8221; y su tradicional &#8220;Fin&#8221;.<\/p>\n<\/div>\n<div>\n<p>En el inicio de su gesti\u00f3n, el Gobierno hab\u00eda incluido al Banco Naci\u00f3n en el listado de empresas a privatizar. Finalmente, la entidad fue excluida de ese listado por el Congreso. <\/p>\n<\/div>\n<div>\n<p>Desde ese momento, la intenci\u00f3n del equipo que encabeza Daniel Tillard fue avanzar en la transformaci\u00f3n del banco en una sociedad an\u00f3nima, poniendo como espejo a lo que ocurre con el Banco do Brasil, en el pa\u00eds vecino.<\/p>\n<\/div>\n<div>\n<p>&#8220;La transformaci\u00f3n en SA es imprescindible para que el Banco contin\u00fae aumentando los pr\u00e9stamos a favor de las PyMEs y las familias. Para sostener ese crecimiento, la instituci\u00f3n necesitar\u00e1 ampliar su fondeo, lo que podr\u00e1 hacer abriendo su capital, para lo cual es esencial que se convierta en Sociedad An\u00f3nima y que tenga la aprobaci\u00f3n del Congreso&#8221;, explic\u00f3 la entidad bancaria en un comunicado publicado en su sitio web oficial el pasado lunes 27 de enero.<\/p>\n<\/div>\n<p><br \/>\n<br \/><a href=\"https:\/\/www.clarin.com\/politica\/gobierno-transformo-banco-nacion-sociedad-anonima_0_lSeZdIunDv.html\">Fuente Clarin.com <\/a><\/p>\n","protected":false},"excerpt":{"rendered":"<p>El vocero presidencial, Manuel Adorni, anunci\u00f3 este mi\u00e9rcoles por la noche que Javier Milei firm\u00f3 el decreto que transforma al Banco Naci\u00f3n en una sociedad an\u00f3nima. Lo hizo a trav\u00e9s de un mensaje en las redes sociales, en un mensaje que complet\u00f3 con la frase &#8220;Dios bendiga a la Rep\u00fablica Argentina&#8221; y su tradicional &#8220;Fin&#8221;. [&hellip;]<\/p>\n","protected":false},"author":1,"featured_media":6296,"comment_status":"open","ping_status":"open","sticky":false,"template":"","format":"standard","meta":{"footnotes":""},"categories":[2],"tags":[8043,1957,71,1240,2032,8042,73],"class_list":["post-6295","post","type-post","status-publish","format-standard","has-post-thumbnail","hentry","category-ultimas-noticias","tag-anonima","tag-banco","tag-gobierno","tag-nacion","tag-sociedad","tag-transformo","tag-una"],"_links":{"self":[{"href":"https:\/\/13.com.ar\/index.php\/wp-json\/wp\/v2\/posts\/6295","targetHints":{"allow":["GET"]}}],"collection":[{"href":"https:\/\/13.com.ar\/index.php\/wp-json\/wp\/v2\/posts"}],"about":[{"href":"https:\/\/13.com.ar\/index.php\/wp-json\/wp\/v2\/types\/post"}],"author":[{"embeddable":true,"href":"https:\/\/13.com.ar\/index.php\/wp-json\/wp\/v2\/users\/1"}],"replies":[{"embeddable":true,"href":"https:\/\/13.com.ar\/index.php\/wp-json\/wp\/v2\/comments?post=6295"}],"version-history":[{"count":0,"href":"https:\/\/13.com.ar\/index.php\/wp-json\/wp\/v2\/posts\/6295\/revisions"}],"wp:featuredmedia":[{"embeddable":true,"href":"https:\/\/13.com.ar\/index.php\/wp-json\/wp\/v2\/media\/6296"}],"wp:attachment":[{"href":"https:\/\/13.com.ar\/index.php\/wp-json\/wp\/v2\/media?parent=6295"}],"wp:term":[{"taxonomy":"category","embeddable":true,"href":"https:\/\/13.com.ar\/index.php\/wp-json\/wp\/v2\/categories?post=6295"},{"taxonomy":"post_tag","embeddable":true,"href":"https:\/\/13.com.ar\/index.php\/wp-json\/wp\/v2\/tags?post=6295"}],"curies":[{"name":"wp","href":"https:\/\/api.w.org\/{rel}","templated":true}]}}