{"id":6284,"date":"2025-02-19T22:55:12","date_gmt":"2025-02-20T01:55:12","guid":{"rendered":"https:\/\/13.com.ar\/index.php\/la-emocion-de-alejandra-maglietti-al-contar-que-esta-embarazada\/"},"modified":"2025-02-19T22:55:12","modified_gmt":"2025-02-20T01:55:12","slug":"la-emocion-de-alejandra-maglietti-al-contar-que-esta-embarazada","status":"publish","type":"post","link":"https:\/\/13.com.ar\/index.php\/la-emocion-de-alejandra-maglietti-al-contar-que-esta-embarazada\/","title":{"rendered":"La emoci\u00f3n de Alejandra Maglietti al contar que est\u00e1 embarazada"},"content":{"rendered":"<p> <br \/>\n<br \/><img decoding=\"async\" src=\"https:\/\/13.com.ar\/wp-content\/uploads\/2025\/02\/La-emocion-de-Alejandra-Maglietti-al-contar-que-esta-embarazada.jpg\" \/><\/p>\n<div>\n<p>Al aire en <em>Bendita TV<\/em> (El Nueve), <strong>Alejandra Maglietti<\/strong>, a pura emoci\u00f3n, cont\u00f3 que est\u00e1 esperando su primer hijo.<\/p>\n<\/div>\n<div>\n<p>La panelista cont\u00f3 que est\u00e1 atravesando la semana n\u00famero 13 de embarazo.<\/p>\n<\/div>\n<div>\n<p>Luego de contar la feliz noticia, Maglietti recibi\u00f3 el fuerte abrazo de Beto Casella, conductor del ciclo, y todos sus compa\u00f1eros.<\/p>\n<\/div>\n<div>\n<p>En su cuenta de Instagram, Maglietti comparti\u00f3 con sus seguidores: &#8220;Hoy quiero compartir con ustedes una alegr\u00eda inmensa\u2026 <strong>\u00a1Estoy embarazada! \u2764\ufe0f Una nueva etapa comienza y quer\u00eda compartirla con ustedes&#8221;.<\/strong><\/p>\n<\/div>\n<div>\n<p>&#8220;Pero esta bendici\u00f3n no viene sola, porque en estos d\u00edas tambi\u00e9n recib\u00ed algo que me llena el alma: el cari\u00f1o de tanta gente hermosa que me acompa\u00f1a y me desea lo mejor. <strong>Sus mensajes, su amor y sus palabras tan lindas me hicieron sentir m\u00e1s querida que nunca&#8221;<\/strong>, sigui\u00f3 la tambi\u00e9n abogada.<\/p>\n<\/div>\n<div>\n<p>&#8220;Gracias, de coraz\u00f3n, por estar, por compartir esta felicidad conmigo y por hacerme sentir que esta familia es mucho m\u00e1s grande de lo que imaginaba. Se viene un camino nuevo y quiero que sean parte de cada paso. \u00a1Los quiero much\u00edsimo!&#8221;, cerr\u00f3 Maglietti en su mensaje, que acompa\u00f1\u00f3 con una foto suya en Bendita TV, donde por primera vez deja ver su pancita de embarazada.<\/p>\n<\/div>\n<div>\n<p>R\u00e1pidamente su posteo se llen\u00f3 de likes y mensajes de felicidad de parte de sus cerca de 2 millones de seguidores.<\/p>\n<\/div>\n<p><br \/>\n<br \/><a href=\"https:\/\/www.clarin.com\/fama\/emocion-alejandra-maglietti-contar-embarazada_0_Chxc8QnL39.html\">Fuente Clarin.com <\/a><\/p>\n","protected":false},"excerpt":{"rendered":"<p>Al aire en Bendita TV (El Nueve), Alejandra Maglietti, a pura emoci\u00f3n, cont\u00f3 que est\u00e1 esperando su primer hijo. La panelista cont\u00f3 que est\u00e1 atravesando la semana n\u00famero 13 de embarazo. Luego de contar la feliz noticia, Maglietti recibi\u00f3 el fuerte abrazo de Beto Casella, conductor del ciclo, y todos sus compa\u00f1eros. En su cuenta [&hellip;]<\/p>\n","protected":false},"author":1,"featured_media":6285,"comment_status":"open","ping_status":"open","sticky":false,"template":"","format":"standard","meta":{"footnotes":""},"categories":[2],"tags":[7113,8038,8039,2476,300,8037],"class_list":["post-6284","post","type-post","status-publish","format-standard","has-post-thumbnail","hentry","category-ultimas-noticias","tag-alejandra","tag-contar","tag-embarazada","tag-emocion","tag-esta","tag-maglietti"],"_links":{"self":[{"href":"https:\/\/13.com.ar\/index.php\/wp-json\/wp\/v2\/posts\/6284","targetHints":{"allow":["GET"]}}],"collection":[{"href":"https:\/\/13.com.ar\/index.php\/wp-json\/wp\/v2\/posts"}],"about":[{"href":"https:\/\/13.com.ar\/index.php\/wp-json\/wp\/v2\/types\/post"}],"author":[{"embeddable":true,"href":"https:\/\/13.com.ar\/index.php\/wp-json\/wp\/v2\/users\/1"}],"replies":[{"embeddable":true,"href":"https:\/\/13.com.ar\/index.php\/wp-json\/wp\/v2\/comments?post=6284"}],"version-history":[{"count":0,"href":"https:\/\/13.com.ar\/index.php\/wp-json\/wp\/v2\/posts\/6284\/revisions"}],"wp:featuredmedia":[{"embeddable":true,"href":"https:\/\/13.com.ar\/index.php\/wp-json\/wp\/v2\/media\/6285"}],"wp:attachment":[{"href":"https:\/\/13.com.ar\/index.php\/wp-json\/wp\/v2\/media?parent=6284"}],"wp:term":[{"taxonomy":"category","embeddable":true,"href":"https:\/\/13.com.ar\/index.php\/wp-json\/wp\/v2\/categories?post=6284"},{"taxonomy":"post_tag","embeddable":true,"href":"https:\/\/13.com.ar\/index.php\/wp-json\/wp\/v2\/tags?post=6284"}],"curies":[{"name":"wp","href":"https:\/\/api.w.org\/{rel}","templated":true}]}}