{"id":6266,"date":"2025-02-19T21:12:37","date_gmt":"2025-02-20T00:12:37","guid":{"rendered":"https:\/\/13.com.ar\/index.php\/santiago-caputo-sentado-encima-de-la-bomba-y-la-nueva-cara-deseada-por-los-milei\/"},"modified":"2025-02-19T21:12:37","modified_gmt":"2025-02-20T00:12:37","slug":"santiago-caputo-sentado-encima-de-la-bomba-y-la-nueva-cara-deseada-por-los-milei","status":"publish","type":"post","link":"https:\/\/13.com.ar\/index.php\/santiago-caputo-sentado-encima-de-la-bomba-y-la-nueva-cara-deseada-por-los-milei\/","title":{"rendered":"Santiago Caputo, sentado encima de la bomba, y la nueva cara deseada por los Milei"},"content":{"rendered":"<p> <br \/>\n<\/p>\n<div id=\"cuerpo\">\n<p><h2><strong>Crisis libertaria<\/strong><\/h2>\n<\/p>\n<div class=\"sc-80531b6b-0 chRIGJ container-text text-embed\">\n<p>Los hermanos Milei viven la peor semana desde que decidieron jugar pol\u00edticamente. Javier y Karina se sienten acorralados por la crisis que desat\u00f3 el tuit de &#8220;difusi\u00f3n&#8221; (y no de &#8220;promoci\u00f3n&#8221;, seg\u00fan la propia palabra presidencial) de una memecoin que sac\u00f3 al Gobierno de un estado de bienestar y pas\u00f3 a uno de total estupefacci\u00f3n.<\/p>\n<\/div>\n<div class=\"sc-80531b6b-0 chRIGJ container-text text-embed\">\n<p>Como sucede en esta gesti\u00f3n, las decisiones las toma &#8220;el tri\u00e1ngulo de hierro&#8221;. Luego de un fin de semana salvaje en la residencia presidencial de Olivos, el gabinete de crisis se instal\u00f3 en la Casa Rosada. <strong>Fueron varias las reuniones del c\u00edrculo a\u00falico mile\u00edsta<\/strong> que conforman el Presidente, su hermana, el asesor Santiago Luis Caputo y el vocero Manuel Adorni. <strong>Hubo de todo: gritos, llantos, pases de factura y ofrecimiento de renuncias.<\/strong><\/p>\n<\/div>\n<div class=\"sc-80531b6b-0 chRIGJ container-text text-embed\">\n<p><strong>El jefe de Estado dijo que nadie renunciaba.<\/strong> Pero las cosas se calmaron cuando el asesor y responsable del discurso oficial se ofreci\u00f3 a saldar el conflicto, agravado por la interrupci\u00f3n suya de una entrevista televisiva que desnud\u00f3 el celo que\u00a0el clan libertario tiene sobre todo lo que se quiere difundir desde el gobierno.<\/p>\n<\/div>\n<div class=\"sc-80531b6b-0 chRIGJ container-text text-embed\">\n<p>Santiago Caputo ofreci\u00f3 sentarse &#8220;arriba de la bomba&#8221;, una figura propia del lenguaje de su cuenta no reconocida de &#8220;X&#8221; donde juega con mensajes misteriosos y que siempre finaliza con la frase &#8220;todo marcha de acuerdo al plan&#8221;. Por eso mismo, la aparici\u00f3n del vocero Adorni en televisi\u00f3n y la del jefe de Gabinete, Guillermo Francos, en radio, se\u00f1al\u00e1ndolo como el responsable del &#8220;error&#8221; de meterse en medio de una nota televisiva, fue consensuada por el &#8220;tri\u00e1ngulo de hierro&#8221;.<\/p>\n<\/div>\n<div class=\"sc-80531b6b-0 chRIGJ container-text text-embed\">\n<p>El joven Caputo ofreci\u00f3 llevarse la marca -para utilizar un lenguaje futbolero- en un momento donde las miradas sobre la eficiencia del estilo &#8220;Ingenieros del Caos&#8221; se agudiz\u00f3. El publicista vivi\u00f3 su peor semana y se cerr\u00f3 tambi\u00e9n en su c\u00edrculo, del que no participa tan asiduamente su socio Rodrigo Lugones, pues al estar radicado en Madrid, no pudo estar al segundo en medio del &#8220;esc\u00e1ndalo cripto&#8221;. <em>De magos y pociones&#8230;<\/em><\/p>\n<\/div>\n<div class=\"sc-198be8ec-0 cynXbu image-embed  image-embed \"><picture class=\"sc-198be8ec-1 kOjRiQ\"><source media=\"(min-width: 975px)\" width=\"720\" height=\"480\" \/><img alt=\"Santiago Caputo y Guillermo Francos ingresan a casa de gobierno, en medio del &quot;Esc\u00e1ndalo Cripto&quot;.  Foto Maxi Failla\" loading=\"lazy\" width=\"720\" height=\"480\" decoding=\"async\" data-nimg=\"1\" style=\"color:transparent\" src=\"https:\/\/13.com.ar\/wp-content\/uploads\/2025\/02\/Santiago-Caputo-sentado-encima-de-la-bomba-y-la-nueva.jpg\"\/><span class=\"epigraphe\">Santiago Caputo y Guillermo Francos ingresan a casa de gobierno, en medio del &#8220;Esc\u00e1ndalo Cripto&#8221;.  Foto Maxi Failla<\/span><span class=\"bkg\"\/><span class=\"picture-open\"><button class=\"open-image\" aria-label=\"Open Image\"\/><\/span><\/picture><\/div>\n<p><h2><strong>Caras nuevas<\/strong><\/h2>\n<\/p>\n<div class=\"sc-80531b6b-0 chRIGJ container-text text-embed\">\n<p>Mientras el &#8220;$Libra Gate&#8221; contin\u00faa, la usina oficial no deja de buscar nombres para la venidera pelea electoral, tanto la nacional como la porte\u00f1a, que se adelanta al mes de mayo. En esta columna ya se mencion\u00f3 que se hab\u00edan auscultado los nombres del dibujante Nik y del economista e inversor Claudio Zuchovicki: este \u00faltimo dijo a <strong>Clar\u00edn<\/strong> que &#8220;jam\u00e1s se meter\u00e1 en pol\u00edtica&#8221;.<\/p>\n<\/div>\n<div class=\"sc-80531b6b-0 chRIGJ container-text text-embed\">\n<p>Ahora lleg\u00f3 el turno del economista -y amigo presidencial<strong>&#8211; Miguel Boggiano y del empresario Pierpaolo Barbieri, de UAL\u00c1.<\/strong> Pero quien ilusiona a algunos <strong>es el nombre de un carism\u00e1tico conductor y presentador: Iv\u00e1n de Pineda<\/strong>. El ex modelo pasa un excelente momento profesional y es la cara de un importante banco internacional. Pero la necesidad libertaria -que carece de candidatos conocidos para las peleas pol\u00edticas de este a\u00f1o, ha hecho que se pregunte en una encuesta qu\u00e9 tal es la imagen del ex conductor de &#8220;Pasapalabra&#8221;. <em>Sale un &#8220;Rosco&#8221; a la derecha&#8230;<\/em><\/p>\n<\/div>\n<div class=\"sc-198be8ec-0 cynXbu image-embed  image-embed \"><picture class=\"sc-198be8ec-1 kOjRiQ\"><source media=\"(min-width: 975px)\" width=\"720\" height=\"480\" \/><img alt=\" Ivan De Pineda\" loading=\"lazy\" width=\"720\" height=\"480\" decoding=\"async\" data-nimg=\"1\" style=\"color:transparent\" src=\"https:\/\/13.com.ar\/wp-content\/uploads\/2025\/02\/1740010357_8_Santiago-Caputo-sentado-encima-de-la-bomba-y-la-nueva.jpg\"\/><span class=\"epigraphe\"> Ivan De Pineda<\/span><span class=\"bkg\"\/><span class=\"picture-open\"><button class=\"open-image\" aria-label=\"Open Image\"\/><\/span><\/picture><\/div>\n<p><h2><strong>Un a\u00f1o de espera&#8230;<\/strong><\/h2>\n<\/p>\n<div class=\"sc-80531b6b-0 chRIGJ container-text text-embed\">\n<p>La crisis pol\u00edtica que hoy vive el gobierno gener\u00f3 que algunos miembros del campamento macrista crean que acorrala a La Libertad Avanza a acordar s\u00ed o s\u00ed con el PRO en los principales distritos. La pelea m\u00e1s dura entre los primos pol\u00edticos se da en la Ciudad de Buenos Aires; por eso,<strong> el esc\u00e1ndalo cripto lo ayuda a Jorge Macri en su relaci\u00f3n con las huestes de Karina Milei,<\/strong> quienes por estos d\u00edas deber\u00e1n definir si votan por suspender las PASO en territorio porte\u00f1o, como han votado a nivel nacional.<\/p>\n<\/div>\n<div class=\"sc-80531b6b-0 chRIGJ container-text text-embed\">\n<p>Un macrista de la primera hora recordaba que, justo en estos d\u00edas,<strong> se cumpli\u00f3 un a\u00f1o de la promesa -milanesas en Olivos, mediante- de Javier Milei a Mauricio Macri de que la iba a convencer a su hermana Karina de una reuni\u00f3n para llegar a un acuerdo con el PRO<\/strong>. &#8220;Dicen&#8221; que Mauricio sigue esperando&#8230;<\/p>\n<\/div>\n<div class=\"sc-80531b6b-0 chRIGJ container-text text-embed\">\n<p>Pero a\u00fan sin saber si LLA y el PRO van a ir unidos, varios definen su suerte pol\u00edtica: <strong>Horacio Rodr\u00edguez Larreta resuelve si juega o no en este turno electoral y el radical Leandro Santoro deshoja la margarita<\/strong> para ver si compite como legislador porte\u00f1o o si va a la pelea grande por el Senado.<\/p>\n<\/div>\n<div class=\"sc-80531b6b-0 chRIGJ container-text text-embed\">\n<p><strong>Quien s\u00ed va a jugar en la Ciudad es Mauricio D&#8217;Alessandro, un abogado tambi\u00e9n carism\u00e1tico y muy ducho en sus apariciones televisivas<\/strong> sobre distintos cargos judiciales. &#8220;El Profe&#8221;, como lo apodan sus amigos, afirma ser &#8220;el primero que la vio&#8221; con Javier Milei, pues particip\u00f3 de una obra teatral que supo protagonizar el entonces extrovertido economista, hoy Presidente de los argentinos.<\/p>\n<\/div>\n<div class=\"sc-80531b6b-0 chRIGJ container-text text-embed\">\n<p><strong>D&#8217;Alessandro har\u00e1 campa\u00f1a para legislador porte\u00f1o y hablar\u00e1 de la &#8220;conurbanizaci\u00f3n de la Ciudad&#8221;<\/strong> en virtud del tema de la Seguridad, y participar\u00e1 por el\u00a0partido INTEGRAR-\u00a0\u00bfPodr\u00edan terminar Ramiro Marra y Eugenio Casielles, los rebeldes libertarios, participando tambi\u00e9n en esa lista?<em> Misterio&#8230;<\/em><\/p>\n<\/div>\n<div class=\"sc-198be8ec-0 cynXbu image-embed  image-embed \"><picture class=\"sc-198be8ec-1 kOjRiQ\"><source media=\"(min-width: 975px)\" width=\"720\" height=\"480\" \/><img alt=\"Mauricio D'Alessandro con Javier Milei\" loading=\"lazy\" width=\"720\" height=\"480\" decoding=\"async\" data-nimg=\"1\" style=\"color:transparent\" src=\"https:\/\/13.com.ar\/wp-content\/uploads\/2025\/02\/1740010357_92_Santiago-Caputo-sentado-encima-de-la-bomba-y-la-nueva.jpg\"\/><span class=\"epigraphe\">Mauricio D&#8217;Alessandro con Javier Milei<\/span><span class=\"bkg\"\/><span class=\"picture-open\"><button class=\"open-image\" aria-label=\"Open Image\"\/><\/span><\/picture><\/div>\n<p><h2><strong>A las pi\u00f1as<\/strong><\/h2>\n<\/p>\n<div class=\"sc-80531b6b-0 chRIGJ container-text text-embed\">\n<p>Las diferencias pol\u00edticas son siempre tensas, pero esta semana, en un set televisivo, un suceso casi termina en las p\u00e1ginas deportivas o, tal vez, en las policiales. Cuando el abogado oficialista Alejandro Fargosi se retiraba de una entrevista, el letrado constitucionalista Diego Armesto ingresaba al mismo estudio para hablar del efecto legal que el tema $Libra podr\u00eda tener sobre el Presidente Milei. <strong>Armesto salud\u00f3 respetuosamente a la diputada Silvia Lospennato,<\/strong> quien tambi\u00e9n estaba all\u00ed invitada, y <strong>luego le estir\u00f3 la mano a Fargosi. El ex miembro del Consejo de la Magistratura lo mir\u00f3 a Armesto y le dispar\u00f3: &#8220;\u00bfPor qu\u00e9 no te vas a la mierda, pelotudo?&#8221;<\/strong>. Todos los presentes se quedaron sorprendidos y el constitucionalista dud\u00f3 en responder e, incluso, trenzarse en una pelea. La calma prim\u00f3 y los abogados dejaron la disputa para otro momento. <em>\u00bfCu\u00e1l fue el motivo?<\/em> Que Armesto hab\u00eda criticado duramente el proyecto de &#8220;Ficha Limpia&#8221; que Fargosi hab\u00eda garabateado a pedido de Javier Milei, pero que termin\u00f3 siendo cocinado por el ministro de Defensa, Luis Petri, el que finalmente se llev\u00f3 al Congreso de la Naci\u00f3n. <em>Respirar hondo&#8230;<\/em><\/p>\n<\/div>\n<div class=\"sc-198be8ec-0 cynXbu image-embed  image-embed \"><picture class=\"sc-198be8ec-1 kOjRiQ\"><source media=\"(min-width: 975px)\" width=\"720\" height=\"480\" \/><img alt=\"Alejandro Fargosi integro el Consejo de la Magistratura de 2010 a 2014.\" loading=\"lazy\" width=\"720\" height=\"480\" decoding=\"async\" data-nimg=\"1\" style=\"color:transparent\" src=\"https:\/\/13.com.ar\/wp-content\/uploads\/2025\/02\/1740010357_936_Santiago-Caputo-sentado-encima-de-la-bomba-y-la-nueva.jpg\"\/><span class=\"epigraphe\">Alejandro Fargosi integro el Consejo de la Magistratura de 2010 a 2014.<\/span><span class=\"bkg\"\/><span class=\"picture-open\"><button class=\"open-image\" aria-label=\"Open Image\"\/><\/span><\/picture><\/div>\n<\/div>\n<p><br \/>\n<br \/><a href=\"https:\/\/www.clarin.com\/politica\/santiago-caputo-sentado-encima-bomba-nueva-cara-deseada-milei_0_fJKbY79bGl.html\">Fuente Clarin.com <\/a><\/p>\n","protected":false},"excerpt":{"rendered":"<p>Crisis libertaria Los hermanos Milei viven la peor semana desde que decidieron jugar pol\u00edticamente. Javier y Karina se sienten acorralados por la crisis que desat\u00f3 el tuit de &#8220;difusi\u00f3n&#8221; (y no de &#8220;promoci\u00f3n&#8221;, seg\u00fan la propia palabra presidencial) de una memecoin que sac\u00f3 al Gobierno de un estado de bienestar y pas\u00f3 a uno de [&hellip;]<\/p>\n","protected":false},"author":1,"featured_media":6267,"comment_status":"open","ping_status":"open","sticky":false,"template":"","format":"standard","meta":{"footnotes":""},"categories":[2],"tags":[5299,45,2812,8024,5660,28,77,19,142,414,8023],"class_list":["post-6266","post","type-post","status-publish","format-standard","has-post-thumbnail","hentry","category-ultimas-noticias","tag-bomba","tag-caputo","tag-cara","tag-deseada","tag-encima","tag-los","tag-milei","tag-nueva","tag-por","tag-santiago","tag-sentado"],"_links":{"self":[{"href":"https:\/\/13.com.ar\/index.php\/wp-json\/wp\/v2\/posts\/6266","targetHints":{"allow":["GET"]}}],"collection":[{"href":"https:\/\/13.com.ar\/index.php\/wp-json\/wp\/v2\/posts"}],"about":[{"href":"https:\/\/13.com.ar\/index.php\/wp-json\/wp\/v2\/types\/post"}],"author":[{"embeddable":true,"href":"https:\/\/13.com.ar\/index.php\/wp-json\/wp\/v2\/users\/1"}],"replies":[{"embeddable":true,"href":"https:\/\/13.com.ar\/index.php\/wp-json\/wp\/v2\/comments?post=6266"}],"version-history":[{"count":0,"href":"https:\/\/13.com.ar\/index.php\/wp-json\/wp\/v2\/posts\/6266\/revisions"}],"wp:featuredmedia":[{"embeddable":true,"href":"https:\/\/13.com.ar\/index.php\/wp-json\/wp\/v2\/media\/6267"}],"wp:attachment":[{"href":"https:\/\/13.com.ar\/index.php\/wp-json\/wp\/v2\/media?parent=6266"}],"wp:term":[{"taxonomy":"category","embeddable":true,"href":"https:\/\/13.com.ar\/index.php\/wp-json\/wp\/v2\/categories?post=6266"},{"taxonomy":"post_tag","embeddable":true,"href":"https:\/\/13.com.ar\/index.php\/wp-json\/wp\/v2\/tags?post=6266"}],"curies":[{"name":"wp","href":"https:\/\/api.w.org\/{rel}","templated":true}]}}