{"id":6264,"date":"2025-02-19T21:09:37","date_gmt":"2025-02-20T00:09:37","guid":{"rendered":"https:\/\/13.com.ar\/index.php\/que-dijo-emma-raducanu-despues-de-llorar-en-la-cancha-y-sufrir-otro-acoso-en-el-torneo-de-dubai\/"},"modified":"2025-02-19T21:09:37","modified_gmt":"2025-02-20T00:09:37","slug":"que-dijo-emma-raducanu-despues-de-llorar-en-la-cancha-y-sufrir-otro-acoso-en-el-torneo-de-dubai","status":"publish","type":"post","link":"https:\/\/13.com.ar\/index.php\/que-dijo-emma-raducanu-despues-de-llorar-en-la-cancha-y-sufrir-otro-acoso-en-el-torneo-de-dubai\/","title":{"rendered":"Qu\u00e9 dijo Emma Raducanu despu\u00e9s de llorar en la cancha y sufrir otro acoso en el torneo de Dubai"},"content":{"rendered":"<p> <br \/>\n<\/p>\n<div id=\"cuerpo\">\n<div class=\"sc-80531b6b-0 chRIGJ container-text text-embed\">\n<p><strong>Emma Raducanu<\/strong> public\u00f3 este mi\u00e9rcoles un mensaje en su cuenta de Instagram tras recibir apoyo por la situaci\u00f3n que sufri\u00f3 en las canchas de Dubai. La tenista llor\u00f3 y debi\u00f3 denunciar la presencia de un acosador que detect\u00f3 en la primera fila, mientras disputaba un partido. Tras la denuncia y la reacci\u00f3n de la WTA, la brit\u00e1nica subi\u00f3 una historia en sus redes. <\/p>\n<\/div>\n<div class=\"sc-80531b6b-0 chRIGJ container-text text-embed\">\n<p>En la imagen se pod\u00eda ver el libro <em>Emma <\/em>de Jane Austen, <strong>un caf\u00e9 con un coraz\u00f3n<\/strong> dibujado y un breve texto en el cual avanz\u00f3 sobre lo que sucedi\u00f3 en el partido de eliminatoria que disput\u00f3 contra la checa Karolina Muchova. \u201cGracias por los mensajes de apoyo. Fue <strong>una experiencia dif\u00edcil<\/strong> la de ayer, pero <strong>voy a estar bien<\/strong> y orgullosa de c\u00f3mo volv\u00ed y compet\u00ed a pesar de lo que pas\u00f3 en el inicio del partido\u201d, escribi\u00f3 y tambi\u00e9n se mostr\u00f3 <strong>agradecida por c\u00f3mo actu\u00f3 su rival<\/strong>: \u201cGracias a Karolina por ser una <strong>gran deportista<\/strong>\u201d.<\/p>\n<\/div>\n<div class=\"sc-80531b6b-0 chRIGJ container-text text-embed\">\n<p>Como si se tratase de<strong> una secuela<\/strong>, lo que vivi\u00f3 la tenista brit\u00e1nica de 22 a\u00f1os <strong>no fue un hecho aislado<\/strong> porque no es la primera vez que es v\u00edctima de acoso en su carrera. <\/p>\n<\/div>\n<div class=\"sc-80531b6b-0 chRIGJ container-text text-embed\">\n<p>En el a\u00f1o <strong>2022<\/strong> fue <strong>hostigada por un fan\u00e1tico<\/strong> que se acerc\u00f3 <strong>a su casa<\/strong> en reiteradas oportunidades para darle diferentes \u201c<strong>regalos<\/strong>\u201d.<\/p>\n<\/div>\n<div class=\"sc-80531b6b-0 chRIGJ container-text text-embed\">\n<p>En aquel momento, un <strong>hombre de 35 a\u00f1os<\/strong> hab\u00eda tenido una serie de comportamientos que asustaron a la deportista y tambi\u00e9n <strong>alertaron a su familia<\/strong>. Le hab\u00eda enviado flores con una dedicatoria que dec\u00eda <em>\u201c<\/em><strong><em>No hace falta decirte nada<\/em><\/strong><em>, te mereces todo el amor\u201d. <\/em><\/p>\n<\/div>\n<div class=\"sc-80531b6b-0 chRIGJ container-text text-embed\">\n<p>Tambi\u00e9n dej\u00f3 en la puerta de su casa <strong>un sobre rojo<\/strong> que conten\u00eda un mapa con las <strong>millas que hab\u00eda recorrido<\/strong> hasta su hogar y lleg\u00f3 a <strong>robarse una zapatilla<\/strong> de la casa de la tenista cuando vio la puerta entreabierta, pens\u00f3 que era de ella pero pertenec\u00eda a Ian Raducanu, padre de Emma.<\/p>\n<\/div>\n<div class=\"sc-198be8ec-0 cynXbu image-embed  image-embed \"><picture class=\"sc-198be8ec-1 kOjRiQ\"><source media=\"(min-width: 975px)\" width=\"720\" height=\"480\" \/><img alt=\"La tenista brit\u00e1nica Emma Raducanu habl\u00f3 en redes sociales sobre el episodio de acoso que sufri\u00f3 en el torneo de Dubai.\" loading=\"lazy\" width=\"720\" height=\"480\" decoding=\"async\" data-nimg=\"1\" style=\"color:transparent\" src=\"https:\/\/13.com.ar\/wp-content\/uploads\/2025\/02\/Que-dijo-Emma-Raducanu-despues-de-llorar-en-la-cancha.jpg\"\/><span class=\"epigraphe\">La tenista brit\u00e1nica Emma Raducanu habl\u00f3 en redes sociales sobre el episodio de acoso que sufri\u00f3 en el torneo de Dubai.<\/span><span class=\"bkg\"\/><span class=\"picture-open\"><button class=\"open-image\" aria-label=\"Open Image\"\/><\/span><\/picture><\/div>\n<div class=\"sc-80531b6b-0 chRIGJ container-text text-embed\">\n<p>Al hombre que hostig\u00f3 a la tenista hace unos a\u00f1os lo identificaron como <strong>Amrit Magar<\/strong> y fue<strong> condenado por acoso<\/strong>. El Tribunal de Magistrados de Bromley lo declar\u00f3 culpable ese mismo a\u00f1o y un juez dict\u00f3 <strong>una orden de alejamiento por cinco a\u00f1os<\/strong> por el comportamiento que hab\u00eda mostrado Magar y tambi\u00e9n fue sentenciado a 18 meses de trabajo comunitario con 200 horas de trabajo no remunerado.<\/p>\n<\/div>\n<div class=\"sc-c2c2a3c6-0 ecgiEX border-video video-embed horizontal border-video video-embed horizontal\">\n<div class=\"sc-c2c2a3c6-1 kQhBlc videoText videoText\">\n<h2>Video<\/h2>\n<p>El inc\u00f3modo momento que transit\u00f3 la tenista Emma Raducanu al ser acosada en medio de un partido<\/p>\n<\/div>\n<\/div>\n<div class=\"sc-80531b6b-0 chRIGJ container-text text-embed\">\n<p>\u201cMe he sentido <strong>muy asustada<\/strong>. Siento mucha aprensi\u00f3n si salgo, especialmente <strong>si estoy sola<\/strong>\u201d, dijo la joven en aquella oportunidad con <strong>tan solo 19 a\u00f1os<\/strong>. \u201cSiento que <strong>me han quitado la libertad<\/strong>. Miro constantemente a mi alrededor. Me siento nerviosa y preocupada de que esto pueda volver a ocurrir\u201d, agreg\u00f3 sobre el acoso de parte de Magar. Ahora la historia se repite y de all\u00ed <strong>se comprende su llanto<\/strong> en la cancha.<\/p>\n<\/div>\n<p><h2>Qu\u00e9 se sabe del nuevo acosador que atac\u00f3 a la tenista Emma Raducanu en Dubai<\/h2>\n<\/p>\n<div class=\"sc-80531b6b-0 chRIGJ container-text text-embed\">\n<p>La tenista que gan\u00f3 el US Open 2021 rompi\u00f3 en llanto en pleno enfrentamiento con la checa Karolina Muchova cuando <strong>reconoci\u00f3 a un acosador<\/strong> en las primeras filas de las tribunas. Despu\u00e9s se supo que el hombre <strong>se acerc\u00f3 d\u00edas antes a Raducanu<\/strong> y ella <strong>lo vio en las gradas<\/strong>, en <strong>primera fila<\/strong>, lo que le gener\u00f3 una gran angustia que le impidi\u00f3 continuar el juego.<\/p>\n<\/div>\n<div class=\"sc-80531b6b-0 chRIGJ container-text text-embed\">\n<p>La tenista de 22 a\u00f1os <strong>se acerc\u00f3 al umpire<\/strong>, Miriam Bley, quien actu\u00f3 de manera r\u00e1pida y <strong>notific\u00f3 a los organizadores<\/strong>, quienes posteriormente <strong>detuvieron al hombre<\/strong> y lo sacaron del lugar. <\/p>\n<\/div>\n<div class=\"sc-80531b6b-0 chRIGJ container-text text-embed\">\n<p>Raducanu permaneci\u00f3 <strong>escondida unos segundos<\/strong> y su rival se acerc\u00f3 a tranquilizarla. El partido continu\u00f3 y lo gan\u00f3 Muchova 7-6 (8) y 6-4.<\/p>\n<\/div>\n<div class=\"sc-198be8ec-0 cynXbu image-embed  image-embed \"><picture class=\"sc-198be8ec-1 kOjRiQ\"><source media=\"(min-width: 975px)\" width=\"720\" height=\"480\" \/><img alt=\"Emma Raducanu denunci\u00f3 otro acoso en el circuito de tenis de la WTA. Foto AP \/ Asanka Brendon Ratnayake\" loading=\"lazy\" width=\"720\" height=\"480\" decoding=\"async\" data-nimg=\"1\" style=\"color:transparent\" src=\"https:\/\/13.com.ar\/wp-content\/uploads\/2025\/02\/1740010177_249_Que-dijo-Emma-Raducanu-despues-de-llorar-en-la-cancha.jpg\"\/><span class=\"epigraphe\">Emma Raducanu denunci\u00f3 otro acoso en el circuito de tenis de la WTA. Foto AP \/ Asanka Brendon Ratnayake<\/span><span class=\"bkg\"\/><span class=\"picture-open\"><button class=\"open-image\" aria-label=\"Open Image\"\/><\/span><\/picture><\/div>\n<div class=\"sc-80531b6b-0 chRIGJ container-text text-embed\">\n<p>Aunque todav\u00eda no se revelaron detalles sobre <strong>la identidad del hombre<\/strong>, la Asociaci\u00f3n de Tenis Femenino (WTA) fij\u00f3 su postura en un comunicado y detall\u00f3 que el lunes la tenista hab\u00eda sido &#8220;abordada <strong>en una zona p\u00fablica<\/strong> por un hombre que mostraba una <strong>conducta obsesiva<\/strong>\u201d. <\/p>\n<\/div>\n<div class=\"sc-80531b6b-0 chRIGJ container-text text-embed\">\n<p>Seg\u00fan inform\u00f3 el diario brit\u00e1nico Daily Mail, el sindicado acosador <strong>se hab\u00eda acercado al hotel<\/strong> de Raducanu y le hab\u00eda entregado una carta a la jugadora el d\u00eda anterior. Cuando ella vio a ese mismo hombre en las gradas, se aterroriz\u00f3.<\/p>\n<\/div>\n<\/div>\n<p><br \/>\n<br \/><a href=\"https:\/\/www.clarin.com\/deportes\/dijo-emma-raducanu-despues-llorar-cancha-sufrir-acoso-torneo-dubai_0_6M7DqEI9JC.html\">Fuente Clarin.com <\/a><\/p>\n","protected":false},"excerpt":{"rendered":"<p>Emma Raducanu public\u00f3 este mi\u00e9rcoles un mensaje en su cuenta de Instagram tras recibir apoyo por la situaci\u00f3n que sufri\u00f3 en las canchas de Dubai. La tenista llor\u00f3 y debi\u00f3 denunciar la presencia de un acosador que detect\u00f3 en la primera fila, mientras disputaba un partido. Tras la denuncia y la reacci\u00f3n de la WTA, [&hellip;]<\/p>\n","protected":false},"author":1,"featured_media":6265,"comment_status":"open","ping_status":"open","sticky":false,"template":"","format":"standard","meta":{"footnotes":""},"categories":[2],"tags":[2711,5078,1514,1572,706,7839,4760,366,286,7840,340,1025],"class_list":["post-6264","post","type-post","status-publish","format-standard","has-post-thumbnail","hentry","category-ultimas-noticias","tag-acoso","tag-cancha","tag-despues","tag-dijo","tag-dubai","tag-emma","tag-llorar","tag-otro","tag-que","tag-raducanu","tag-sufrir","tag-torneo"],"_links":{"self":[{"href":"https:\/\/13.com.ar\/index.php\/wp-json\/wp\/v2\/posts\/6264","targetHints":{"allow":["GET"]}}],"collection":[{"href":"https:\/\/13.com.ar\/index.php\/wp-json\/wp\/v2\/posts"}],"about":[{"href":"https:\/\/13.com.ar\/index.php\/wp-json\/wp\/v2\/types\/post"}],"author":[{"embeddable":true,"href":"https:\/\/13.com.ar\/index.php\/wp-json\/wp\/v2\/users\/1"}],"replies":[{"embeddable":true,"href":"https:\/\/13.com.ar\/index.php\/wp-json\/wp\/v2\/comments?post=6264"}],"version-history":[{"count":0,"href":"https:\/\/13.com.ar\/index.php\/wp-json\/wp\/v2\/posts\/6264\/revisions"}],"wp:featuredmedia":[{"embeddable":true,"href":"https:\/\/13.com.ar\/index.php\/wp-json\/wp\/v2\/media\/6265"}],"wp:attachment":[{"href":"https:\/\/13.com.ar\/index.php\/wp-json\/wp\/v2\/media?parent=6264"}],"wp:term":[{"taxonomy":"category","embeddable":true,"href":"https:\/\/13.com.ar\/index.php\/wp-json\/wp\/v2\/categories?post=6264"},{"taxonomy":"post_tag","embeddable":true,"href":"https:\/\/13.com.ar\/index.php\/wp-json\/wp\/v2\/tags?post=6264"}],"curies":[{"name":"wp","href":"https:\/\/api.w.org\/{rel}","templated":true}]}}