{"id":623,"date":"2025-01-30T10:51:28","date_gmt":"2025-01-30T13:51:28","guid":{"rendered":"https:\/\/13.com.ar\/index.php\/celeste-cid-recibio-el-alta-medica-y-lo-celebro-con-una-sensual-imagen-tras-pasar-cinco-dias-internada\/"},"modified":"2025-01-30T10:51:28","modified_gmt":"2025-01-30T13:51:28","slug":"celeste-cid-recibio-el-alta-medica-y-lo-celebro-con-una-sensual-imagen-tras-pasar-cinco-dias-internada","status":"publish","type":"post","link":"https:\/\/13.com.ar\/index.php\/celeste-cid-recibio-el-alta-medica-y-lo-celebro-con-una-sensual-imagen-tras-pasar-cinco-dias-internada\/","title":{"rendered":"Celeste Cid recibi\u00f3 el alta m\u00e9dica y lo celebr\u00f3 con una sensual imagen, tras pasar cinco d\u00edas internada"},"content":{"rendered":"<p> <br \/>\n<\/p>\n<div id=\"cuerpo\">\n<div class=\"sc-80531b6b-0 chRIGJ container-text text-embed\">\n<p>Tras pasar cinco d\u00edas internada, <strong>Celeste Cid<\/strong> celebr\u00f3 que le dieron el alta con una sensual imagen y una llamativa frase: &#8220;Prep\u00e1rense, terr\u00edcolas&#8221;. El motivo que la oblig\u00f3 a quedar hospitalizada desde el s\u00e1bado.<\/p>\n<\/div>\n<div class=\"sc-80531b6b-0 chRIGJ container-text text-embed\">\n<p>Todo comenz\u00f3 el pasado s\u00e1bado cuando el periodista <strong>Fede Flowers<\/strong> inform\u00f3 a trav\u00e9s de sus redes sociales que Celeste Cid hab\u00eda sido ingresada a una instituci\u00f3n m\u00e9dica ubicada en la localidad de Vicente L\u00f3pez, provincia de Buenos Aires.<\/p>\n<\/div>\n<div class=\"sc-80531b6b-0 chRIGJ container-text text-embed\">\n<p>&#8220;En este momento, <strong>Celeste Cid internada en la Cl\u00ednica Olivos<\/strong>&#8220;, poste\u00f3 el panelista en su perfil de X (ex Twitter) donde lo siguen m\u00e1s de cuatro mil personas. <\/p>\n<\/div>\n<div class=\"sc-80531b6b-0 chRIGJ container-text text-embed\">\n<p>&#8220;<strong>La est\u00e1n llevando en silla de ruedas<\/strong> para realizarse estudios de im\u00e1genes, est\u00e1 con suero y acompa\u00f1ada de su novio Santiago Korovsky&#8221;, agreg\u00f3 en la misma publicaci\u00f3n que comparti\u00f3 en su perfil @fedeflowersok.<\/p>\n<\/div>\n<div class=\"sc-80531b6b-0 chRIGJ container-text text-embed\">\n<p>Unas horas despu\u00e9s y a trav\u00e9s del mismo canal, el periodista inform\u00f3 cu\u00e1les eran los s\u00edntomas que llevaron a la actriz a consultar un m\u00e9dico.<\/p>\n<\/div>\n<div class=\"sc-80531b6b-0 chRIGJ container-text text-embed\">\n<p>&#8220;Ampl\u00edo: Celeste Cid se present\u00f3 a la guardia de la cl\u00ednica Olivos con <strong>mucho dolor al orinar, tiene fiebre<\/strong>&#8220;, precis\u00f3 Fede.<\/p>\n<\/div>\n<div class=\"sc-80531b6b-0 chRIGJ container-text text-embed\">\n<p>Ante la preocupaci\u00f3n por el estado de salud de Cid, su pareja Santiago Korovsky se encarg\u00f3 de llevar calma. &#8220;S\u00ed, est\u00e1 internada, fue por <strong>un tema de unos c\u00e1lculos<\/strong>, pero est\u00e1 todo OK&#8221;, confirm\u00f3 el actor a <em>TN Show. <\/em><\/p>\n<\/div>\n<div class=\"sc-198be8ec-0 cynXbu image-embed  image-embed \"><picture class=\"sc-198be8ec-1 kOjRiQ\"><source media=\"(min-width: 975px)\" width=\"720\" height=\"480\" \/><img alt=\"Celeste Cid busc\u00f3 llevar tranquilidad sobre su salud a trav\u00e9s de las redes sociales. | Foto: Instagram\" loading=\"lazy\" width=\"720\" height=\"480\" decoding=\"async\" data-nimg=\"1\" style=\"color:transparent\" src=\"https:\/\/13.com.ar\/wp-content\/uploads\/2025\/01\/Celeste-Cid-recibio-el-alta-medica-y-lo-celebro-con.jpg\"\/><span class=\"epigraphe\">Celeste Cid busc\u00f3 llevar tranquilidad sobre su salud a trav\u00e9s de las redes sociales. | Foto: Instagram<\/span><span class=\"bkg\"\/><span class=\"picture-open\"><button class=\"open-image\" aria-label=\"Open Image\"\/><\/span><\/picture><\/div>\n<div class=\"sc-80531b6b-0 chRIGJ container-text text-embed\">\n<p>Al ver la repercusi\u00f3n que hab\u00eda tenido el tema, Celeste decidi\u00f3 romper el silencio ese mismo s\u00e1bado y les inform\u00f3 a sus seguidores de Instagram, donde acumula 2.7 millones de seguidores.<\/p>\n<\/div>\n<div class=\"sc-80531b6b-0 chRIGJ container-text text-embed\">\n<p>Celeste public\u00f3 una imagen en sus historias de esa red social en la que se la pod\u00eda ver que estaba hospitalizada.<\/p>\n<\/div>\n<div class=\"sc-80531b6b-0 chRIGJ container-text text-embed\">\n<p>En la rom\u00e1ntica postal tomada junto a su actual pareja desde la habitaci\u00f3n de la cl\u00ednica, con la cabeza de ella apoyada en el pecho de \u00e9l, Cid escribi\u00f3: <strong>&#8220;Hoy toc\u00f3 esta, la pr\u00f3xima en una piscina. No les recomiendo tener c\u00e1lculos, no est\u00e1 tan bueno como dicen&#8221;.<\/strong><\/p>\n<\/div>\n<div class=\"sc-80531b6b-0 chRIGJ container-text text-embed\">\n<p>Ahora, cinco d\u00edas m\u00e1s tarde de aquel triste anuncio, <strong>Celeste se mostr\u00f3 renovada y de buen humor en sus redes sociales.<\/strong><\/p>\n<\/div>\n<div class=\"sc-198be8ec-0 cynXbu image-embed  image-embed \"><picture class=\"sc-198be8ec-1 kOjRiQ\"><source media=\"(min-width: 975px)\" width=\"720\" height=\"480\" \/><img alt=\"La publicaci\u00f3n con la que Celeste Cid celebr\u00f3 su alta m\u00e9dica. Foto: Instagram\" loading=\"lazy\" width=\"720\" height=\"480\" decoding=\"async\" data-nimg=\"1\" style=\"color:transparent\" src=\"https:\/\/13.com.ar\/wp-content\/uploads\/2025\/01\/1738245088_191_Celeste-Cid-recibio-el-alta-medica-y-lo-celebro-con.jpg\"\/><span class=\"epigraphe\">La publicaci\u00f3n con la que Celeste Cid celebr\u00f3 su alta m\u00e9dica. Foto: Instagram<\/span><span class=\"bkg\"\/><span class=\"picture-open\"><button class=\"open-image\" aria-label=\"Open Image\"\/><\/span><\/picture><\/div>\n<div class=\"sc-80531b6b-0 chRIGJ container-text text-embed\">\n<p>Con una nueva historia en su perfil de Instagram, Cid comparti\u00f3 una foto de ella bailando en el ba\u00f1o con <strong>una remera de Brasil y una toalla en la cabeza.<\/strong><\/p>\n<\/div>\n<div class=\"sc-80531b6b-0 chRIGJ container-text text-embed\">\n<p><strong>&#8220;Lista, de alta, prep\u00e1rense, terr\u00edcolas&#8221;,<\/strong> escribi\u00f3 la ex <em>Verano del 98<\/em> en su posteo, que musicaliz\u00f3 con la canci\u00f3n <em>So fresh, so clean<\/em> de Outkast. <\/p>\n<\/div>\n<p><h2>Santiago Korovsky blanque\u00f3 su romance con Celeste Cid<\/h2>\n<\/p>\n<div class=\"sc-80531b6b-0 chRIGJ container-text text-embed\">\n<p>Un par de d\u00edas antes de ser internada, la actriz cumpli\u00f3 su <strong>cumplea\u00f1os n\u00famero 41<\/strong>. Y para celebrarlo su pareja oficializ\u00f3 la relaci\u00f3n a trav\u00e9s de sus redes sociales.<\/p>\n<\/div>\n<div class=\"sc-80531b6b-0 chRIGJ container-text text-embed\">\n<p>En una de las las primeras publicaciones que comparti\u00f3 Korovsky, se la pod\u00eda ver a Cid al aire libre envuelta en hojas de \u00e1rboles y plantas. <\/p>\n<\/div>\n<div class=\"sc-198be8ec-0 cynXbu image-embed  image-embed \"><picture class=\"sc-198be8ec-1 kOjRiQ\"><source media=\"(min-width: 975px)\" width=\"720\" height=\"480\" \/><img alt=\"Santiago Korovsky salud\u00f3 a Celeste Cid por su cumplea\u00f1os. Foto: Instagram\" loading=\"lazy\" width=\"720\" height=\"480\" decoding=\"async\" data-nimg=\"1\" style=\"color:transparent\" src=\"https:\/\/13.com.ar\/wp-content\/uploads\/2025\/01\/1738245088_68_Celeste-Cid-recibio-el-alta-medica-y-lo-celebro-con.jpg\"\/><span class=\"epigraphe\">Santiago Korovsky salud\u00f3 a Celeste Cid por su cumplea\u00f1os. Foto: Instagram<\/span><span class=\"bkg\"\/><span class=\"picture-open\"><button class=\"open-image\" aria-label=\"Open Image\"\/><\/span><\/picture><\/div>\n<div class=\"sc-80531b6b-0 chRIGJ container-text text-embed\">\n<p>En la fotograf\u00eda, el director de la exitosa ficci\u00f3n de Netflix, <em>Divisi\u00f3n Palermo<\/em>, agreg\u00f3 \u201cfeliz cumple\u201d, acompa\u00f1ado de un emoji de coraz\u00f3n azul.<\/p>\n<\/div>\n<div class=\"sc-198be8ec-0 cynXbu image-embed  image-embed \"><picture class=\"sc-198be8ec-1 kOjRiQ\"><source media=\"(min-width: 975px)\" width=\"720\" height=\"480\" \/><img alt=\"El chiste de Santiago Korovsky sobre su noviazgo con Celeste Cid. Foto: Instagram\" loading=\"lazy\" width=\"720\" height=\"480\" decoding=\"async\" data-nimg=\"1\" style=\"color:transparent\" src=\"https:\/\/13.com.ar\/wp-content\/uploads\/2025\/01\/1738245088_91_Celeste-Cid-recibio-el-alta-medica-y-lo-celebro-con.jpg\"\/><span class=\"epigraphe\">El chiste de Santiago Korovsky sobre su noviazgo con Celeste Cid. Foto: Instagram<\/span><span class=\"bkg\"\/><span class=\"picture-open\"><button class=\"open-image\" aria-label=\"Open Image\"\/><\/span><\/picture><\/div>\n<div class=\"sc-80531b6b-0 chRIGJ container-text text-embed\">\n<p>Luego, Santiago subi\u00f3 una foto de ambos, donde s\u00f3lo se ve\u00eda la sombra de ellos reflejada en el suelo. Y all\u00ed comparti\u00f3 una frase que da cuenta de su v\u00ednculo amoroso con la actriz: <strong>\u201cEl segundo robo del siglo\u201d.<\/strong><\/p>\n<\/div>\n<\/div>\n<p><br \/>\n<br \/><a href=\"https:\/\/www.clarin.com\/fama\/celeste-cid-recibio-alta-medica-celebro-sensual-imagen-pasar-dias-internada_0_WRTfcN1N82.html\">Fuente Clarin.com <\/a><\/p>\n","protected":false},"excerpt":{"rendered":"<p>Tras pasar cinco d\u00edas internada, Celeste Cid celebr\u00f3 que le dieron el alta con una sensual imagen y una llamativa frase: &#8220;Prep\u00e1rense, terr\u00edcolas&#8221;. El motivo que la oblig\u00f3 a quedar hospitalizada desde el s\u00e1bado. Todo comenz\u00f3 el pasado s\u00e1bado cuando el periodista Fede Flowers inform\u00f3 a trav\u00e9s de sus redes sociales que Celeste Cid hab\u00eda [&hellip;]<\/p>\n","protected":false},"author":1,"featured_media":624,"comment_status":"open","ping_status":"open","sticky":false,"template":"","format":"standard","meta":{"footnotes":""},"categories":[2],"tags":[768,198,1635,1636,567,18,500,1639,1640,1637,64,1363,1638,312,73],"class_list":["post-623","post","type-post","status-publish","format-standard","has-post-thumbnail","hentry","category-ultimas-noticias","tag-alta","tag-celebro","tag-celeste","tag-cid","tag-cinco","tag-con","tag-dias","tag-imagen","tag-internada","tag-medica","tag-pasar","tag-recibio","tag-sensual","tag-tras","tag-una"],"_links":{"self":[{"href":"https:\/\/13.com.ar\/index.php\/wp-json\/wp\/v2\/posts\/623","targetHints":{"allow":["GET"]}}],"collection":[{"href":"https:\/\/13.com.ar\/index.php\/wp-json\/wp\/v2\/posts"}],"about":[{"href":"https:\/\/13.com.ar\/index.php\/wp-json\/wp\/v2\/types\/post"}],"author":[{"embeddable":true,"href":"https:\/\/13.com.ar\/index.php\/wp-json\/wp\/v2\/users\/1"}],"replies":[{"embeddable":true,"href":"https:\/\/13.com.ar\/index.php\/wp-json\/wp\/v2\/comments?post=623"}],"version-history":[{"count":0,"href":"https:\/\/13.com.ar\/index.php\/wp-json\/wp\/v2\/posts\/623\/revisions"}],"wp:featuredmedia":[{"embeddable":true,"href":"https:\/\/13.com.ar\/index.php\/wp-json\/wp\/v2\/media\/624"}],"wp:attachment":[{"href":"https:\/\/13.com.ar\/index.php\/wp-json\/wp\/v2\/media?parent=623"}],"wp:term":[{"taxonomy":"category","embeddable":true,"href":"https:\/\/13.com.ar\/index.php\/wp-json\/wp\/v2\/categories?post=623"},{"taxonomy":"post_tag","embeddable":true,"href":"https:\/\/13.com.ar\/index.php\/wp-json\/wp\/v2\/tags?post=623"}],"curies":[{"name":"wp","href":"https:\/\/api.w.org\/{rel}","templated":true}]}}