{"id":6221,"date":"2025-02-19T19:12:28","date_gmt":"2025-02-19T22:12:28","guid":{"rendered":"https:\/\/13.com.ar\/index.php\/la-agenda-woke-y-la-vida-de-las-empresas\/"},"modified":"2025-02-19T19:12:28","modified_gmt":"2025-02-19T22:12:28","slug":"la-agenda-woke-y-la-vida-de-las-empresas","status":"publish","type":"post","link":"https:\/\/13.com.ar\/index.php\/la-agenda-woke-y-la-vida-de-las-empresas\/","title":{"rendered":"La agenda woke y la vida de las empresas"},"content":{"rendered":"<p> <br \/>\n<br \/><img decoding=\"async\" src=\"https:\/\/13.com.ar\/wp-content\/uploads\/2025\/02\/La-agenda-woke-y-la-vida-de-las-empresas.jpg\" \/><\/p>\n<div id=\"cuerpo\">\n<div class=\"sc-80531b6b-0 chRIGJ container-text text-embed\">\n<p>La discusi\u00f3n sobre la agenda woke tiene su correlato al interior de las empresas. En los \u00faltimos 25 a\u00f1os se desarroll\u00f3 fuertemente el gobierno corporativo, cuyas recomendaciones y obligaciones son dirigidas a los directorios de empresas, principalmente las que cotizan en bolsas.<\/p>\n<\/div>\n<div class=\"sc-80531b6b-0 chRIGJ container-text text-embed\">\n<p>Crecientemente, fueron siendo obligados a promover bienes como la diversidad al interior de sus empresas, imponiendo cupos para mujeres y minor\u00edas postergadas, a imponer maneras de producci\u00f3n cuidadosas del medio ambiente y contribuir con detener el cambio clim\u00e1tico o a controlar la conducta social y ambiental de sus proveedores, entre otros.<\/p>\n<\/div>\n<div class=\"sc-80531b6b-0 chRIGJ container-text text-embed\">\n<p>Todos estos fines son nobles, pero forman parte de los bienes p\u00fablicos, no privados. Sin embargo, el gobierno corporativo a veces presiona para que sean las empresas las que los garanticen a sus expensas. Una cosa es obligar a una empresa a internalizar costos que no paga, como cuando se ahorra la limpieza de efluentes contaminantes, y otra cosa es imponerle costos para lograr objetivos p\u00fablicos, no privados.<\/p>\n<\/div>\n<div class=\"sc-80531b6b-0 chRIGJ container-text text-embed\">\n<p>Los directores de empresa vienen llamando la atenci\u00f3n respecto de la p\u00e9rdida de competitividad econ\u00f3mica que esto les impone. El Manifiesto de febrero de 2024 que public\u00f3 ecoDa, entidad que nuclea m\u00e1s de 50.000 directores de empresa en veinti\u00fan pa\u00edses de la UE y se define como \u201cla voz de los directores europeos\u201d, imploraba por una pausa de cinco a\u00f1os en la generaci\u00f3n de nuevas regulaciones, para reducir la carga administrativa de los directores y permitirles enfocarse en su tarea central.<\/p>\n<\/div>\n<div class=\"sc-80531b6b-0 chRIGJ container-text text-embed\">\n<p>La red global de directores de empresa GNDI, de la que la Argentina forma parte a trav\u00e9s de su propia asociaci\u00f3n de directores, tambi\u00e9n es presionada por organizaciones pol\u00edticas internacionales, como la OCDE, el G20, el Banco Mundial o el Foro de Davos, que buscan forzar agendas p\u00fablicas entre los directores. Sin embargo, siendo estas asociaciones tambi\u00e9n entidades privadas, tampoco deben ser obligadas a promover agendas pol\u00edticas globales con los recursos de sus miembros.<\/p>\n<\/div>\n<div class=\"sc-80531b6b-0 chRIGJ container-text text-embed\">\n<p>Las altisonantes palabras de parte de l\u00edderes pol\u00edticos mundiales condenando excesos al impulsar estas agendas son bienvenidas. Los cambios que r\u00e1pidamente generaron en empresas como Google, la que acaba de abandonar sus acciones inclusivas (DEI), demuestran que se trataba de cuestiones estrictamente pol\u00edticas.<\/p>\n<\/div>\n<div class=\"sc-80531b6b-0 chRIGJ container-text text-embed\">\n<p>El gran cambio de paradigma acontecido en el gobierno corporativo en los \u00faltimos a\u00f1os ha sido la recomendaci\u00f3n a los directores de que tengan en cuenta en sus decisiones a todas aquellas personas e intereses (stakeholders) que pueden ser afectados por ellas.<\/p>\n<\/div>\n<div class=\"sc-80531b6b-0 chRIGJ container-text text-embed\">\n<p>Esta sana perspectiva ha sido frecuentemente llevada al extremo por los reguladores y usada como coartada para exigirles una consideraci\u00f3n por lo p\u00fablico sin necesidad de legitimarlo como lo que verdaderamente es: una carga impositiva u obligaci\u00f3n legal.<\/p>\n<\/div>\n<div class=\"sc-80531b6b-0 chRIGJ container-text text-embed\">\n<p>Las empresas son personas privadas colectivas y deben considerar a sus stakeholders del mismo modo en que cualquiera de nosotros, las personas privadas individuales, lo hacemos con nuestros vecinos, amigos o conciudadanos. Entregar recursos propios para perseguir fines p\u00fablicos, en cambio, debe quedar al arbitrio de cada empresa y su directorio, as\u00ed como de cada individuo.<\/p>\n<\/div>\n<div class=\"sc-80531b6b-0 chRIGJ container-text text-embed\">\n<p>Las empresas son los actores centrales de la vida econ\u00f3mica del presente. Que sean entidades colectivas a veces muy poderosas no las convierte en un estado. Los negocios deben desarrollarse en libertad y los directores, hacer el trabajo que saben hacer: dirigir empresas y mantenerlas sustentables.<\/p>\n<\/div>\n<div class=\"sc-80531b6b-0 chRIGJ container-text text-embed\">\n<p><em>Santiago Gallichio es fil\u00f3sofo, economista y empresario. Presidente del Instituto de Gobernanza Empresarial y P\u00fablica (IGEP). Autor de &#8220;La empresa como persona&#8221; (Eudeba, 2024)<\/em><\/p>\n<\/div>\n<\/div>\n<p><br \/>\n<br \/><a href=\"https:\/\/www.clarin.com\/opinion\/agenda-woke-vida-empresas_0_FpcI1bIOIX.html\">Fuente Clarin.com <\/a><\/p>\n","protected":false},"excerpt":{"rendered":"<p>La discusi\u00f3n sobre la agenda woke tiene su correlato al interior de las empresas. En los \u00faltimos 25 a\u00f1os se desarroll\u00f3 fuertemente el gobierno corporativo, cuyas recomendaciones y obligaciones son dirigidas a los directorios de empresas, principalmente las que cotizan en bolsas. Crecientemente, fueron siendo obligados a promover bienes como la diversidad al interior de [&hellip;]<\/p>\n","protected":false},"author":1,"featured_media":6222,"comment_status":"open","ping_status":"open","sticky":false,"template":"","format":"standard","meta":{"footnotes":""},"categories":[2],"tags":[472,867,48,113,7997],"class_list":["post-6221","post","type-post","status-publish","format-standard","has-post-thumbnail","hentry","category-ultimas-noticias","tag-agenda","tag-empresas","tag-las","tag-vida","tag-woke"],"_links":{"self":[{"href":"https:\/\/13.com.ar\/index.php\/wp-json\/wp\/v2\/posts\/6221","targetHints":{"allow":["GET"]}}],"collection":[{"href":"https:\/\/13.com.ar\/index.php\/wp-json\/wp\/v2\/posts"}],"about":[{"href":"https:\/\/13.com.ar\/index.php\/wp-json\/wp\/v2\/types\/post"}],"author":[{"embeddable":true,"href":"https:\/\/13.com.ar\/index.php\/wp-json\/wp\/v2\/users\/1"}],"replies":[{"embeddable":true,"href":"https:\/\/13.com.ar\/index.php\/wp-json\/wp\/v2\/comments?post=6221"}],"version-history":[{"count":0,"href":"https:\/\/13.com.ar\/index.php\/wp-json\/wp\/v2\/posts\/6221\/revisions"}],"wp:featuredmedia":[{"embeddable":true,"href":"https:\/\/13.com.ar\/index.php\/wp-json\/wp\/v2\/media\/6222"}],"wp:attachment":[{"href":"https:\/\/13.com.ar\/index.php\/wp-json\/wp\/v2\/media?parent=6221"}],"wp:term":[{"taxonomy":"category","embeddable":true,"href":"https:\/\/13.com.ar\/index.php\/wp-json\/wp\/v2\/categories?post=6221"},{"taxonomy":"post_tag","embeddable":true,"href":"https:\/\/13.com.ar\/index.php\/wp-json\/wp\/v2\/tags?post=6221"}],"curies":[{"name":"wp","href":"https:\/\/api.w.org\/{rel}","templated":true}]}}