{"id":611,"date":"2025-01-30T10:15:35","date_gmt":"2025-01-30T13:15:35","guid":{"rendered":"https:\/\/13.com.ar\/index.php\/martin-demichelis-suena-con-sergio-ramos-para-reforzar-al-monterrey-mexicano-que-quiere-darle-pelea-a-river-en-el-mundial-de-clubes\/"},"modified":"2025-01-30T10:15:35","modified_gmt":"2025-01-30T13:15:35","slug":"martin-demichelis-suena-con-sergio-ramos-para-reforzar-al-monterrey-mexicano-que-quiere-darle-pelea-a-river-en-el-mundial-de-clubes","status":"publish","type":"post","link":"https:\/\/13.com.ar\/index.php\/martin-demichelis-suena-con-sergio-ramos-para-reforzar-al-monterrey-mexicano-que-quiere-darle-pelea-a-river-en-el-mundial-de-clubes\/","title":{"rendered":"Mart\u00edn Demichelis sue\u00f1a con Sergio Ramos para reforzar al Monterrey mexicano, que quiere darle pelea a River en el Mundial de Clubes"},"content":{"rendered":"<p> <br \/>\n<\/p>\n<div id=\"cuerpo\">\n<div class=\"sc-80531b6b-0 chRIGJ container-text text-embed\">\n<p><strong>Mart\u00edn Demichelis<\/strong>, entrenador del <strong>Monterrey <\/strong>del f\u00fatbol mexicano, afirm\u00f3 estar ilusionado con la posible llegada del mundialista espa\u00f1ol <strong>Sergio Ramos<\/strong> para fortalecer la defensa de su equipo, el punto d\u00e9bil en un comienzo complicado en el torneo mexicano.<\/p>\n<\/div>\n<div class=\"sc-80531b6b-0 chRIGJ container-text text-embed\">\n<p>Los Rayados llevan cuatro partidos en el torneo <strong>y apenas acumulan tres puntos<\/strong>, producto de tres empates y una derrota. Para colmo, en las \u00faltimas dos fechas recibieron seis goles en contra. &#8220;Como exdefensor me duele much\u00edsimo&#8221;, reconoci\u00f3 el argentino.<\/p>\n<\/div>\n<div class=\"sc-80531b6b-0 chRIGJ container-text text-embed\">\n<p>El poderoso club mexicano tiene en la mira la competici\u00f3n local y los compromisos internacionales pero el desaf\u00edo m\u00e1ximo es el <strong>Mundial de Clubes<\/strong>, donde compartir\u00e1 el Grupo E con <strong>Inter de Mil\u00e1n, River y el Urawa Red Diamonds<\/strong> de Jap\u00f3n. En la previa, se cree que Monterrey y River pelear\u00e1n mano a mano por la segunda plaza que dar\u00e1 la clasificaci\u00f3n a octavos de final: de ah\u00ed el morbo que genera el enfrentamiento Demichelis y Gallardo, su sucesor en N\u00fa\u00f1ez.<\/p>\n<\/div>\n<div class=\"sc-80531b6b-0 chRIGJ container-text text-embed\">\n<p>El entrenador no lo dice pero en su cabeza est\u00e1 la idea de romper con un paradigma que afecta al f\u00fatbol mexicano: quiere ir al Mundial a competir y no conformarse con participar.<\/p>\n<\/div>\n<div class=\"sc-80531b6b-0 chRIGJ container-text text-embed\">\n<p>&#8220;Tenemos que reforzarnos atr\u00e1s con un gran jugador que nos ayude porque a veces los rivales nos convierten con m\u00ednimos detalles. \u00bfSe imaginan lo que ser\u00eda Sergio Ramos para la Liga Mx? Ojal\u00e1 que se pueda concretar&#8221;, dijo Demichelis en conferencia de prensa.<\/p>\n<\/div>\n<div class=\"sc-198be8ec-0 cynXbu image-embed  image-embed \"><picture class=\"sc-198be8ec-1 kOjRiQ\"><source media=\"(min-width: 975px)\" width=\"720\" height=\"480\" \/><img alt=\"Mart\u00edn Demichelis busca darle un salto de calidad a Monterrey. Foto: EFE \/ Miguel Sierra.\" loading=\"lazy\" width=\"720\" height=\"480\" decoding=\"async\" data-nimg=\"1\" style=\"color:transparent\" src=\"https:\/\/13.com.ar\/wp-content\/uploads\/2025\/01\/Martin-Demichelis-suena-con-Sergio-Ramos-para-reforzar-al-Monterrey.jpg\"\/><span class=\"epigraphe\">Mart\u00edn Demichelis busca darle un salto de calidad a Monterrey. Foto: EFE \/ Miguel Sierra.<\/span><span class=\"bkg\"\/><span class=\"picture-open\"><button class=\"open-image\" aria-label=\"Open Image\"\/><\/span><\/picture><\/div>\n<div class=\"sc-80531b6b-0 chRIGJ container-text text-embed\">\n<p>Sin negar la posibilidad de que el campe\u00f3n del mundo llegue a su equipo, Demichelis afirm\u00f3 que le gustar\u00eda tener en su plantel a un &#8220;jugador de la trayectoria, con la personalidad y la jerarqu\u00eda de Sergio&#8221; para sustituir a Carlos Salcedo, lesionado.<\/p>\n<\/div>\n<div class=\"sc-80531b6b-0 chRIGJ container-text text-embed\">\n<p>Los Rayados empataron este mi\u00e9rcoles 3-3 con el Atlas, con anotaciones del espa\u00f1ol Oliver Torres, de Ricardo Ch\u00e1vez y de Alfonso Alvarado. El equipo de Micho dio vuelta el partido con marcador adverso en el segundo tiempo, pero no logr\u00f3 mantener la ventaja, y un error defensivo permiti\u00f3 el gol del empate en los \u00faltimos minutos del encuentro.<\/p>\n<\/div>\n<div class=\"sc-80531b6b-0 chRIGJ container-text text-embed\">\n<p>Ese tipo de descuidos, lo sabe el ex Bayern M\u00fanich, no pueden permit\u00edrselos ante rivales de la talla de River y mucho menos ante Inter de Mil\u00e1n, el otro peso pesado con el que compartir\u00e1 grupo en el torneo organizado por la FIFA en Estados Unidos.<\/p>\n<\/div>\n<div class=\"sc-198be8ec-0 cynXbu image-embed  image-embed \"><picture class=\"sc-198be8ec-1 kOjRiQ\"><source media=\"(min-width: 975px)\" width=\"720\" height=\"480\" \/><img alt=\"Sergio Ramos son\u00f3 para Boca pero su elevado contrato no era acorde para la econom\u00eda del f\u00fatbol argentino.\" loading=\"lazy\" width=\"720\" height=\"480\" decoding=\"async\" data-nimg=\"1\" style=\"color:transparent\" src=\"https:\/\/13.com.ar\/wp-content\/uploads\/2025\/01\/1738242935_315_Martin-Demichelis-suena-con-Sergio-Ramos-para-reforzar-al-Monterrey.jpg\"\/><span class=\"epigraphe\">Sergio Ramos son\u00f3 para Boca pero su elevado contrato no era acorde para la econom\u00eda del f\u00fatbol argentino.<\/span><span class=\"bkg\"\/><span class=\"picture-open\"><button class=\"open-image\" aria-label=\"Open Image\"\/><\/span><\/picture><\/div>\n<div class=\"sc-80531b6b-0 chRIGJ container-text text-embed\">\n<p>Demichelis lament\u00f3 que Monterrey sume seis goles en contra en s\u00f3lo dos partidos, pese a lograr un buen funcionamiento en ciertos momentos. &#8220;Nos est\u00e1n convirtiendo much\u00edsimo, nos hicieron seis goles en dos partidos. Primero como entrenador y segundo como exdefensor que me metan goles me duele much\u00edsimo, que sean tantos me duele m\u00e1s&#8221;, expres\u00f3.<\/p>\n<\/div>\n<div class=\"sc-80531b6b-0 chRIGJ container-text text-embed\">\n<p>Monterrey se ubica en el decimotercer lugar de la clasificaci\u00f3n con tres puntos al sumar tres empates y una derrota. El t\u00e9cnico consider\u00f3 que el equipo est\u00e1 obligado a ganar ante Necaxa el pr\u00f3ximo fin de semana, si quiere pelear un lugar en la liguilla. &#8220;Hay cosas que corregir. Es momento de reaccionar ante nuestra gente, en nuestro estadio con un equipo como Necaxa&#8221;, concluy\u00f3.<\/p>\n<\/div>\n<div class=\"sc-80531b6b-0 chRIGJ container-text text-embed\">\n<p><em>Con informaci\u00f3n de Agencias<\/em><\/p>\n<\/div>\n<\/div>\n<p><br \/>\n<br \/><a href=\"https:\/\/www.clarin.com\/deportes\/martin-demichelis-suena-sergio-ramos-reforzar-monterrey-mexicano-quiere-darle-pelea-river-mundial-clubes_0_crgqk3mHDg.html\">Fuente Clarin.com <\/a><\/p>\n","protected":false},"excerpt":{"rendered":"<p>Mart\u00edn Demichelis, entrenador del Monterrey del f\u00fatbol mexicano, afirm\u00f3 estar ilusionado con la posible llegada del mundialista espa\u00f1ol Sergio Ramos para fortalecer la defensa de su equipo, el punto d\u00e9bil en un comienzo complicado en el torneo mexicano. Los Rayados llevan cuatro partidos en el torneo y apenas acumulan tres puntos, producto de tres empates [&hellip;]<\/p>\n","protected":false},"author":1,"featured_media":612,"comment_status":"open","ping_status":"open","sticky":false,"template":"","format":"standard","meta":{"footnotes":""},"categories":[2],"tags":[1613,18,1611,1605,1604,1170,1610,1612,16,777,1273,1608,1609,595,1607,1606],"class_list":["post-611","post","type-post","status-publish","format-standard","has-post-thumbnail","hentry","category-ultimas-noticias","tag-clubes","tag-con","tag-darle","tag-demichelis","tag-martin","tag-mexicano","tag-monterrey","tag-mundial","tag-para","tag-pelea","tag-quiere","tag-ramos","tag-reforzar","tag-river","tag-sergio","tag-suena"],"_links":{"self":[{"href":"https:\/\/13.com.ar\/index.php\/wp-json\/wp\/v2\/posts\/611","targetHints":{"allow":["GET"]}}],"collection":[{"href":"https:\/\/13.com.ar\/index.php\/wp-json\/wp\/v2\/posts"}],"about":[{"href":"https:\/\/13.com.ar\/index.php\/wp-json\/wp\/v2\/types\/post"}],"author":[{"embeddable":true,"href":"https:\/\/13.com.ar\/index.php\/wp-json\/wp\/v2\/users\/1"}],"replies":[{"embeddable":true,"href":"https:\/\/13.com.ar\/index.php\/wp-json\/wp\/v2\/comments?post=611"}],"version-history":[{"count":0,"href":"https:\/\/13.com.ar\/index.php\/wp-json\/wp\/v2\/posts\/611\/revisions"}],"wp:featuredmedia":[{"embeddable":true,"href":"https:\/\/13.com.ar\/index.php\/wp-json\/wp\/v2\/media\/612"}],"wp:attachment":[{"href":"https:\/\/13.com.ar\/index.php\/wp-json\/wp\/v2\/media?parent=611"}],"wp:term":[{"taxonomy":"category","embeddable":true,"href":"https:\/\/13.com.ar\/index.php\/wp-json\/wp\/v2\/categories?post=611"},{"taxonomy":"post_tag","embeddable":true,"href":"https:\/\/13.com.ar\/index.php\/wp-json\/wp\/v2\/tags?post=611"}],"curies":[{"name":"wp","href":"https:\/\/api.w.org\/{rel}","templated":true}]}}