{"id":609,"date":"2025-01-30T10:12:32","date_gmt":"2025-01-30T13:12:32","guid":{"rendered":"https:\/\/13.com.ar\/index.php\/arte-ciencia-y-tecnologia-en-el-centro-cultural-recoleta\/"},"modified":"2025-01-30T10:12:32","modified_gmt":"2025-01-30T13:12:32","slug":"arte-ciencia-y-tecnologia-en-el-centro-cultural-recoleta","status":"publish","type":"post","link":"https:\/\/13.com.ar\/index.php\/arte-ciencia-y-tecnologia-en-el-centro-cultural-recoleta\/","title":{"rendered":"arte, ciencia y tecnolog\u00eda en el Centro Cultural Recoleta"},"content":{"rendered":"<p> <br \/>\n<\/p>\n<div id=\"cuerpo\">\n<div class=\"sc-80531b6b-0 chRIGJ container-text text-embed\">\n<p>Desde 2021 el <strong>Centro Cultural de Espa\u00f1a en Buenos Aires<\/strong> tiene establecido un<strong> MediaLaB<\/strong>, unidad destinada a brindar apoyo a <strong>proyectos y experiencias innovadoras<\/strong> en el cruce de lenguajes entre el arte, la ciencia y la tecnolog\u00eda. En el mes de noviembre pasado, abri\u00f3 en las salas 7,8 y 9 del <strong>Centro Cultural Recoleta<\/strong>, la muestra <strong><em>Memorias en gestaci\u00f3n,<\/em><\/strong> panorama de dos a\u00f1os de trabajo y acompa\u00f1amiento de tres proyectos por a\u00f1o que brinda un horizonte interesante de grupos e individuos que trabajan en todo el pa\u00eds.<\/p>\n<\/div>\n<div class=\"sc-80531b6b-0 chRIGJ container-text text-embed\">\n<p><strong>Artistas formados desde Argentina<\/strong> por carreras que ya tienen entre una o dos d\u00e9cadas de funcionamiento en universidades del pa\u00eds, especialmente la UNA (CABA), la UNTREF (Pcia Buenos Aires) y la Universidad Nacional de Villa Mar\u00eda UNVM (C\u00f3rdoba).<\/p>\n<\/div>\n<div class=\"sc-80531b6b-0 chRIGJ container-text text-embed\">\n<p>Los coordinadores del programa, Emiliano Causa y Mat\u00edas Romero Costas junto a un comit\u00e9 de expertos, seleccionaron para este programa p\u00fablico y federal,<strong> tres proyectos en 2023 y otros tres en 2024.<\/strong> La distinci\u00f3n incluye el seguimiento en la producci\u00f3n adem\u00e1s del financiamiento concreto para desarrollar la idea.<\/p>\n<\/div>\n<div class=\"sc-198be8ec-0 cynXbu image-embed  image-embed \"><picture class=\"sc-198be8ec-1 kOjRiQ\"><source media=\"(min-width: 975px)\" width=\"720\" height=\"480\" \/><img alt=\"Leonello Zamb\u00f3n y &quot;Sindicato involuntario 2&quot;, en Memorias en gestaci\u00f3n, que se puede ver en las salas 7, 8 y 9 del Centro Cultural Recoleta. Foto: gentileza.\" loading=\"lazy\" width=\"720\" height=\"480\" decoding=\"async\" data-nimg=\"1\" style=\"color:transparent\" src=\"https:\/\/13.com.ar\/wp-content\/uploads\/2025\/01\/arte-ciencia-y-tecnologia-en-el-Centro-Cultural-Recoleta.jpg\"\/><span class=\"epigraphe\">Leonello Zamb\u00f3n y &#8220;Sindicato involuntario 2&#8221;, en Memorias en gestaci\u00f3n, que se puede ver en las salas 7, 8 y 9 del Centro Cultural Recoleta. Foto: gentileza.<\/span><span class=\"bkg\"\/><span class=\"picture-open\"><button class=\"open-image\" aria-label=\"Open Image\"\/><\/span><\/picture><\/div>\n<div class=\"sc-80531b6b-0 chRIGJ container-text text-embed\">\n<p>Bajo la curadur\u00eda de <strong>Jimena Ferreiro<\/strong>, se puede disfrutar hasta mediados de marzo, las propuestas de Andr\u00e9s Belfanti (Villa Mar\u00eda, 1985) en dupla con Federico Ragessi (Ciudad de C\u00f3rdoba, 1985), Penny Di Roma (Ciudad de Buenos Aires, 1988), Indira Montoya (Ciudad de C\u00f3rdoba,1975), Karen Palacio (Ciudad de C\u00f3rdoba, 1994), Franco Palioff (Jun\u00edn, 1988), Leonello Zamb\u00f3n (Ciudad de Buenos Aires, 1970) junto al Sindicato Involuntario (colectivo integrado por Jer\u00f3nimo Bujman, Estanislao Correa, In\u00e9s Laurencena, Carlos Lescano, Dai Natalia Pers\u00e9fone Miauro, Micaela P\u00e9rez, Gimena Utense, Dante Vaccaro Arakaki, Tom\u00e1s Werth y Leonello Zamb\u00f3n).<\/p>\n<\/div>\n<p><h2>Singularidades y especificaciones<\/h2>\n<\/p>\n<div class=\"sc-80531b6b-0 chRIGJ container-text text-embed\">\n<p>Cada plan tiene singularidades y especificaciones t\u00e9cnicas que vale profundizar con los cuidadores de sala en la visita, pues <strong>los contenidos que aparecen son muy diferentes entre s\u00ed <\/strong>y marcan un se\u00f1alamiento que es importante pensar: actuar frente a la tecnolog\u00eda no como usuario sino como creativo, lo que implica que se toman todas las ventajas posibles para utilizar dentro de cada sistema, sin importar si es lo \u00faltimo en innovaci\u00f3n.<\/p>\n<\/div>\n<div class=\"sc-80531b6b-0 chRIGJ container-text text-embed\">\n<p>Abre la sala <strong>Penny Di Roma<\/strong> con una instalaci\u00f3n de<strong> c\u00e1psulas incubadoras<\/strong> que est\u00e1n producida con biotextiles, aluden ya desde el rojo furioso a la funci\u00f3n reproductiva de un \u00fatero y albergan ecosistemas vivos como plantas que crecen sobre desechos pl\u00e1sticos, recreando las estructuras de estalagmitas y estalactitas en &#8220;Po\u00e9ticas de la Naturaleza: Memorias en gestaci\u00f3n&#8221;, que por sugerente ha sido utilizado para nombrar toda la muestra.<\/p>\n<\/div>\n<div class=\"sc-198be8ec-0 cynXbu image-embed  image-embed \"><picture class=\"sc-198be8ec-1 kOjRiQ\"><source media=\"(min-width: 975px)\" width=\"720\" height=\"480\" \/><img alt=\"Indira Montoya propone &quot;Te convertir\u00e1s en sal&quot;, en Memorias en gestaci\u00f3n, que se puede ver en las salas 7, 8 y 9 del Centro Cultural Recoleta. Foto: gentileza.\" loading=\"lazy\" width=\"720\" height=\"480\" decoding=\"async\" data-nimg=\"1\" style=\"color:transparent\" src=\"https:\/\/13.com.ar\/wp-content\/uploads\/2025\/01\/1738242752_200_arte-ciencia-y-tecnologia-en-el-Centro-Cultural-Recoleta.jpg\"\/><span class=\"epigraphe\">Indira Montoya propone &#8220;Te convertir\u00e1s en sal&#8221;, en Memorias en gestaci\u00f3n, que se puede ver en las salas 7, 8 y 9 del Centro Cultural Recoleta. Foto: gentileza.<\/span><span class=\"bkg\"\/><span class=\"picture-open\"><button class=\"open-image\" aria-label=\"Open Image\"\/><\/span><\/picture><\/div>\n<div class=\"sc-80531b6b-0 chRIGJ container-text text-embed\">\n<p>Sigue con una instalaci\u00f3n que une dos temporalidades con tecnolog\u00edas muy distintas adaptadas a un nuevo sistema, &#8220;\u00c9tudes (Sobre un rollo de pianola encontrado, 2024)&#8221;, de<strong> Andr\u00e9s Belfanti y Federico Ragessi<\/strong>. Descripta por sus autores como \u2018una <strong>instalaci\u00f3n sonora<\/strong> que pone en escena una exploraci\u00f3n arqueol\u00f3gica realizada por un brazo rob\u00f3tico sobre un rollo de pianola encontrado\u2019.<\/p>\n<\/div>\n<div class=\"sc-80531b6b-0 chRIGJ container-text text-embed\">\n<p>Equipado con c\u00e1mara, el <strong>robot <\/strong>\u2013que no tiene forma de humanoide y se desplaza por un riel en el piso\u2013 analiza el rollo extendido sobre una estructura a la altura de la vista promedio de un adulto y, mediante algoritmos de computer vision, un campo de la inform\u00e1tica que permite a las m\u00e1quinas identificar y comprender objetos y personas en im\u00e1genes y videos muy usado en control de edificios, va identificando \u2018marcas y notaciones del papel para producir composiciones sonoras en tiempo real\u2019.<\/p>\n<\/div>\n<div class=\"sc-80531b6b-0 chRIGJ container-text text-embed\">\n<p>La belleza del ensamblado de partes encontradas fortuitamente tanto como el rollo de pianola hacen pensar en la inventiva de quienes van buscando soluciones en un tiempo donde lo anal\u00f3gico y lo digital conviven.<\/p>\n<\/div>\n<p><h2>Circuitos experimentales<\/h2>\n<\/p>\n<div class=\"sc-80531b6b-0 chRIGJ container-text text-embed\">\n<p>Otro de los proyectos seleccionados en 2023 es &#8220;Lenguaje frontera. Otros infinitos en las fisuras t\u00e9cnicas de los sistemas&#8221;, de <strong>Karen Palacio<\/strong>, se trata de una <strong>videoinstalaci\u00f3n <\/strong>con sonido est\u00e9reo para pantallas, compuesta de partes desplegadas que visibilizan los distintos estadios de producci\u00f3n, usando circuitos experimentales de creaci\u00f3n de sentido a partir de datasets o datos p\u00fablicos generados, guardados y publicados por organismos de gobierno como la Rep\u00fablica Argentina.<\/p>\n<\/div>\n<div class=\"sc-198be8ec-0 cynXbu image-embed  image-embed \"><picture class=\"sc-198be8ec-1 kOjRiQ\"><source media=\"(min-width: 975px)\" width=\"720\" height=\"480\" \/><img alt=\"Instalaci\u00f3n sonora titulada \u201c\u00c9tudes (Sobre un rollo de pianola encontrado)\u201d en Memorias en gestaci\u00f3n, que se puede ver en las salas 7, 8 y 9 del Centro Cultural Recoleta. Foto: gentileza.\" loading=\"lazy\" width=\"720\" height=\"480\" decoding=\"async\" data-nimg=\"1\" style=\"color:transparent\" src=\"https:\/\/13.com.ar\/wp-content\/uploads\/2025\/01\/1738242752_616_arte-ciencia-y-tecnologia-en-el-Centro-Cultural-Recoleta.jpg\"\/><span class=\"epigraphe\">Instalaci\u00f3n sonora titulada \u201c\u00c9tudes (Sobre un rollo de pianola encontrado)\u201d en Memorias en gestaci\u00f3n, que se puede ver en las salas 7, 8 y 9 del Centro Cultural Recoleta. Foto: gentileza.<\/span><span class=\"bkg\"\/><span class=\"picture-open\"><button class=\"open-image\" aria-label=\"Open Image\"\/><\/span><\/picture><\/div>\n<div class=\"sc-80531b6b-0 chRIGJ container-text text-embed\">\n<p>En este caso, los datos fueron construidos por la artista a lo largo de<strong> m\u00e1s de diez a\u00f1os de anotaciones, grabaciones de voz y an\u00e1lisis de sue\u00f1os<\/strong>, lo que produce varias sensaciones asociadas a sistemas de visualizaci\u00f3n que van desde lo m\u00e1s t\u00e9cnico a lo on\u00edrico con cierto toque sensual.<\/p>\n<\/div>\n<div class=\"sc-80531b6b-0 chRIGJ container-text text-embed\">\n<p>De los proyectos seleccionados en 2024, una gran sala alberga el despliegue de la pieza &#8220;Te convertir\u00e1s en sal&#8221;, de<strong> Indira Montoya <\/strong>que induce al visitante a <strong>interactuar <\/strong>explorando paisajes y ruinas de la Laguna Mar Chiquita, provincia de C\u00f3rdoba, que sufri\u00f3 una inundaci\u00f3n regional muy severa.<\/p>\n<\/div>\n<div class=\"sc-80531b6b-0 chRIGJ container-text text-embed\">\n<p>La obra <strong>es un homenaje de la artista a su madre<\/strong> pues pocos conocen la historia del lugar, revelando paisajes recreados a partir de fotograf\u00edas a\u00e9reas, im\u00e1genes satelitales y modelos 3D generados mediante fotogrametr\u00eda y escaneos de la zona con videos producidos con motores de videojuegos y una experiencia de realidad virtual muy recomendable de experimentar.<\/p>\n<\/div>\n<div class=\"sc-198be8ec-0 cynXbu image-embed  image-embed \"><picture class=\"sc-198be8ec-1 kOjRiQ\"><source media=\"(min-width: 975px)\" width=\"720\" height=\"480\" \/><img alt=\"Franco Palioff presenta ElectroChikry en Memorias en gestaci\u00f3n, que se puede ver en las salas 7, 8 y 9 del Centro Cultural Recoleta. Foto: gentileza.\" loading=\"lazy\" width=\"720\" height=\"480\" decoding=\"async\" data-nimg=\"1\" style=\"color:transparent\" src=\"https:\/\/13.com.ar\/wp-content\/uploads\/2025\/01\/1738242752_42_arte-ciencia-y-tecnologia-en-el-Centro-Cultural-Recoleta.jpg\"\/><span class=\"epigraphe\">Franco Palioff presenta ElectroChikry en Memorias en gestaci\u00f3n, que se puede ver en las salas 7, 8 y 9 del Centro Cultural Recoleta. Foto: gentileza.<\/span><span class=\"bkg\"\/><span class=\"picture-open\"><button class=\"open-image\" aria-label=\"Open Image\"\/><\/span><\/picture><\/div>\n<p><h2>Una sonrisa que activa el sistema<\/h2>\n<\/p>\n<div class=\"sc-80531b6b-0 chRIGJ container-text text-embed\">\n<p>En otra sala, una curiosa instalaci\u00f3n enuncia la transici\u00f3n incompleta entre el trabajo f\u00edsico y la automatizaci\u00f3n en la obra &#8220;Electrochikry&#8221; de Franco Palioff. El visitante se convierte en usuario que <strong>debe arrodillarse para activar el sistema mediante su sonrisa<\/strong> sostenida para que sea captada por la m\u00e1quina.<\/p>\n<\/div>\n<div class=\"sc-80531b6b-0 chRIGJ container-text text-embed\">\n<p>Bajo la apariencia de eficiencia y progreso, este sonre\u00edr \u2018ya no es meramente un gesto de satisfacci\u00f3n, sino un s\u00edmbolo de c\u00f3mo las emociones humanas se integran en los algoritmos que controlan las nuevas formas de trabajo\u2019 sostiene el artista.<\/p>\n<\/div>\n<div class=\"sc-198be8ec-0 cynXbu image-embed  image-embed \"><picture class=\"sc-198be8ec-1 kOjRiQ\"><source media=\"(min-width: 975px)\" width=\"720\" height=\"480\" \/><img alt=\"Leonello Zamb\u00f3n y &quot;Sindicato involuntario(1)&quot;, en Memorias en gestaci\u00f3n, que se puede ver en las salas 7, 8 y 9 del Centro Cultural Recoleta. Foto: gentileza.\" loading=\"lazy\" width=\"720\" height=\"480\" decoding=\"async\" data-nimg=\"1\" style=\"color:transparent\" src=\"https:\/\/13.com.ar\/wp-content\/uploads\/2025\/01\/1738242752_835_arte-ciencia-y-tecnologia-en-el-Centro-Cultural-Recoleta.jpg\"\/><span class=\"epigraphe\">Leonello Zamb\u00f3n y &#8220;Sindicato involuntario(1)&#8221;, en Memorias en gestaci\u00f3n, que se puede ver en las salas 7, 8 y 9 del Centro Cultural Recoleta. Foto: gentileza.<\/span><span class=\"bkg\"\/><span class=\"picture-open\"><button class=\"open-image\" aria-label=\"Open Image\"\/><\/span><\/picture><\/div>\n<div class=\"sc-80531b6b-0 chRIGJ container-text text-embed\">\n<p>Cierra la muestra una <strong>instalaci\u00f3n <\/strong>que apela, no ya sue\u00f1os personales ni evocaciones familiares, sino que<strong> trabaja en torno a la memoria colectiva <\/strong>con un proyecto que qued\u00f3 moment\u00e1neamente frenado en Campo de Mayo, partido de San Miguel en provincia de Buenos Aires.<\/p>\n<\/div>\n<div class=\"sc-80531b6b-0 chRIGJ container-text text-embed\">\n<p>Se proyectaba la construcci\u00f3n de un &#8220;Espacio de Memoria&#8221; dentro del sitio desde donde salieron los aviones Fiat G. 222, llamados <strong>\u2018vuelos de la muerte\u2019 en la \u00faltima dictadura militar.<\/strong><\/p>\n<\/div>\n<div class=\"sc-80531b6b-0 chRIGJ container-text text-embed\">\n<p><strong>Leonello Zamb\u00f3n junto al Sindicato Involuntario <\/strong>recrean en &#8220;La Memoria de un Eco. Espejismos aurales en el desierto fantasma&#8221;, lo que \u2013a simple vista\u2013 parece la instalaci\u00f3n m\u00e1s dif\u00edcil de asociar con tecnolog\u00eda pues se compone de<strong> una gran maqueta cedida por Campo de Mayo<\/strong> junto a un desarrollo que potencialmente actuar\u00eda como m\u00e1quina de ecos \u2018en complicidad con el viento y la actividad electromagn\u00e9tica del lugar, transformando estas energ\u00edas invisibles en informaci\u00f3n sonora transmitida hacia determinados puntos dentro del predio haci\u00e9ndolos entrar en resonancia con aquellos aviones todav\u00eda conservados en el predio\u2019.<\/p>\n<\/div>\n<div class=\"sc-80531b6b-0 chRIGJ container-text text-embed\">\n<p>El car\u00e1cter de una construcci\u00f3n detenida apela no s\u00f3lo a la continuidad del proyecto sino a visibilizar un entorno donde operan grupos en riesgo ambiental y social.<\/p>\n<\/div>\n<div class=\"sc-80531b6b-0 chRIGJ container-text text-embed\">\n<p>Vale la recorrida por un Centro Recoleta que vuelve a tomar protagonismo con muestras muy diversas para todos los p\u00fablicos.<\/p>\n<\/div>\n<div class=\"sc-80531b6b-0 chRIGJ container-text text-embed\">\n<p><strong><em>Memorias en gestaci\u00f3n<\/em> se puede ver en las salas 7, 8 y 9 del Centro Cultural Recoleta (Jun\u00edn 1930), de martes a viernes 13.30 a 22, y s\u00e1bados, domingos y feriados de 11.15 a 22. Hasta marzo 2025<\/strong><\/p>\n<\/div>\n<\/div>\n<p><script async src=\"\/\/www.instagram.com\/embed.js\"><\/script><br \/>\n<br \/><br \/>\n<br \/><a href=\"https:\/\/www.clarin.com\/cultura\/memorias-gestacion-arte-ciencia-tecnologia-centro-cultural-recoleta_0_wEBcctHSic.html\">Fuente Clarin.com <\/a><\/p>\n","protected":false},"excerpt":{"rendered":"<p>Desde 2021 el Centro Cultural de Espa\u00f1a en Buenos Aires tiene establecido un MediaLaB, unidad destinada a brindar apoyo a proyectos y experiencias innovadoras en el cruce de lenguajes entre el arte, la ciencia y la tecnolog\u00eda. En el mes de noviembre pasado, abri\u00f3 en las salas 7,8 y 9 del Centro Cultural Recoleta, la [&hellip;]<\/p>\n","protected":false},"author":1,"featured_media":610,"comment_status":"open","ping_status":"open","sticky":false,"template":"","format":"standard","meta":{"footnotes":""},"categories":[2],"tags":[1116,1601,895,1602,1603,769],"class_list":["post-609","post","type-post","status-publish","format-standard","has-post-thumbnail","hentry","category-ultimas-noticias","tag-arte","tag-centro","tag-ciencia","tag-cultural","tag-recoleta","tag-tecnologia"],"_links":{"self":[{"href":"https:\/\/13.com.ar\/index.php\/wp-json\/wp\/v2\/posts\/609","targetHints":{"allow":["GET"]}}],"collection":[{"href":"https:\/\/13.com.ar\/index.php\/wp-json\/wp\/v2\/posts"}],"about":[{"href":"https:\/\/13.com.ar\/index.php\/wp-json\/wp\/v2\/types\/post"}],"author":[{"embeddable":true,"href":"https:\/\/13.com.ar\/index.php\/wp-json\/wp\/v2\/users\/1"}],"replies":[{"embeddable":true,"href":"https:\/\/13.com.ar\/index.php\/wp-json\/wp\/v2\/comments?post=609"}],"version-history":[{"count":0,"href":"https:\/\/13.com.ar\/index.php\/wp-json\/wp\/v2\/posts\/609\/revisions"}],"wp:featuredmedia":[{"embeddable":true,"href":"https:\/\/13.com.ar\/index.php\/wp-json\/wp\/v2\/media\/610"}],"wp:attachment":[{"href":"https:\/\/13.com.ar\/index.php\/wp-json\/wp\/v2\/media?parent=609"}],"wp:term":[{"taxonomy":"category","embeddable":true,"href":"https:\/\/13.com.ar\/index.php\/wp-json\/wp\/v2\/categories?post=609"},{"taxonomy":"post_tag","embeddable":true,"href":"https:\/\/13.com.ar\/index.php\/wp-json\/wp\/v2\/tags?post=609"}],"curies":[{"name":"wp","href":"https:\/\/api.w.org\/{rel}","templated":true}]}}