{"id":6061,"date":"2025-02-19T11:38:36","date_gmt":"2025-02-19T14:38:36","guid":{"rendered":"https:\/\/13.com.ar\/index.php\/las-metalurgicas-estan-trabajando-a-menos-de-la-mitad-de-su-capacidad-pero-algunos-sectores-empiezan-a-recuperarse\/"},"modified":"2025-02-19T11:38:36","modified_gmt":"2025-02-19T14:38:36","slug":"las-metalurgicas-estan-trabajando-a-menos-de-la-mitad-de-su-capacidad-pero-algunos-sectores-empiezan-a-recuperarse","status":"publish","type":"post","link":"https:\/\/13.com.ar\/index.php\/las-metalurgicas-estan-trabajando-a-menos-de-la-mitad-de-su-capacidad-pero-algunos-sectores-empiezan-a-recuperarse\/","title":{"rendered":"Las metal\u00fargicas est\u00e1n trabajando a menos de la mitad de su capacidad, pero algunos sectores empiezan a recuperarse"},"content":{"rendered":"<p> <br \/>\n<\/p>\n<div id=\"cuerpo\">\n<div class=\"sc-80531b6b-0 chRIGJ container-text text-embed\">\n<p>A pesar de los pedidos del sector industrial al Gobierno, ante la necesidad de pol\u00edticas que mejoren la competitividad de las empresas, en enero la actividad metal\u00fargica subi\u00f3 un 2,6% interanual y un 1,2% con respecto a diciembre. <\/p>\n<\/div>\n<div class=\"sc-80531b6b-0 chRIGJ container-text text-embed\">\n<p>Sin embargo, <strong>el sector est\u00e1 trabajando al 47,6% de la capacidad instalada<\/strong>, un 4,9% menos que el mes anterior, cuando se produjo al 52,5% del m\u00e1ximo posible.<\/p>\n<\/div>\n<div class=\"sc-80531b6b-0 chRIGJ container-text text-embed\">\n<p>Esto es lo que afirma el informe de Actividad Metal\u00fargica de enero 2025 que realiza la Asociaci\u00f3n de Industriales Metal\u00fargicos de la Rep\u00fablica Argentina (ADIMRA).<\/p>\n<\/div>\n<div class=\"sc-198be8ec-0 cynXbu image-embed  image-embed \"><picture class=\"sc-198be8ec-1 kOjRiQ\"><source media=\"(min-width: 975px)\" width=\"720\" height=\"480\" \/><img alt=\"El sector metal\u00fargico fue uno de los m\u00e1s golpeados en 2024.\" loading=\"lazy\" width=\"720\" height=\"480\" decoding=\"async\" data-nimg=\"1\" style=\"color:transparent\" src=\"https:\/\/13.com.ar\/wp-content\/uploads\/2025\/02\/1739399743_239_Cuanto-cobra-un-obrero-metalurgico-en-febrero-de-2025.jpg\"\/><span class=\"epigraphe\">El sector metal\u00fargico fue uno de los m\u00e1s golpeados en 2024.<\/span><span class=\"bkg\"\/><span class=\"picture-open\"><button class=\"open-image\" aria-label=\"Open Image\"\/><\/span><\/picture><\/div>\n<div class=\"sc-80531b6b-0 chRIGJ container-text text-embed\">\n<p>El aumento registrado en el nivel de actividad se debi\u00f3 a que <strong>en enero de 2024 hab\u00eda habido un parate en la producci\u00f3n por el cambio de gobierno<\/strong>, la devaluaci\u00f3n y las medidas de ajuste implementadas. Esto se tradujo en un 4,4% de baja en la actividad metal\u00fargica en enero y febrero del a\u00f1o pasado.<\/p>\n<\/div>\n<div class=\"sc-80531b6b-0 chRIGJ container-text text-embed\">\n<p>Luego del primer cimbronazo, que gener\u00f3 una retracci\u00f3n en el mercado y preocupaci\u00f3n entre los empresarios, la tendencia negativa cambi\u00f3 su rumbo hacia un alza en julio, aunque no mantuvo una misma l\u00ednea a lo largo del \u00faltimo semestre.<\/p>\n<\/div>\n<div class=\"sc-80531b6b-0 chRIGJ container-text text-embed\">\n<p>Desde el sector metal\u00fargico explican que la contradicci\u00f3n entre el aumento de la actividad del mes pasado del 1,2% con respecto a diciembre y la baja en la proporci\u00f3n de capacidad disponible utilizada del 4,9% en el mismo per\u00edodo sucedi\u00f3 porque <strong>muchos productores vendieron stock que ten\u00edan acumulado<\/strong>.<\/p>\n<\/div>\n<div class=\"sc-198be8ec-0 cynXbu image-embed  image-embed \"><picture class=\"sc-198be8ec-1 kOjRiQ\"><source media=\"(min-width: 975px)\" width=\"720\" height=\"480\" \/><img alt=\"Foto de archivo.\" loading=\"lazy\" width=\"720\" height=\"480\" decoding=\"async\" data-nimg=\"1\" style=\"color:transparent\" src=\"https:\/\/13.com.ar\/wp-content\/uploads\/2025\/02\/Cuanto-cobra-un-obrero-metalurgico-en-febrero-de-2025.jpg\"\/><span class=\"epigraphe\">Foto de archivo.<\/span><span class=\"bkg\"\/><span class=\"picture-open\"><button class=\"open-image\" aria-label=\"Open Image\"\/><\/span><\/picture><\/div>\n<div class=\"sc-80531b6b-0 chRIGJ container-text text-embed\">\n<p>La tendencia del consumo tambi\u00e9n se vio afectada por el ajuste, y el 2024 cerr\u00f3 con una baja del 13,9% en el consumo masivo, lo cual impact\u00f3 directamente en la producci\u00f3n. <\/p>\n<\/div>\n<div class=\"sc-80531b6b-0 chRIGJ container-text text-embed\">\n<p>Elio Del Re, presidente de ADIMRA afirm\u00f3: &#8220;Los sectores donde vemos que <strong>va a haber una disminuci\u00f3n fuerte van a ser los que tienen que ver con el consumo masivo y tambi\u00e9n los sectores que tienen que ver con la compra p\u00fablica<\/strong>, por supuesto, eso est\u00e1 muy mal, <strong>junto a los ligados con la construcci\u00f3n<\/strong>. En esos tres sectores vemos una disminuci\u00f3n importante. Una parte por la baja del consumo y otra parte importante por la sustituci\u00f3n por importaciones&#8221;.<\/p>\n<\/div>\n<div class=\"sc-80531b6b-0 chRIGJ container-text text-embed\">\n<p>De acuerdo con ADIMRA, <strong>en diciembre las exportaciones del sector disminuyeron un 0,7% interanual<\/strong>, marcando un monto de alrededor de US$ 400 millones, mientras que las importaciones aumentaron un 31,5% y registraron m\u00e1s de US$2.100 millones.<\/p>\n<\/div>\n<p><h2><strong>Los sectores que m\u00e1s crecieron y m\u00e1s cayeron<\/strong><\/h2>\n<\/p>\n<div class=\"sc-80531b6b-0 chRIGJ container-text text-embed\">\n<p>El aumento interanual de la actividad que se reflej\u00f3 el mes pasado, del 2,6%, se debe principalmente al impulso que dieron<strong> los rubros de Maquinaria Agr\u00edcola (16,4%) y Carrocer\u00edas y Remolques (15,3%), impactaron fuertemente el promedio general.<\/strong><\/p>\n<\/div>\n<div class=\"sc-80531b6b-0 chRIGJ container-text text-embed\">\n<p>&#8220;Los sectores cercanos al agro, como<strong> maquinaria agr\u00edcola y acoplados y semirremolques<\/strong>, muestran el dinamismo de crecimiento, siempre comparado con a\u00f1os anteriores, donde fueron muy malos por el tema de la seca&#8221;, explic\u00f3 Del Re.<\/p>\n<\/div>\n<p><iframe title=\"Variaciones interanuales por sector&#10;\" aria-label=\"Tabla\" id=\"datawrapper-chart-qZEkV\" src=\"https:\/\/datawrapper.dwcdn.net\/qZEkV\/1\/\" scrolling=\"no\" frameborder=\"0\" style=\"width: 0; min-width: 100% !important; border: none;\" height=\"761\" data-external=\"1\"><\/iframe><\/p>\n<div class=\"sc-80531b6b-0 chRIGJ container-text text-embed\">\n<p>Por otro lado, <strong>el sector de Fundici\u00f3n (-11,9%) continu\u00f3 siendo uno de los m\u00e1s afectados seguido por los fabricantes de Autopartes (-7,1%).<\/strong><\/p>\n<\/div>\n<div class=\"sc-80531b6b-0 chRIGJ container-text text-embed\">\n<p>A su vez,<strong> Carrocer\u00edas y Remolques <\/strong>fue el \u00fanico rubro que tuvo un crecimiento interanual mayor a la baja registrada el a\u00f1o anterior. <strong>El resto de los sectores a\u00fan no pudo recuperarse de la ca\u00edda interanual de enero 2024.<\/strong><\/p>\n<\/div>\n<div class=\"sc-80531b6b-0 chRIGJ container-text text-embed\">\n<p>En t\u00e9rminos de cadena de valor, los que m\u00e1s crecieron fueron <strong>el sector agr\u00edcola, que marc\u00f3 un aumento interanual del 11%, seguido por Alimentos y Bebidas, con un 5,8% y el Minero, con un 5,1%.<\/strong><\/p>\n<\/div>\n<div class=\"sc-80531b6b-0 chRIGJ container-text text-embed\">\n<p>&#8220;Petr\u00f3leo, gas, miner\u00eda, energ\u00eda que pueden ser crecientes y ah\u00ed vamos a tener que ver tambi\u00e9n qu\u00e9 pasa con las importaciones y c\u00f3mo jugar\u00e1n en ese tipo de m\u00e1quinas y equipos&#8221;, agreg\u00f3 Del Re.<\/p>\n<\/div>\n<div class=\"sc-80531b6b-0 chRIGJ container-text text-embed\">\n<p>La \u00fanica cadena de valor que empeor\u00f3 fue <strong>la Automotriz, que cay\u00f3 un 3,6% interanual<\/strong>.<\/p>\n<\/div>\n<p><iframe title=\"Variaciones interanuales seg\u00fan cadena de valor\" aria-label=\"Tabla\" id=\"datawrapper-chart-I5Kvp\" src=\"https:\/\/datawrapper.dwcdn.net\/I5Kvp\/1\/\" scrolling=\"no\" frameborder=\"0\" style=\"width: 0; min-width: 100% !important; border: none;\" height=\"692\" data-external=\"1\"><\/iframe><\/p>\n<div class=\"sc-80531b6b-0 chRIGJ container-text text-embed\">\n<p>El informe muestra que todas las provincias aumentaron su producci\u00f3n metal\u00fargica, entre las que se destacaron <strong>Santa Fe, donde se registr\u00f3 un alza interanual del 5,4%, seguida de Mendoza, que present\u00f3 un 3,8% y C\u00f3rdoba, en tercer lugar, con un incremento interanual del 3,6%<\/strong>. Buenos Aires y Entre R\u00edos llegaron al 2,2% y 2,1%, respectivamente.<\/p>\n<\/div>\n<div class=\"sc-80531b6b-0 chRIGJ container-text text-embed\">\n<p>Para los pr\u00f3ximos meses, el 54% de los metal\u00fargicos esperan un aumento en su producci\u00f3n, mientras que el 21,2% indic\u00f3 lo contrario, de acuerdo con ADIMRA.<\/p>\n<\/div>\n<\/div>\n<p><br \/>\n<br \/><a href=\"https:\/\/www.clarin.com\/economia\/metalurgicas-trabajando-mitad-capacidad-sectores-empiezan-recuperarse_0_CSLz1ebof8.html\">Fuente Clarin.com <\/a><\/p>\n","protected":false},"excerpt":{"rendered":"<p>A pesar de los pedidos del sector industrial al Gobierno, ante la necesidad de pol\u00edticas que mejoren la competitividad de las empresas, en enero la actividad metal\u00fargica subi\u00f3 un 2,6% interanual y un 1,2% con respecto a diciembre. Sin embargo, el sector est\u00e1 trabajando al 47,6% de la capacidad instalada, un 4,9% menos que el [&hellip;]<\/p>\n","protected":false},"author":1,"featured_media":6062,"comment_status":"open","ping_status":"open","sticky":false,"template":"","format":"standard","meta":{"footnotes":""},"categories":[2],"tags":[5521,7869,1210,2376,48,263,7867,1505,265,7870,3966,7868],"class_list":["post-6061","post","type-post","status-publish","format-standard","has-post-thumbnail","hentry","category-ultimas-noticias","tag-algunos","tag-capacidad","tag-empiezan","tag-estan","tag-las","tag-menos","tag-metalurgicas","tag-mitad","tag-pero","tag-recuperarse","tag-sectores","tag-trabajando"],"_links":{"self":[{"href":"https:\/\/13.com.ar\/index.php\/wp-json\/wp\/v2\/posts\/6061","targetHints":{"allow":["GET"]}}],"collection":[{"href":"https:\/\/13.com.ar\/index.php\/wp-json\/wp\/v2\/posts"}],"about":[{"href":"https:\/\/13.com.ar\/index.php\/wp-json\/wp\/v2\/types\/post"}],"author":[{"embeddable":true,"href":"https:\/\/13.com.ar\/index.php\/wp-json\/wp\/v2\/users\/1"}],"replies":[{"embeddable":true,"href":"https:\/\/13.com.ar\/index.php\/wp-json\/wp\/v2\/comments?post=6061"}],"version-history":[{"count":0,"href":"https:\/\/13.com.ar\/index.php\/wp-json\/wp\/v2\/posts\/6061\/revisions"}],"wp:featuredmedia":[{"embeddable":true,"href":"https:\/\/13.com.ar\/index.php\/wp-json\/wp\/v2\/media\/6062"}],"wp:attachment":[{"href":"https:\/\/13.com.ar\/index.php\/wp-json\/wp\/v2\/media?parent=6061"}],"wp:term":[{"taxonomy":"category","embeddable":true,"href":"https:\/\/13.com.ar\/index.php\/wp-json\/wp\/v2\/categories?post=6061"},{"taxonomy":"post_tag","embeddable":true,"href":"https:\/\/13.com.ar\/index.php\/wp-json\/wp\/v2\/tags?post=6061"}],"curies":[{"name":"wp","href":"https:\/\/api.w.org\/{rel}","templated":true}]}}