{"id":6056,"date":"2025-02-19T11:23:57","date_gmt":"2025-02-19T14:23:57","guid":{"rendered":"https:\/\/13.com.ar\/index.php\/furor-en-londres-y-primera-prueba-del-sf-25-con-su-polemico-capuchon-blanco-que-divide-a-la-f1\/"},"modified":"2025-02-19T11:23:57","modified_gmt":"2025-02-19T14:23:57","slug":"furor-en-londres-y-primera-prueba-del-sf-25-con-su-polemico-capuchon-blanco-que-divide-a-la-f1","status":"publish","type":"post","link":"https:\/\/13.com.ar\/index.php\/furor-en-londres-y-primera-prueba-del-sf-25-con-su-polemico-capuchon-blanco-que-divide-a-la-f1\/","title":{"rendered":"furor en Londres y primera prueba del SF-25, con su pol\u00e9mico capuch\u00f3n blanco que divide a la F1"},"content":{"rendered":"<p> <br \/>\n<\/p>\n<div id=\"cuerpo\">\n<div class=\"sc-80531b6b-0 chRIGJ container-text text-embed\">\n<p>La escuder\u00eda<strong> Ferrari <\/strong>estren\u00f3 este mi\u00e9rcoles en el circuito de <strong>Fiorano <\/strong>el nuevo monoplaza para la pr\u00f3xima temporada, el SF-25 con el que el ingl\u00e9s <strong>Lewis Hamilton<\/strong>, heptacampe\u00f3n del mundo, luchar\u00e1 junto al monegasco <strong>Charles Leclerc <\/strong>por devolver a la escuder\u00eda italiana a lo m\u00e1s alto de la m\u00e1xima categor\u00eda del automovilismo.<\/p>\n<\/div>\n<div class=\"sc-80531b6b-0 chRIGJ container-text text-embed\">\n<p>Despu\u00e9s de la gran presentaci\u00f3n en <strong>Londres<\/strong>, Ferrari apenas descans\u00f3 para presentarse en su circuito de Fiorano y poner a prueba su nuevo coche, con el que quiere pelear tanto por el campeonato de constructores que se le escap\u00f3 por muy poco en la temporada pasada y por el campeonato de pilotos con alguna de sus dos estrellas.<\/p>\n<\/div>\n<div class=\"sc-80531b6b-0 chRIGJ container-text text-embed\">\n<p>La gesti\u00f3n de la presentaci\u00f3n de Ferrari fue, como poco, acelerada. Al mismo tiempo que Hamilton, Leclerc y el franc\u00e9s <strong>Frederic Vasseur<\/strong>, jefe de equipo, sub\u00edan al escenario del O2 Arena de Londres, la escuder\u00eda present\u00f3 el coche oficial de manera paralela. Y solo unas horas despu\u00e9s lo lucieron para rodar los primeros kil\u00f3metros ante los cientos de curiosos que no quisieron perderse el estreno.<\/p>\n<\/div>\n<div class=\"sc-80531b6b-0 chRIGJ container-text text-embed\">\n<p>En el nuevo monoplaza, <strong>el 71 de la historia para la F\u00f3rmula 1<\/strong>, es el primero en el que ha trabajado el ingeniero franc\u00e9s <strong>Loic Serra<\/strong>, que lleg\u00f3 desde Mercedes, la anterior escuder\u00eda de Hamilton. Y en lo est\u00e9tico destaca como novedad <strong>el color blanco<\/strong> debido al patrocinio de HP y el azul del aler\u00f3n trasero con el patrocinio de IBM, una multinacional estadounidense que lleg\u00f3 de la mano de Hamilton.<\/p>\n<\/div>\n<div class=\"sc-80531b6b-0 chRIGJ container-text text-embed\">\n<p>Los <em>tifosi<\/em> tienen varias opiniones sobre el nuevo dise\u00f1o, en especial por los colores que aportan los patrocinadores. No es secreto que los seguidores de la<em> Scuderia<\/em> no son fan\u00e1ticos del azul combinado con el rojo, ni de la imponente presencia del logo de HP. <\/p>\n<\/div>\n<div class=\"sc-80531b6b-0 chRIGJ container-text text-embed\">\n<p>Leclerc fue el primero en saltar a pista. Lo hizo a las 9:23 (hora local) bajo la atenta mirada del equipo y <em>Sir Lews<\/em>, aunque tambi\u00e9n de Vasseur, en un helic\u00f3ptero siguiendo la sesi\u00f3n, y <strong>Jhon Elkann<\/strong>, presidente de Ferrari.<\/p>\n<\/div>\n<div class=\"sc-80531b6b-0 chRIGJ container-text text-embed\">\n<p>Hamilton tendr\u00e1 que esperar al turno de la tarde para poder subirse al nuevo monoplaza, generando anticipaci\u00f3n por la foto m\u00e1s esperada del d\u00eda.<\/p>\n<\/div>\n<div class=\"sc-198be8ec-0 cynXbu image-embed  image-embed \"><picture class=\"sc-198be8ec-1 kOjRiQ\"><source media=\"(min-width: 975px)\" width=\"720\" height=\"480\" \/><img alt=\"Charles Leclerc saludando al p\u00fablico desde el SF-25 en el circuito de Fiorano. Foto de AP\" loading=\"lazy\" width=\"720\" height=\"480\" decoding=\"async\" data-nimg=\"1\" style=\"color:transparent\" src=\"https:\/\/13.com.ar\/wp-content\/uploads\/2025\/02\/furor-en-Londres-y-primera-prueba-del-SF-25-con-su.jpg\"\/><span class=\"epigraphe\">Charles Leclerc saludando al p\u00fablico desde el SF-25 en el circuito de Fiorano. Foto de AP<\/span><span class=\"bkg\"\/><span class=\"picture-open\"><button class=\"open-image\" aria-label=\"Open Image\"\/><\/span><\/picture><\/div>\n<div class=\"sc-80531b6b-0 chRIGJ container-text text-embed\">\n<p>&#13;<br \/>\n&#8220;La palabra que me viene a la cabeza es revitalizado, porque me siento tan lleno de vida y de energ\u00eda porque todo es nuevo. Estoy concentrado solo en lo que hay por delante&#8221;, dijo el ingl\u00e9s el martes en el O2 Arena de Londres.<\/p>\n<\/div>\n<div class=\"sc-80531b6b-0 chRIGJ container-text text-embed\">\n<p>Leclerc, por su parte, en declaraciones emitidas por la escuder\u00eda italiana con la presentaci\u00f3n del nuevo coche, asegur\u00f3 que va a estudiar al heptacampe\u00f3n para mejorar.<\/p>\n<\/div>\n<div class=\"sc-80531b6b-0 chRIGJ container-text text-embed\">\n<p>&#13;<br \/>\n&#8220;Muy de acuerdo con Enzo Ferrari que dec\u00eda que el mejor Ferrari es el pr\u00f3ximo. Tenemos que mirar los puntos d\u00e9biles y ese ha sido el objetivo. Hemos trabajado bien. Espero que sea el a\u00f1o de Ferrari. Mi sue\u00f1o es ser campe\u00f3n del mundo&#8221;, declar\u00f3. <\/p>\n<\/div>\n<div class=\"sc-198be8ec-0 cynXbu image-embed  image-embed \"><picture class=\"sc-198be8ec-1 kOjRiQ\"><source media=\"(min-width: 975px)\" width=\"720\" height=\"480\" \/><img alt=\"Lewis Hamilton, Fred Vasseur y Charles Leclerc en el evento inaugural de la F\u00f3rmula 1 en Londres. Foto de AP\" loading=\"lazy\" width=\"720\" height=\"480\" decoding=\"async\" data-nimg=\"1\" style=\"color:transparent\" src=\"https:\/\/13.com.ar\/wp-content\/uploads\/2025\/02\/1739975037_374_furor-en-Londres-y-primera-prueba-del-SF-25-con-su.jpg\"\/><span class=\"epigraphe\">Lewis Hamilton, Fred Vasseur y Charles Leclerc en el evento inaugural de la F\u00f3rmula 1 en Londres. Foto de AP<\/span><span class=\"bkg\"\/><span class=\"picture-open\"><button class=\"open-image\" aria-label=\"Open Image\"\/><\/span><\/picture><\/div>\n<div class=\"sc-80531b6b-0 chRIGJ container-text text-embed\">\n<p>&#13;<br \/>\n&#8220;Con Lewis va todo muy bien. Sorpresa no es la palabra justa, porque cuando el m\u00e1ximo campe\u00f3n de la historia llega a tu equipo me esperaba que hiciera cosas \u00fanicas y excepcionales. Es un momento muy interesante porque tengo mucho que analizar, mucho que estudiar y ver c\u00f3mo conduce. Esperemos devolver a Ferrari a lo m\u00e1s alto&#8221;, a\u00f1adi\u00f3. <\/p>\n<\/div>\n<div class=\"sc-80531b6b-0 chRIGJ container-text text-embed\">\n<p>En esta prueba, por reglamento, cada piloto tiene unos kil\u00f3metros determinados. Ser\u00e1 entre el 26 y 28 de febrero cuando podr\u00e1n realizar m\u00e1s pruebas en los test oficiales de Bahr\u00e9in. <\/p>\n<\/div>\n<\/div>\n<p><br \/>\n<br \/><a href=\"https:\/\/www.clarin.com\/deportes\/lewis-hamilton-idilio-ferrari-furor-londres-primera-prueba-sf-25-polemico-capuchon-blanco-divide-f1_0_INxepKHHv9.html\">Fuente Clarin.com <\/a><\/p>\n","protected":false},"excerpt":{"rendered":"<p>La escuder\u00eda Ferrari estren\u00f3 este mi\u00e9rcoles en el circuito de Fiorano el nuevo monoplaza para la pr\u00f3xima temporada, el SF-25 con el que el ingl\u00e9s Lewis Hamilton, heptacampe\u00f3n del mundo, luchar\u00e1 junto al monegasco Charles Leclerc por devolver a la escuder\u00eda italiana a lo m\u00e1s alto de la m\u00e1xima categor\u00eda del automovilismo. Despu\u00e9s de la [&hellip;]<\/p>\n","protected":false},"author":1,"featured_media":6057,"comment_status":"open","ping_status":"open","sticky":false,"template":"","format":"standard","meta":{"footnotes":""},"categories":[2],"tags":[4375,7861,18,100,5359,2304,7859,2717,89,1593,7860],"class_list":["post-6056","post","type-post","status-publish","format-standard","has-post-thumbnail","hentry","category-ultimas-noticias","tag-blanco","tag-capuchon","tag-con","tag-del","tag-divide","tag-furor","tag-londres","tag-polemico","tag-primera","tag-prueba","tag-sf25"],"_links":{"self":[{"href":"https:\/\/13.com.ar\/index.php\/wp-json\/wp\/v2\/posts\/6056","targetHints":{"allow":["GET"]}}],"collection":[{"href":"https:\/\/13.com.ar\/index.php\/wp-json\/wp\/v2\/posts"}],"about":[{"href":"https:\/\/13.com.ar\/index.php\/wp-json\/wp\/v2\/types\/post"}],"author":[{"embeddable":true,"href":"https:\/\/13.com.ar\/index.php\/wp-json\/wp\/v2\/users\/1"}],"replies":[{"embeddable":true,"href":"https:\/\/13.com.ar\/index.php\/wp-json\/wp\/v2\/comments?post=6056"}],"version-history":[{"count":0,"href":"https:\/\/13.com.ar\/index.php\/wp-json\/wp\/v2\/posts\/6056\/revisions"}],"wp:featuredmedia":[{"embeddable":true,"href":"https:\/\/13.com.ar\/index.php\/wp-json\/wp\/v2\/media\/6057"}],"wp:attachment":[{"href":"https:\/\/13.com.ar\/index.php\/wp-json\/wp\/v2\/media?parent=6056"}],"wp:term":[{"taxonomy":"category","embeddable":true,"href":"https:\/\/13.com.ar\/index.php\/wp-json\/wp\/v2\/categories?post=6056"},{"taxonomy":"post_tag","embeddable":true,"href":"https:\/\/13.com.ar\/index.php\/wp-json\/wp\/v2\/tags?post=6056"}],"curies":[{"name":"wp","href":"https:\/\/api.w.org\/{rel}","templated":true}]}}