{"id":6048,"date":"2025-02-19T10:48:29","date_gmt":"2025-02-19T13:48:29","guid":{"rendered":"https:\/\/13.com.ar\/index.php\/oostil-se-convierte-en-el-primer-dj-argentino-en-llenar-un-estadio-de-futbol\/"},"modified":"2025-02-19T10:48:29","modified_gmt":"2025-02-19T13:48:29","slug":"oostil-se-convierte-en-el-primer-dj-argentino-en-llenar-un-estadio-de-futbol","status":"publish","type":"post","link":"https:\/\/13.com.ar\/index.php\/oostil-se-convierte-en-el-primer-dj-argentino-en-llenar-un-estadio-de-futbol\/","title":{"rendered":"\u00d8ostil se convierte en el primer DJ argentino en llenar un estadio de f\u00fatbol"},"content":{"rendered":"<p> <br \/>\n<\/p>\n<div id=\"cuerpo\">\n<div class=\"sc-80531b6b-0 chRIGJ container-text text-embed\">\n<p>Salvando las enormes distancias, en el f\u00fatbol se nos conoce por Lionel Messi y Diego Maradona. Bueno, en el universo de la m\u00fasica electr\u00f3nica Hern\u00e1n Cattaneo y \u00d8ostil, tambi\u00e9n argentinos, son quienes nos representan en el mundo y acumulan miles y miles de fan\u00e1ticos.<\/p>\n<\/div>\n<div class=\"sc-80531b6b-0 chRIGJ container-text text-embed\">\n<p>Tal es el impacto que gener\u00f3 la electr\u00f3nica en nuestro pa\u00eds que el pr\u00f3ximo s\u00e1bado 22 de febrero<strong> \u00d8ostil se convertir\u00e1 en el primer DJ argentino en presentarse en un estadio<\/strong>. Ser\u00e1 en el Estadio \u00danico de La Plata y bajo el formato \u201cOpen to Close\u201d, lo que significa que s\u00f3lo \u00e9l estar\u00e1 en escena -y en las bandejas- desde la apertura de puertas hasta el final.<\/p>\n<\/div>\n<div class=\"sc-80531b6b-0 chRIGJ container-text text-embed\">\n<p><strong>Detr\u00e1s de \u00d8ostil est\u00e1 Ant\u00fc Coimbra, un apasionado por la m\u00fasica de 39 a\u00f1os que naci\u00f3 en Buenos Aires y lleva 20 a\u00f1os dentro de la industria. <\/strong>Su nombre ya es un sello indiscutido de calidad y de \u00e9xito. Y, desde hace un tiempo, muchos se fueron enterando de lo que algunos pocos sab\u00edan: es argentino.<\/p>\n<\/div>\n<div class=\"sc-80531b6b-0 chRIGJ container-text text-embed\">\n<p>Sus sets resuenan en los escenarios m\u00e1s prestigiosos del mundo y en los festivales m\u00e1s importantes de la escena. &#8220;Me siento flotando en mi propio sue\u00f1o. No encuentro palabras para describir la gratitud que siento. A quienes creyeron en m\u00ed, me ayudaron en todo momento, a mi familia, a mis amigos, a mis fans&#8221;, expres\u00f3 en di\u00e1logo con <strong>Clar\u00edn<\/strong> en la previa del show que representa un hito en su carrera.<\/p>\n<\/div>\n<div class=\"sc-80531b6b-0 chRIGJ container-text text-embed\">\n<p>El DJ y productor tambi\u00e9n destac\u00f3 el apoyo fundamental de su equipo, incluyendo a la productora Circus, su agente Matthias Parmentier y todo el equipo de ZMA Agency. &#8220;Es un trabajo en equipo que se materializa, un esfuerzo colectivo que se ver\u00e1 reflejado en el escenario&#8221;, dijo.<\/p>\n<\/div>\n<div class=\"sc-198be8ec-0 cynXbu image-embed  image-embed \"><picture class=\"sc-198be8ec-1 kOjRiQ\"><source media=\"(min-width: 975px)\" width=\"720\" height=\"480\" \/><img alt=\"\u00d8ostil cumplir\u00e1 uno de sus sue\u00f1os al tocar en el Estadio \u00danico de La Plata.\" loading=\"lazy\" width=\"720\" height=\"480\" decoding=\"async\" data-nimg=\"1\" style=\"color:transparent\" src=\"https:\/\/13.com.ar\/wp-content\/uploads\/2025\/02\/Oostil-se-convierte-en-el-primer-DJ-argentino-en-llenar.jpg\"\/><span class=\"epigraphe\">\u00d8ostil cumplir\u00e1 uno de sus sue\u00f1os al tocar en el Estadio \u00danico de La Plata.<\/span><span class=\"bkg\"\/><span class=\"picture-open\"><button class=\"open-image\" aria-label=\"Open Image\"\/><\/span><\/picture><\/div>\n<div class=\"sc-80531b6b-0 chRIGJ container-text text-embed\">\n<p>El show en el Estadio \u00danico de La Plata contar\u00e1 con un gran despliegue, pantallas gigantes y una puesta semicircular de nivel internacional que requiri\u00f3 comenzar el armado del escenario a mediados de la semana pasada.<\/p>\n<\/div>\n<div class=\"sc-80531b6b-0 chRIGJ container-text text-embed\">\n<p>&#8220;Escuch\u00e9 que soy el primer DJ\/Productor en tener el inmenso honor de presentarme en formato \u2018Open to Close\u2019 en un estadio en la Argentina&#8221;, coment\u00f3 \u00d8ostil. &#8220;Estoy eternamente agradecido. Este show se lo dedico a mi madre, quien merece el m\u00e1ximo reconocimiento por haberme brindado siempre todas las herramientas para alcanzar mis sue\u00f1os, y a mi padre&#8221;.<\/p>\n<\/div>\n<p><h2>Conexi\u00f3n con el p\u00fablico argentino<\/h2>\n<\/p>\n<div class=\"sc-80531b6b-0 chRIGJ container-text text-embed\">\n<p>Para \u00d8ostil, presentarse en su pa\u00eds tiene un significado especial. &#8220;Poder conectar con el p\u00fablico argentino es tan gratificante que, de alguna forma, <strong>cobra sentido todo el esfuerzo que vengo haciendo a lo largo de todos estos a\u00f1os<\/strong>&#8220;, reflexion\u00f3.<\/p>\n<\/div>\n<div class=\"sc-80531b6b-0 chRIGJ container-text text-embed\">\n<p>&#8220;Lo m\u00e1s gratificante de tocar en la Argentina creo que es la valoraci\u00f3n&#8221;, agreg\u00f3. &#8220;Vas a tocar a Chaco, a Mendoza o a C\u00f3rdoba y se interiorizan, se interesan por vos, por el show, la m\u00fasica. Eso no te pasa en otros lugares del mundo\u201d, sostuvo.<\/p>\n<\/div>\n<div class=\"sc-198be8ec-0 cynXbu image-embed  image-embed \"><picture class=\"sc-198be8ec-1 kOjRiQ\"><source media=\"(min-width: 975px)\" width=\"720\" height=\"480\" \/><img alt=\"Con la 10. \u00d8ostil representa a la Argentina en el universo de la m\u00fasica electr\u00f3nica.\" loading=\"lazy\" width=\"720\" height=\"480\" decoding=\"async\" data-nimg=\"1\" style=\"color:transparent\" src=\"https:\/\/13.com.ar\/wp-content\/uploads\/2025\/02\/1739972909_319_Oostil-se-convierte-en-el-primer-DJ-argentino-en-llenar.jpg\"\/><span class=\"epigraphe\">Con la 10. \u00d8ostil representa a la Argentina en el universo de la m\u00fasica electr\u00f3nica.<\/span><span class=\"bkg\"\/><span class=\"picture-open\"><button class=\"open-image\" aria-label=\"Open Image\"\/><\/span><\/picture><\/div>\n<div class=\"sc-80531b6b-0 chRIGJ container-text text-embed\">\n<p><strong>En noviembre pasado, \u00d8ostil fue uno de los DJs principales del regreso de Creamfields a Buenos Aires<\/strong>. &#8220;Fue un honor poder compartir el escenario con artistas que me marcaron de por vida cuando empec\u00e9. Creamfields fue el primer festival al que fui hace 20 a\u00f1os y pude conectar con la m\u00fasica&#8221;, confes\u00f3.<\/p>\n<\/div>\n<div class=\"sc-80531b6b-0 chRIGJ container-text text-embed\">\n<p>&#8220;Fue un antes y un despu\u00e9s en mi vida porque ah\u00ed decid\u00ed que quer\u00eda ser m\u00fasico. Y haber tocado, despu\u00e9s de 20 a\u00f1os, donde vi por primera vez a esos artistas que me marcaron es inexplicable, es una locura. Es muy lindo\u201d, remarc\u00f3.<\/p>\n<\/div>\n<\/div>\n<p><br \/>\n<br \/><a href=\"https:\/\/www.clarin.com\/espectaculos\/oostil-convierte-primer-dj-argentino-llenar-estadio-futbol_0_I8348lc8rC.html\">Fuente Clarin.com <\/a><\/p>\n","protected":false},"excerpt":{"rendered":"<p>Salvando las enormes distancias, en el f\u00fatbol se nos conoce por Lionel Messi y Diego Maradona. Bueno, en el universo de la m\u00fasica electr\u00f3nica Hern\u00e1n Cattaneo y \u00d8ostil, tambi\u00e9n argentinos, son quienes nos representan en el mundo y acumulan miles y miles de fan\u00e1ticos. Tal es el impacto que gener\u00f3 la electr\u00f3nica en nuestro pa\u00eds [&hellip;]<\/p>\n","protected":false},"author":1,"featured_media":6049,"comment_status":"open","ping_status":"open","sticky":false,"template":"","format":"standard","meta":{"footnotes":""},"categories":[2],"tags":[508,1920,1194,2964,170,7855,195],"class_list":["post-6048","post","type-post","status-publish","format-standard","has-post-thumbnail","hentry","category-ultimas-noticias","tag-argentino","tag-convierte","tag-estadio","tag-futbol","tag-llenar","tag-oostil","tag-primer"],"_links":{"self":[{"href":"https:\/\/13.com.ar\/index.php\/wp-json\/wp\/v2\/posts\/6048","targetHints":{"allow":["GET"]}}],"collection":[{"href":"https:\/\/13.com.ar\/index.php\/wp-json\/wp\/v2\/posts"}],"about":[{"href":"https:\/\/13.com.ar\/index.php\/wp-json\/wp\/v2\/types\/post"}],"author":[{"embeddable":true,"href":"https:\/\/13.com.ar\/index.php\/wp-json\/wp\/v2\/users\/1"}],"replies":[{"embeddable":true,"href":"https:\/\/13.com.ar\/index.php\/wp-json\/wp\/v2\/comments?post=6048"}],"version-history":[{"count":0,"href":"https:\/\/13.com.ar\/index.php\/wp-json\/wp\/v2\/posts\/6048\/revisions"}],"wp:featuredmedia":[{"embeddable":true,"href":"https:\/\/13.com.ar\/index.php\/wp-json\/wp\/v2\/media\/6049"}],"wp:attachment":[{"href":"https:\/\/13.com.ar\/index.php\/wp-json\/wp\/v2\/media?parent=6048"}],"wp:term":[{"taxonomy":"category","embeddable":true,"href":"https:\/\/13.com.ar\/index.php\/wp-json\/wp\/v2\/categories?post=6048"},{"taxonomy":"post_tag","embeddable":true,"href":"https:\/\/13.com.ar\/index.php\/wp-json\/wp\/v2\/tags?post=6048"}],"curies":[{"name":"wp","href":"https:\/\/api.w.org\/{rel}","templated":true}]}}