{"id":6046,"date":"2025-02-19T10:45:32","date_gmt":"2025-02-19T13:45:32","guid":{"rendered":"https:\/\/13.com.ar\/index.php\/hoy-es-el-peor-dia-de-mi-vida\/"},"modified":"2025-02-19T10:45:32","modified_gmt":"2025-02-19T13:45:32","slug":"hoy-es-el-peor-dia-de-mi-vida","status":"publish","type":"post","link":"https:\/\/13.com.ar\/index.php\/hoy-es-el-peor-dia-de-mi-vida\/","title":{"rendered":"Hoy es el peor d\u00eda de mi vida"},"content":{"rendered":"<p> <br \/>\n<\/p>\n<div id=\"cuerpo\">\n<div class=\"sc-80531b6b-0 chRIGJ container-text text-embed\">\n<p><strong>Daniela Celis <\/strong>public\u00f3 un preocupante video llorando desconsoladamente en el que confesaba: <strong>&#8220;Este es peor d\u00eda de mi vida&#8221;<\/strong>. El error de la ex <em>Gran Hermano<\/em> que la angusti\u00f3 much\u00edsimo. <\/p>\n<\/div>\n<div class=\"sc-80531b6b-0 chRIGJ container-text text-embed\">\n<p>Daniela no tuvo un buen martes. Seg\u00fan cont\u00f3 la <em>influencer<\/em> en sus historias de Instagram, donde la siguen m\u00e1s de dos millones de personas,<strong> su d\u00eda comenz\u00f3 con un problema con su celular.<\/strong><\/p>\n<\/div>\n<div class=\"sc-80531b6b-0 chRIGJ container-text text-embed\">\n<p>&#8220;Si algo me faltaba en esta vida era qu<strong>e mi tel\u00e9fono me diga que yo no soy yo<\/strong>, quiero abrir mi celular como siempre y<strong> me dice que no me reconoce el rostro<\/strong>, todo incorrecto&#8221;, precis\u00f3 en un posteo. <\/p>\n<\/div>\n<div class=\"sc-80531b6b-0 chRIGJ container-text text-embed\">\n<p>Sobre esta falla en su sistema operativo, la ex Gran Hermano se quej\u00f3: <strong>&#8220;No puedo ingresar a mi tel\u00e9fono, no puedo ingresar a mis cuentas<\/strong>, a ning\u00fan lado, me dice que corrobore que yo soy yo&#8221;.<\/p>\n<\/div>\n<div class=\"sc-80531b6b-0 chRIGJ container-text text-embed\">\n<p>En ese sentido, aclar\u00f3 que no se hizo cambios est\u00e9ticos significativos como para que su c\u00e1mara no la reconozca: &#8220;Encima no me pinch\u00e9, no me hice nada est\u00e9tico, de hecho me maquill\u00e9 de vuelta, me saqu\u00e9 el flequillo&#8221;.<\/p>\n<\/div>\n<div class=\"sc-80531b6b-0 chRIGJ container-text text-embed\">\n<p>&#8220;<strong>\u00bfA todos les pas\u00f3 esto o fue solamente a m\u00ed? <\/strong>\u00bfAlguien sabe qu\u00e9 est\u00e1 pasando?&#8221;, les pregunt\u00f3 la conductora a sus seguidores en busca de ayuda.<\/p>\n<\/div>\n<div class=\"sc-80531b6b-0 chRIGJ container-text text-embed\">\n<p>Luego, en la siguiente historia, se la pod\u00eda ver a &#8220;Pesta\u00f1ela&#8221;, como la apodaron en su paso por Gran Hermano, quebrada en llanto dentro de su auto.<\/p>\n<\/div>\n<div class=\"sc-198be8ec-0 cynXbu image-embed  image-embed \"><picture class=\"sc-198be8ec-1 kOjRiQ\"><source media=\"(min-width: 975px)\" width=\"720\" height=\"480\" \/><img alt=\"La confesi\u00f3n de Daniela Celis entre l\u00e1grimas. Foto: Instagram\" loading=\"lazy\" width=\"720\" height=\"480\" decoding=\"async\" data-nimg=\"1\" style=\"color:transparent\" src=\"https:\/\/13.com.ar\/wp-content\/uploads\/2025\/02\/Hoy-es-el-peor-dia-de-mi-vida.jpg\"\/><span class=\"epigraphe\">La confesi\u00f3n de Daniela Celis entre l\u00e1grimas. Foto: Instagram<\/span><span class=\"bkg\"\/><span class=\"picture-open\"><button class=\"open-image\" aria-label=\"Open Image\"\/><\/span><\/picture><\/div>\n<div class=\"sc-80531b6b-0 chRIGJ container-text text-embed\">\n<p>Mientras le brotaban las l\u00e1grimas, la joven explic\u00f3 el motivo de su fuerte reacci\u00f3n: &#8220;Ay, <strong>hoy es el peor d\u00eda de mi vida, no s\u00e9 qu\u00e9 pasa<\/strong>, vine al canal a trabajar y <strong>no hay stream porque hay partido, vine al pedo<\/strong>&#8220;. <\/p>\n<\/div>\n<div class=\"sc-80531b6b-0 chRIGJ container-text text-embed\">\n<p>&#8220;<strong>Dej\u00e9 a mis beb\u00e9s en casa y todav\u00eda no pude desbloquear mi tel\u00e9fono<\/strong>&#8220;, enumer\u00f3 Daniela los motivos de su tristeza. <\/p>\n<\/div>\n<div class=\"sc-198be8ec-0 cynXbu image-embed  image-embed \"><picture class=\"sc-198be8ec-1 kOjRiQ\"><source media=\"(min-width: 975px)\" width=\"720\" height=\"480\" \/><img alt=\"El llanto desconsolado de Daniela Celis. Foto: Instagram\" loading=\"lazy\" width=\"720\" height=\"480\" decoding=\"async\" data-nimg=\"1\" style=\"color:transparent\" src=\"https:\/\/13.com.ar\/wp-content\/uploads\/2025\/02\/1739972732_524_Hoy-es-el-peor-dia-de-mi-vida.jpg\"\/><span class=\"epigraphe\">El llanto desconsolado de Daniela Celis. Foto: Instagram<\/span><span class=\"bkg\"\/><span class=\"picture-open\"><button class=\"open-image\" aria-label=\"Open Image\"\/><\/span><\/picture><\/div>\n<div class=\"sc-80531b6b-0 chRIGJ container-text text-embed\">\n<p>Cabe aclarar que, el pasado martes por la noche, Telefe no transmiti\u00f3 la gala de <em>Gran Hermano<\/em> porque estaba el partido de repechaje de la<strong> Copa Libertadores entre Boca Juniors y Alianza Lima.<\/strong><\/p>\n<\/div>\n<p><h2>C\u00f3mo resolvi\u00f3 Daniela Celis sus problemas: &#8220;Necesito vacaciones&#8221;<\/h2>\n<\/p>\n<div class=\"sc-80531b6b-0 chRIGJ container-text text-embed\">\n<p>Para cerrar un martes para el olvido, la panelista mostr\u00f3 que al volver a su casa desde el canal de Mart\u00ednez, al que fue por error ya que no hab\u00eda gala de <em>Gran Hermano<\/em>, <strong>se encontr\u00f3 con un embotellamiento<\/strong>. <\/p>\n<\/div>\n<div class=\"sc-80531b6b-0 chRIGJ container-text text-embed\">\n<p>Comparti\u00f3 una foto de su auto trabado en el pesado tr\u00e1fico y escribi\u00f3 una frase para que todo lo malo se vaya de su vida: &#8220;<strong>\u00a1Bingo! Universo decreto y manifiesto que est\u00e1 mala racha termina ac\u00e1 y todo se va acomodar&#8221;. <\/strong><\/p>\n<\/div>\n<div class=\"sc-198be8ec-0 cynXbu image-embed  image-embed \"><picture class=\"sc-198be8ec-1 kOjRiQ\"><source media=\"(min-width: 975px)\" width=\"720\" height=\"480\" \/><img alt=\"Daniela Celis mostr\u00f3 c\u00f3mo cerr\u00f3 un d\u00eda para el olvido. Foto: Instagram\" loading=\"lazy\" width=\"720\" height=\"480\" decoding=\"async\" data-nimg=\"1\" style=\"color:transparent\" src=\"https:\/\/13.com.ar\/wp-content\/uploads\/2025\/02\/1739972732_233_Hoy-es-el-peor-dia-de-mi-vida.jpg\"\/><span class=\"epigraphe\">Daniela Celis mostr\u00f3 c\u00f3mo cerr\u00f3 un d\u00eda para el olvido. Foto: Instagram<\/span><span class=\"bkg\"\/><span class=\"picture-open\"><button class=\"open-image\" aria-label=\"Open Image\"\/><\/span><\/picture><\/div>\n<div class=\"sc-80531b6b-0 chRIGJ container-text text-embed\">\n<p>Mientras que esta ma\u00f1ana, ya de mucho mejor humor, Celis comparti\u00f3 un video de<strong> sus gemelas Aim\u00e9 y Laia<\/strong> jugando entre ellas, mientras com\u00edan.<\/p>\n<\/div>\n<div class=\"sc-80531b6b-0 chRIGJ container-text text-embed\">\n<p>Para llevar tranquilidad a sus seguidores que el d\u00eda anterior la hab\u00edan visto tan desbordada, Daniela agradeci\u00f3: &#8220;\u00a1Gracias por todo su amor!<strong> Est\u00e1 todo en orden, en casa desayunando con mis beb\u00e9s que aprendieron a chocar los cinco, \u00bfvieron?&#8221;. <\/strong><\/p>\n<\/div>\n<div class=\"sc-198be8ec-0 cynXbu image-embed  image-embed \"><picture class=\"sc-198be8ec-1 kOjRiQ\"><source media=\"(min-width: 975px)\" width=\"720\" height=\"480\" \/><img alt=\"Daniela Celis, de mejor humor, junto a sus beb\u00e9s Aim\u00e9 y Laia. Foto: Instagram\" loading=\"lazy\" width=\"720\" height=\"480\" decoding=\"async\" data-nimg=\"1\" style=\"color:transparent\" src=\"https:\/\/13.com.ar\/wp-content\/uploads\/2025\/02\/1739972732_737_Hoy-es-el-peor-dia-de-mi-vida.jpg\"\/><span class=\"epigraphe\">Daniela Celis, de mejor humor, junto a sus beb\u00e9s Aim\u00e9 y Laia. Foto: Instagram<\/span><span class=\"bkg\"\/><span class=\"picture-open\"><button class=\"open-image\" aria-label=\"Open Image\"\/><\/span><\/picture><\/div>\n<div class=\"sc-80531b6b-0 chRIGJ container-text text-embed\">\n<p>Para cerrar, la joven manifest\u00f3 al conclusi\u00f3n a la que lleg\u00f3 despu\u00e9s de haber tenido un d\u00eda tan intenso: &#8220;Por otro lado, <strong>me di cuenta de que necesito vacaciones&#8221;. <\/strong><\/p>\n<\/div>\n<div class=\"sc-80531b6b-0 chRIGJ container-text text-embed\">\n<p>Aunque todav\u00eda no tiene decidido el destino, por lo que les pidi\u00f3 a quienes la siguen que le hagan sugerencias de los lugares a los que podr\u00eda ir a descansar, acompa\u00f1ada de sus hijas y su pareja, <strong>Thiago Medina.<\/strong><\/p>\n<\/div>\n<\/div>\n<p><br \/>\n<br \/><a href=\"https:\/\/www.clarin.com\/fama\/dura-confesion-daniela-celis-medio-llanto-desconsolado-hoy-peor-dia-vida_0_IBlVEDJxiu.html\">Fuente Clarin.com <\/a><\/p>\n","protected":false},"excerpt":{"rendered":"<p>Daniela Celis public\u00f3 un preocupante video llorando desconsoladamente en el que confesaba: &#8220;Este es peor d\u00eda de mi vida&#8221;. El error de la ex Gran Hermano que la angusti\u00f3 much\u00edsimo. Daniela no tuvo un buen martes. Seg\u00fan cont\u00f3 la influencer en sus historias de Instagram, donde la siguen m\u00e1s de dos millones de personas, su [&hellip;]<\/p>\n","protected":false},"author":1,"featured_media":6047,"comment_status":"open","ping_status":"open","sticky":false,"template":"","format":"standard","meta":{"footnotes":""},"categories":[2],"tags":[1154,147,264,113],"class_list":["post-6046","post","type-post","status-publish","format-standard","has-post-thumbnail","hentry","category-ultimas-noticias","tag-dia","tag-hoy","tag-peor","tag-vida"],"_links":{"self":[{"href":"https:\/\/13.com.ar\/index.php\/wp-json\/wp\/v2\/posts\/6046","targetHints":{"allow":["GET"]}}],"collection":[{"href":"https:\/\/13.com.ar\/index.php\/wp-json\/wp\/v2\/posts"}],"about":[{"href":"https:\/\/13.com.ar\/index.php\/wp-json\/wp\/v2\/types\/post"}],"author":[{"embeddable":true,"href":"https:\/\/13.com.ar\/index.php\/wp-json\/wp\/v2\/users\/1"}],"replies":[{"embeddable":true,"href":"https:\/\/13.com.ar\/index.php\/wp-json\/wp\/v2\/comments?post=6046"}],"version-history":[{"count":0,"href":"https:\/\/13.com.ar\/index.php\/wp-json\/wp\/v2\/posts\/6046\/revisions"}],"wp:featuredmedia":[{"embeddable":true,"href":"https:\/\/13.com.ar\/index.php\/wp-json\/wp\/v2\/media\/6047"}],"wp:attachment":[{"href":"https:\/\/13.com.ar\/index.php\/wp-json\/wp\/v2\/media?parent=6046"}],"wp:term":[{"taxonomy":"category","embeddable":true,"href":"https:\/\/13.com.ar\/index.php\/wp-json\/wp\/v2\/categories?post=6046"},{"taxonomy":"post_tag","embeddable":true,"href":"https:\/\/13.com.ar\/index.php\/wp-json\/wp\/v2\/tags?post=6046"}],"curies":[{"name":"wp","href":"https:\/\/api.w.org\/{rel}","templated":true}]}}