{"id":6045,"date":"2025-02-19T10:40:27","date_gmt":"2025-02-19T13:40:27","guid":{"rendered":"https:\/\/13.com.ar\/index.php\/milei-las-criptomonedas-y-la-psicopatologia-del-poder\/"},"modified":"2025-02-19T10:40:27","modified_gmt":"2025-02-19T13:40:27","slug":"milei-las-criptomonedas-y-la-psicopatologia-del-poder","status":"publish","type":"post","link":"https:\/\/13.com.ar\/index.php\/milei-las-criptomonedas-y-la-psicopatologia-del-poder\/","title":{"rendered":"Milei, las criptomonedas y la psicopatolog\u00eda del poder"},"content":{"rendered":"<p> <br \/>\n<br \/><img decoding=\"async\" src=\"https:\/\/13.com.ar\/wp-content\/uploads\/2025\/02\/el-creador-de-Libra-se-jactaba-de-pagar-sobornos-en.jpg\" \/><\/p>\n<div id=\"cuerpo\">\n<div class=\"sc-80531b6b-0 chRIGJ container-text text-embed\">\n<p>Si queremos evitar la superficialidad en el an\u00e1lisis hay que responder a dos preguntas que son centrales. 1) \u00bfQu\u00e9 fue lo que pas\u00f3 en la mente de un gobernante exitoso para hacer lo que hizo?, 2) \u00bfCu\u00e1l es y cu\u00e1l ser\u00e1 la responsabilidad del Estado argentino por la conducta del presidente Milei?<\/p>\n<\/div>\n<div class=\"sc-80531b6b-0 chRIGJ container-text text-embed\">\n<p>La calificaci\u00f3n penal de la conducta presidencial como negligente o dolosa es un tema menor. Haya sido estafado o bien haya sido part\u00edcipe en una estafa internacional. Sus palabras de promoci\u00f3n y apoyo a esa criptomoneda han tenido consecuencias y han generado millonarios y ruinas econ\u00f3micas.<\/p>\n<\/div>\n<div class=\"sc-80531b6b-0 chRIGJ container-text text-embed\">\n<p>Este es hoy un debate central en las democracias modernas. Hasta qu\u00e9 punto las redes sociales expresadas en cuentas p\u00fablicas o privadas de un presidente, son la expresi\u00f3n de la voluntad del Estado. Y hasta qu\u00e9 punto, generan responsabilidad reparatoria estatal.<\/p>\n<\/div>\n<div class=\"sc-80531b6b-0 chRIGJ container-text text-embed\">\n<p>\u00bfQu\u00e9 diferencia jur\u00eddica y pol\u00edtica hay entre las palabras de un presidente expresadas en sus cuentas privadas y las expresadas en cuentas p\u00fablicas?<\/p>\n<\/div>\n<div class=\"sc-80531b6b-0 chRIGJ container-text text-embed\">\n<p>Se debe recordar que la promoci\u00f3n que hace Javier Milei de esta criptomoneda la realiza en su cuenta privada. Pero tambi\u00e9n que la hace al cierre de los mercados burs\u00e1tiles el \u00faltimo d\u00eda de la semana, con tres d\u00edas de feriados consecutivos.<\/p>\n<\/div>\n<div class=\"sc-80531b6b-0 chRIGJ container-text text-embed\">\n<p>Es decir, con pleno conocimiento para un especialista de que el movimiento y la respuesta de los mercados estar\u00eda suspendido durante tres largos d\u00edas.<\/p>\n<\/div>\n<div class=\"sc-80531b6b-0 chRIGJ container-text text-embed\">\n<p>Mi posici\u00f3n es clara: Las palabras de un presidente expresadas en redes sociales, sean cuantas p\u00fablicas o privadas, constituyen actos estatales y generan responsabilidad penal, civil y pol\u00edtica. Esta es la l\u00f3gica del mundo digital que hoy marca a las democracias del siglo XXI. Los boletines oficiales han sido, en gran medida, reemplazados por las cuentas presidenciales en redes sociales.<\/p>\n<\/div>\n<div class=\"sc-80531b6b-0 chRIGJ container-text text-embed\">\n<p>Esta introducci\u00f3n sirve para sostener que las palabras de promoci\u00f3n y apoyo de Javier Milei a esta criptomoneda son expresiones del Estado argentino y generan responsabilidad estatal, m\u00e1s all\u00e1 de que hayan sido publicadas en su cuenta privada.<\/p>\n<\/div>\n<div class=\"sc-80531b6b-0 chRIGJ container-text text-embed\">\n<p>El destinatario virtual no distingue si el mensaje llega desde una cuenta p\u00fablica o privada, solo mira el mensaje y quien lo firma, y, por esa raz\u00f3n, el presidente Milei deber\u00e1 responder judicialmente de sus dichos como funcionario p\u00fablico que es.<\/p>\n<\/div>\n<div class=\"sc-80531b6b-0 chRIGJ container-text text-embed\">\n<p>En Argentina tenemos sobrados ejemplos de c\u00f3mo un gobernante exitoso, como lo es ahora Milei, cae f\u00e1cilmente en el encandilamiento de su propia imagen. El narcisismo del poder, la creencia en su impunidad y en su eternidad. Ya nos pas\u00f3 con Cristina Fern\u00e1ndez de Kirchner con el \u201cvamos por todo\u201d en el esplendor de su popularidad. O bien con el uso el uso de los DDHH. para castigar y descalificar al adversario pol\u00edtico en juzgamientos p\u00fablicos. O bien la justificaci\u00f3n en la lucha contra el neoliberalismo para lavar activos provenientes de la corrupci\u00f3n.<\/p>\n<\/div>\n<div class=\"sc-80531b6b-0 chRIGJ container-text text-embed\">\n<p>Y Milei, que apareci\u00f3 como un diferente, que ven\u00eda a ayudarnos a escapar del espanto de un gobierno marcado por la incompetencia y la corrupci\u00f3n, cae en lo mismo o muy parecido.\u00a0No hay mucha diferencia entre la estafa con las criptomonedas y la fiesta de Olivos de Alberto Fern\u00e1ndez o con la causa de los cuadernos de Cristina.<\/p>\n<\/div>\n<div class=\"sc-80531b6b-0 chRIGJ container-text text-embed\">\n<p>Solo un cambio de formas. La participaci\u00f3n de Milei en esta estafa digital internacional est\u00e1 fuera de toda duda. Sea por incompetencia o sea por dolo.<\/p>\n<\/div>\n<div class=\"sc-80531b6b-0 chRIGJ container-text text-embed\">\n<p>La psicopatolog\u00eda del poder es un segmento de la psicolog\u00eda social que analiza los comportamientos gubernamentales. Ese an\u00e1lisis est\u00e1 condicionado al marco cultural de cada sociedad.<\/p>\n<\/div>\n<div class=\"sc-80531b6b-0 chRIGJ container-text text-embed\">\n<p>La sociedad argentina est\u00e1 marcada por la dial\u00e9ctica del \u00e9xito y de la derrota. A los gobernantes exitosos, los argentinos les perdonamos casi todo, no nos importa demasiado el costo penal o el costo \u00e9tico-social del \u00e9xito.<\/p>\n<\/div>\n<div class=\"sc-80531b6b-0 chRIGJ container-text text-embed\">\n<p>A un gobernante exitoso como lo es Milei, por sus aciertos en la macroeconom\u00eda, le est\u00e1 pasando lo mismo que a Cristina Fern\u00e1ndez de Kirchner en el esplendor de su poder. Ambos parecen haber ca\u00eddo en la ilusi\u00f3n narcisista de encandilarse con su propia imagen. Milei pens\u00f3 que sus \u00e9xitos en la lucha contra la inflaci\u00f3n lo habilitaban a todo, a ir por todo, como nos dec\u00eda la ex presidenta.<\/p>\n<\/div>\n<div class=\"sc-80531b6b-0 chRIGJ container-text text-embed\">\n<p>Esta parecer\u00eda ser la marca argentina del \u00e9xito gubernamental: La impunidad del poder. Milei decidi\u00f3 usar las redes sociales como instrumento de poder. Como Cristina lo hac\u00eda \u00a0en sus mensajes por Cadena Nacional.<\/p>\n<\/div>\n<div class=\"sc-80531b6b-0 chRIGJ container-text text-embed\">\n<p>Milei con las redes sociales gan\u00f3 las elecciones. Y con ellas nos gobierna. Con ellas elogia y ejecuta funcionarios. No hay l\u00edneas divisorias entre lo p\u00fablico y lo privado en este mundo de las democracias digitales.\u00a0La estafa con las criptomonedas es un hecho que no admite prueba alguna en contra. Es p\u00fablico y ha sido reconocido por el Presidente. Solo falta saber si ser\u00e1 o no investigado con imparcialidad e independencia por parte de la Justicia.<\/p>\n<\/div>\n<div class=\"sc-80531b6b-0 chRIGJ container-text text-embed\">\n<p>No es para nada suficiente que se pida la investigaci\u00f3n de la Oficina Anticorrupci\u00f3n, que es una estructura que depende del Poder Ejecutivo y como tal, est\u00e1 sometida a presiones y despidos fulminantes de Milei. Hace falta una investigaci\u00f3n en manos de jueces independientes e imparciales que analicen con las pruebas y los hechos qu\u00e9 fue lo que pas\u00f3 y cu\u00e1l es la responsabilidad de la Rep\u00fablica Argentina y cu\u00e1l es la responsabilidad del presidente Milei.<\/p>\n<\/div>\n<div class=\"sc-80531b6b-0 chRIGJ container-text text-embed\">\n<p>La Justicia Argentina tiene una debilidad hist\u00f3rica cuando investiga al poder. As\u00ed lo dice el Informe 1\/98 de la CIDH (Bogot\u00e1).<\/p>\n<\/div>\n<div class=\"sc-80531b6b-0 chRIGJ container-text text-embed\">\n<p>Creo que este caso es una oportunidad que se le presenta a la Justicia argentina de reconciliarse con la sociedad y contarnos a los argentinos con rigor y objetividad qu\u00e9 fue lo que en realidad paso con esta in\u00e9dita promoci\u00f3n presidencial de una criptomoneda y por qu\u00e9 paso lo que pas\u00f3.<\/p>\n<\/div>\n<div class=\"sc-80531b6b-0 chRIGJ container-text text-embed\">\n<p><em>Juan Carlos Vega es abogado. Ex diputado nacional.<\/em><\/p>\n<\/div>\n<\/div>\n<p><br \/>\n<br \/><a href=\"https:\/\/www.clarin.com\/opinion\/milei-criptomonedas-psicopatologia-poder_0_4SPW0gLVWf.html\">Fuente Clarin.com <\/a><\/p>\n","protected":false},"excerpt":{"rendered":"<p>Si queremos evitar la superficialidad en el an\u00e1lisis hay que responder a dos preguntas que son centrales. 1) \u00bfQu\u00e9 fue lo que pas\u00f3 en la mente de un gobernante exitoso para hacer lo que hizo?, 2) \u00bfCu\u00e1l es y cu\u00e1l ser\u00e1 la responsabilidad del Estado argentino por la conducta del presidente Milei? La calificaci\u00f3n penal [&hellip;]<\/p>\n","protected":false},"author":1,"featured_media":5953,"comment_status":"open","ping_status":"open","sticky":false,"template":"","format":"standard","meta":{"footnotes":""},"categories":[2],"tags":[7644,100,48,77,2140,7854],"class_list":["post-6045","post","type-post","status-publish","format-standard","has-post-thumbnail","hentry","category-ultimas-noticias","tag-criptomonedas","tag-del","tag-las","tag-milei","tag-poder","tag-psicopatologia"],"_links":{"self":[{"href":"https:\/\/13.com.ar\/index.php\/wp-json\/wp\/v2\/posts\/6045","targetHints":{"allow":["GET"]}}],"collection":[{"href":"https:\/\/13.com.ar\/index.php\/wp-json\/wp\/v2\/posts"}],"about":[{"href":"https:\/\/13.com.ar\/index.php\/wp-json\/wp\/v2\/types\/post"}],"author":[{"embeddable":true,"href":"https:\/\/13.com.ar\/index.php\/wp-json\/wp\/v2\/users\/1"}],"replies":[{"embeddable":true,"href":"https:\/\/13.com.ar\/index.php\/wp-json\/wp\/v2\/comments?post=6045"}],"version-history":[{"count":0,"href":"https:\/\/13.com.ar\/index.php\/wp-json\/wp\/v2\/posts\/6045\/revisions"}],"wp:featuredmedia":[{"embeddable":true,"href":"https:\/\/13.com.ar\/index.php\/wp-json\/wp\/v2\/media\/5953"}],"wp:attachment":[{"href":"https:\/\/13.com.ar\/index.php\/wp-json\/wp\/v2\/media?parent=6045"}],"wp:term":[{"taxonomy":"category","embeddable":true,"href":"https:\/\/13.com.ar\/index.php\/wp-json\/wp\/v2\/categories?post=6045"},{"taxonomy":"post_tag","embeddable":true,"href":"https:\/\/13.com.ar\/index.php\/wp-json\/wp\/v2\/tags?post=6045"}],"curies":[{"name":"wp","href":"https:\/\/api.w.org\/{rel}","templated":true}]}}