{"id":599,"date":"2025-01-30T09:57:27","date_gmt":"2025-01-30T12:57:27","guid":{"rendered":"https:\/\/13.com.ar\/index.php\/cristina-kirchner-le-pego-milei-por-su-discurso-en-davos-y-le-dejo-una-chicana-por-el-acuerdo-con-el-fmi\/"},"modified":"2025-01-30T09:57:27","modified_gmt":"2025-01-30T12:57:27","slug":"cristina-kirchner-le-pego-milei-por-su-discurso-en-davos-y-le-dejo-una-chicana-por-el-acuerdo-con-el-fmi","status":"publish","type":"post","link":"https:\/\/13.com.ar\/index.php\/cristina-kirchner-le-pego-milei-por-su-discurso-en-davos-y-le-dejo-una-chicana-por-el-acuerdo-con-el-fmi\/","title":{"rendered":"Cristina Kirchner le peg\u00f3 Milei por su discurso en Davos y le dej\u00f3 una chicana por el acuerdo con el FMI"},"content":{"rendered":"<p> <br \/>\n<br \/><img decoding=\"async\" src=\"https:\/\/13.com.ar\/wp-content\/uploads\/2025\/01\/Cristina-Kirchner-le-pego-Milei-por-su-discurso-en-Davos.jpg\" \/><\/p>\n<div>\n<p>A tres d\u00edas de la marcha del colectivo LGTBQ en Parque Lezama, la ex mandataria <strong>Cristina Kirchner<\/strong> llam\u00f3 <strong>&#8220;cachivache&#8221;<\/strong> al presidente<strong> Javier Milei<\/strong> y le pidi\u00f3 que afloje &#8220;un poco&#8221;, ya que en su discurso en el Foro de Davos se dedic\u00f3 a &#8220;insultar, atacar y difamar a mujeres y homosexuales&#8221;.<\/p>\n<\/div>\n<div>\n<p>&#8220;<strong>Afloj\u00e1 un poco<\/strong>\u2026 que <strong>vas a necesitar resto <\/strong>para cuando se te acabe la nafta del d\u00f3lar planchado, el carry trade, el ajuste eterno y la ca\u00edda del consumo; y, finalmente, los argentinos se den cuenta que el sacrificio que hacen s\u00f3lo sirve para enriquecer a unos pocos y empobrecer a las grandes mayor\u00edas\u2026 Porque no tengas dudas que eso, m\u00e1s temprano que tarde, va a ocurrir&#8221;, dispar\u00f3 Cristina Kirchner.<\/p>\n<\/div>\n<div>\n<p>En un extenso posteo en su cuenta de X, la ex mandataria arremeti\u00f3: &#8220;Se ve que era pura sanata, porque en este <strong>Davos 2025 s\u00f3lo te dedicaste a insultar, atacar y difamar a mujeres y homosexuales<\/strong>&#8220;.<\/p>\n<\/div>\n<div>\n<p>&#8220;Che Milei\u2026 <strong>\u00bfC\u00f3mo era ese verso que recit\u00e1s cuando quer\u00e9s explicar qu\u00e9 es el &#8216;libertarismo&#8217;?<\/strong>&#8220;, apunt\u00f3 la ex vicepresidenta al ironizar sobre la definici\u00f3n que suele realizar el Presidente.<\/p>\n<\/div>\n<div>\n<p>Y arremeti\u00f3: &#8220;\u00bfO acaso fue porque si repet\u00edas el discurso de Davos 2024, donde pontificabas \u2018el libre mercado de transacciones voluntarias y la libre circulaci\u00f3n de bienes y personas, sin ning\u00fan tipo de intervenci\u00f3n estatal, sin regulaciones ni controles, en el que los empresarios son h\u00e9roes\u2019; quedabas offside con (el presidente de Estados Unidos, Donald) Trump, que le va a poner aranceles a todos los \u2018h\u00e9roes\u2019 que no produzcan en Estados Unidos o no hagan lo que \u00e9l quiere?&#8221;.<\/p>\n<\/div>\n<div>\n<p>Al referirse al nuevo acuerdo que est\u00e1n negociando el Gobierno con el FMI, chicane\u00f3: &#8220;Mientras tanto, <strong>pedile a tu amigo Elon Musk que te presente a Scott Bessent,<\/strong> Secretario del Tesoro designado por Trump.<strong> Lo vas a necesitar si quer\u00e9s cerrar el nuevo acuerdo de endeudamiento con el FMI<\/strong>&#8220;.<\/p>\n<\/div>\n<div>\n<p>&#8220;Es un destacado financista internacional que, hasta el 2015, trabaj\u00f3 con George Soros. Seguro que para vos, Soros es un comunista\u2026 Aunque Forbes lo haya calificado como el donante m\u00e1s generoso del mundo&#8221;, arremeti\u00f3.<\/p>\n<\/div>\n<div>\n<p>Adem\u00e1s, Cristina Kirchner destin\u00f3 varias l\u00edneas a criticar los <strong>discursos<\/strong> de Milei y le recomend\u00f3 que le diga al que se los escribe que &#8220;tenga <strong>un poco m\u00e1s de imaginaci\u00f3n y que ampl\u00ede el repertorio, porque esta vez te hizo pasar dos pueblos&#8221;.<\/strong><\/p>\n<\/div>\n<div>\n<p>&#8220;Y, sinceramente\u2026 \u00bfNo te parece que los argentinos ya <strong>tenemos demasiadas divisiones como para agregarle diferencias por el g\u00e9nero o por las elecciones sexuales <\/strong>de cada uno?&#8221;, sentenci\u00f3.<\/p>\n<\/div>\n<p><br \/>\n<br \/><a href=\"https:\/\/www.clarin.com\/politica\/cachivache-haces-cargo-decis-cristina-kirchner-pego-milei-discurso-davos-dejo-chicana-acuerdo-fmi_0_dAVxaLJOBL.html\">Fuente Clarin.com <\/a><\/p>\n","protected":false},"excerpt":{"rendered":"<p>A tres d\u00edas de la marcha del colectivo LGTBQ en Parque Lezama, la ex mandataria Cristina Kirchner llam\u00f3 &#8220;cachivache&#8221; al presidente Javier Milei y le pidi\u00f3 que afloje &#8220;un poco&#8221;, ya que en su discurso en el Foro de Davos se dedic\u00f3 a &#8220;insultar, atacar y difamar a mujeres y homosexuales&#8221;. &#8220;Afloj\u00e1 un poco\u2026 que [&hellip;]<\/p>\n","protected":false},"author":1,"featured_media":600,"comment_status":"open","ping_status":"open","sticky":false,"template":"","format":"standard","meta":{"footnotes":""},"categories":[2],"tags":[267,1586,18,497,1585,647,731,323,1381,77,1584,142,73],"class_list":["post-599","post","type-post","status-publish","format-standard","has-post-thumbnail","hentry","category-ultimas-noticias","tag-acuerdo","tag-chicana","tag-con","tag-cristina","tag-davos","tag-dejo","tag-discurso","tag-fmi","tag-kirchner","tag-milei","tag-pego","tag-por","tag-una"],"_links":{"self":[{"href":"https:\/\/13.com.ar\/index.php\/wp-json\/wp\/v2\/posts\/599","targetHints":{"allow":["GET"]}}],"collection":[{"href":"https:\/\/13.com.ar\/index.php\/wp-json\/wp\/v2\/posts"}],"about":[{"href":"https:\/\/13.com.ar\/index.php\/wp-json\/wp\/v2\/types\/post"}],"author":[{"embeddable":true,"href":"https:\/\/13.com.ar\/index.php\/wp-json\/wp\/v2\/users\/1"}],"replies":[{"embeddable":true,"href":"https:\/\/13.com.ar\/index.php\/wp-json\/wp\/v2\/comments?post=599"}],"version-history":[{"count":0,"href":"https:\/\/13.com.ar\/index.php\/wp-json\/wp\/v2\/posts\/599\/revisions"}],"wp:featuredmedia":[{"embeddable":true,"href":"https:\/\/13.com.ar\/index.php\/wp-json\/wp\/v2\/media\/600"}],"wp:attachment":[{"href":"https:\/\/13.com.ar\/index.php\/wp-json\/wp\/v2\/media?parent=599"}],"wp:term":[{"taxonomy":"category","embeddable":true,"href":"https:\/\/13.com.ar\/index.php\/wp-json\/wp\/v2\/categories?post=599"},{"taxonomy":"post_tag","embeddable":true,"href":"https:\/\/13.com.ar\/index.php\/wp-json\/wp\/v2\/tags?post=599"}],"curies":[{"name":"wp","href":"https:\/\/api.w.org\/{rel}","templated":true}]}}