{"id":597,"date":"2025-01-30T09:54:29","date_gmt":"2025-01-30T12:54:29","guid":{"rendered":"https:\/\/13.com.ar\/index.php\/encontraron-un-nuevo-tipo-de-mariposa-en-la-cordillera-de-los-andes\/"},"modified":"2025-01-30T09:54:29","modified_gmt":"2025-01-30T12:54:29","slug":"encontraron-un-nuevo-tipo-de-mariposa-en-la-cordillera-de-los-andes","status":"publish","type":"post","link":"https:\/\/13.com.ar\/index.php\/encontraron-un-nuevo-tipo-de-mariposa-en-la-cordillera-de-los-andes\/","title":{"rendered":"Encontraron un nuevo tipo de mariposa en la Cordillera de los Andes"},"content":{"rendered":"<p> <br \/>\n<\/p>\n<div id=\"cuerpo\">\n<div class=\"sc-80531b6b-0 chRIGJ container-text text-embed\">\n<p><strong>Un nuevo g\u00e9nero de mariposas fue identificado en los Andes<\/strong> gracias a una investigaci\u00f3n desarrollada por cient\u00edficos de Italia, Venezuela y Ecuador, seg\u00fan anunci\u00f3 este lunes en un comunicado el Instituto Nacional de Biodiversidad (Inabio) de Ecuador, que form\u00f3 parte del estudio.<\/p>\n<\/div>\n<div class=\"sc-80531b6b-0 chRIGJ container-text text-embed\">\n<p>El nuevo g\u00e9nero de mariposas fue bautizado como <strong>&#8220;andinoia&#8221;,<\/strong> que mezcla los t\u00e9rminos &#8220;andina&#8221; (perteneciente a los Andes) y el sufijo &#8220;oia&#8221;, utilizado para los subg\u00e9neros de las mariposas &#8220;calasticta&#8221;.<\/p>\n<\/div>\n<div class=\"sc-80531b6b-0 chRIGJ container-text text-embed\">\n<p>&#8220;Andinoia&#8221; incluye especies que pueden subdividirse en tres grupos de especies estrechamente relacionados, pero con caracter\u00edsticas en el patr\u00f3n de<strong> coloraci\u00f3n de las alas <\/strong>que permiten su identificaci\u00f3n.<\/p>\n<\/div>\n<div class=\"sc-80531b6b-0 chRIGJ container-text text-embed\">\n<p>Este g\u00e9nero se distingue por tener las rayas submarginales <strong>amarillas gruesas<\/strong> interneurales en forma de baqueta pero con poco o ning\u00fan engrosamiento de la porci\u00f3n basal. Los machos y las hembras presentan bandas discales rojas o rojo-anaranjadas.<\/p>\n<\/div>\n<div class=\"sc-198be8ec-0 cynXbu image-embed  image-embed \"><picture class=\"sc-198be8ec-1 kOjRiQ\"><source media=\"(min-width: 975px)\" width=\"720\" height=\"480\" \/><img alt=\"El nuevo g\u00e9nero de mariposas fue bautizado como &quot;andinoia&quot; (EFE).\" loading=\"lazy\" width=\"720\" height=\"480\" decoding=\"async\" data-nimg=\"1\" style=\"color:transparent\" src=\"https:\/\/13.com.ar\/wp-content\/uploads\/2025\/01\/Encontraron-un-nuevo-tipo-de-mariposa-en-la-Cordillera-de.jpg\"\/><span class=\"epigraphe\">El nuevo g\u00e9nero de mariposas fue bautizado como &#8220;andinoia&#8221; (EFE).<\/span><span class=\"bkg\"\/><span class=\"picture-open\"><button class=\"open-image\" aria-label=\"Open Image\"\/><\/span><\/picture><\/div>\n<div class=\"sc-80531b6b-0 chRIGJ container-text text-embed\">\n<p>&#8220;Catasticta&#8221; es uno de los g\u00e9neros megadiversos de mariposas neotropicales, contando con 101 especies y 264 subespecies, <strong>totalmente distribuida en Centroam\u00e9rica y Sudam\u00e9rica<\/strong>, y mayormente adaptada a ambientes monta\u00f1osos.<\/p>\n<\/div>\n<div class=\"sc-80531b6b-0 chRIGJ container-text text-embed\">\n<p>&#13;<br \/>\nEl g\u00e9nero ha tenido una historia taxon\u00f3mica complicada, con una sucesi\u00f3n de estudios realizados \u00fanicamente sobre una base fen\u00e9tica. Solo en las \u00faltimas dos d\u00e9cadas se han iniciado estudios de base molecular para este g\u00e9nero, que, sin embargo, a veces han a\u00f1adido m\u00e1s confusi\u00f3n taxon\u00f3mica y en la nomenclatura, se\u00f1alaron los autores del estudio. <\/p>\n<\/div>\n<div class=\"sc-80531b6b-0 chRIGJ container-text text-embed\">\n<p>Adem\u00e1s del Inabio, en la investigaci\u00f3n tambi\u00e9n participaron cient\u00edficos de Museo de Historia Natural del Salento (Italia), del Instituto Venezolano de Investigaciones Cient\u00edficas (IVIC), de la Universidad del Azuay (Ecuador) y de la Universidad Central de Venezuela.<\/p>\n<\/div>\n<p><h2><strong>Hallaron otras dos nuevas subespecies<\/strong><\/h2>\n<\/p>\n<div class=\"sc-80531b6b-0 chRIGJ container-text text-embed\">\n<p>Al mismo tiempo, en otra investigaci\u00f3n fueron descubiertas <strong>dos nuevas subespecies<\/strong> de mariposas halladas en el extremo m\u00e1s occidental de la zona de Pantepui, situada en los territorios de Venezuela, Guyana y Brasil: &#8220;tepuinoia duida occidentalis&#8221; y &#8220;catasticta sisamnus mauritiana&#8221;.<\/p>\n<\/div>\n<div class=\"sc-80531b6b-0 chRIGJ container-text text-embed\">\n<p>La primera recibe el nombre del lugar donde fue encontrada, en el l\u00edmite m\u00e1s occidental del Pantepui, y su h\u00e1bitat es exactamente el mismo que el de &#8220;catasticta sisamnus mauritiana&#8221;, donde siete ejemplares machos fueron recogidos mientras se alimentaban de flores de &#8220;Chromolaena&#8221;.<\/p>\n<\/div>\n<div class=\"sc-198be8ec-0 cynXbu image-embed  image-embed \"><picture class=\"sc-198be8ec-1 kOjRiQ\"><source media=\"(min-width: 975px)\" width=\"720\" height=\"480\" \/><img alt=\"La nueva especie de mariposa (Twitter).\" loading=\"lazy\" width=\"720\" height=\"480\" decoding=\"async\" data-nimg=\"1\" style=\"color:transparent\" src=\"https:\/\/13.com.ar\/wp-content\/uploads\/2025\/01\/1738241669_839_Encontraron-un-nuevo-tipo-de-mariposa-en-la-Cordillera-de.jpg\"\/><span class=\"epigraphe\">La nueva especie de mariposa (Twitter).<\/span><span class=\"bkg\"\/><span class=\"picture-open\"><button class=\"open-image\" aria-label=\"Open Image\"\/><\/span><\/picture><\/div>\n<div class=\"sc-80531b6b-0 chRIGJ container-text text-embed\">\n<p>El nombre de la segunda especie est\u00e1 dedicado a Maurizio Bollino, por su gran contribuci\u00f3n al conocimiento del g\u00e9nero de mariposas &#8220;catasticta&#8221;. Esta subespecie s\u00f3lo se la conoce en la Serran\u00eda del Cuao, en elevaciones septentrionales <strong>entre 1.500 y 1.740 metros de altitud <\/strong>sobre el nivel del mar.<\/p>\n<\/div>\n<div class=\"sc-80531b6b-0 chRIGJ container-text text-embed\">\n<p>&#13;<br \/>\nLa Serran\u00eda del Cuao, tambi\u00e9n llamada Macizo del Cuao, est\u00e1 formada por mesetas de arenisca y cuarcita del Grupo Roraima y alcanza elevaciones que apenas superan los 2.000 metros de altitud en algunas de sus mesetas; ocupa el borde occidental de un vasto territorio monta\u00f1oso inexplorado y representa el l\u00edmite m\u00e1s occidental del Pantepui. <\/p>\n<\/div>\n<div class=\"sc-80531b6b-0 chRIGJ container-text text-embed\">\n<p>En esta segunda investigaci\u00f3n participaron cient\u00edficos de la Universidad Central de Venezuela, el Instituto Venezolano de Investigaciones Cient\u00edficas (IVIC), la Universidad de Florida (Estados Unidos), la Universidad del Azuay (Ecuador), el Inabio de Ecuador y el Museo de Historia Natural de Salento (Italia). <\/p>\n<\/div>\n<div class=\"sc-4306f4f9-0 bAPCpp\">\n<div class=\"inner-card-m\">\n<div class=\"related-content\">\n<p><span class=\"body-title\">Mir\u00e1 tambi\u00e9n<\/span><\/p>\n<h3>Un nene fue castigado por no hacer los deberes del colegio y denunci\u00f3 a su padre por posesi\u00f3n de drogas<\/h3>\n<source media=\"(min-width: 975px)\" width=\"340\" height=\"340\" \/><img alt=\"Un nene fue castigado por no hacer los deberes del colegio y denunci\u00f3 a su padre por posesi\u00f3n de drogas\" loading=\"lazy\" width=\"340\" height=\"340\" decoding=\"async\" data-nimg=\"1\" style=\"color:transparent\" src=\"https:\/\/13.com.ar\/wp-content\/uploads\/2025\/01\/1738153881_60_El-bunker-super-lujoso-que-abrira-sus-puertas-a-los.jpg\"\/><\/div>\n<\/div>\n<\/div>\n<div class=\"sc-4306f4f9-0 bAPCpp\">\n<div class=\"inner-card-m\">\n<div class=\"related-content\">\n<p><span class=\"body-title\">Mir\u00e1 tambi\u00e9n<\/span><\/p>\n<h3>El b\u00fanker super lujoso que abrir\u00e1 sus puertas a los ricos en caso de apocalipsis<\/h3>\n<source media=\"(min-width: 975px)\" width=\"340\" height=\"340\" \/><img alt=\"El b\u00fanker super lujoso que abrir\u00e1 sus puertas a los ricos en caso de apocalipsis\" loading=\"lazy\" width=\"340\" height=\"340\" decoding=\"async\" data-nimg=\"1\" style=\"color:transparent\" src=\"https:\/\/13.com.ar\/wp-content\/uploads\/2025\/01\/1738240588_894_Un-asteroide-podria-impactar-contra-la-Tierra-con-una-potencia.jpg\"\/><\/div>\n<\/div>\n<\/div>\n<div class=\"sc-4306f4f9-0 bAPCpp\">\n<div class=\"inner-card-m\">\n<div class=\"related-content\">\n<p><span class=\"body-title\">Mir\u00e1 tambi\u00e9n<\/span><\/p>\n<h3>La ciudad donde los perros callejeros son tratados como reyes<\/h3>\n<source media=\"(min-width: 975px)\" width=\"340\" height=\"340\" \/><img alt=\"La ciudad donde los perros callejeros son tratados como reyes\" loading=\"lazy\" width=\"340\" height=\"340\" decoding=\"async\" data-nimg=\"1\" style=\"color:transparent\" src=\"https:\/\/13.com.ar\/wp-content\/uploads\/2025\/01\/1738153881_775_El-bunker-super-lujoso-que-abrira-sus-puertas-a-los.jpg\"\/><\/div>\n<\/div>\n<\/div>\n<\/div>\n<p><br \/>\n<br \/><a href=\"https:\/\/www.clarin.com\/viste\/encontraron-nuevo-tipo-mariposa-cordillera-andes_0_PLOKJNbTIU.html\">Fuente Clarin.com <\/a><\/p>\n","protected":false},"excerpt":{"rendered":"<p>Un nuevo g\u00e9nero de mariposas fue identificado en los Andes gracias a una investigaci\u00f3n desarrollada por cient\u00edficos de Italia, Venezuela y Ecuador, seg\u00fan anunci\u00f3 este lunes en un comunicado el Instituto Nacional de Biodiversidad (Inabio) de Ecuador, que form\u00f3 parte del estudio. El nuevo g\u00e9nero de mariposas fue bautizado como &#8220;andinoia&#8221;, que mezcla los t\u00e9rminos [&hellip;]<\/p>\n","protected":false},"author":1,"featured_media":598,"comment_status":"open","ping_status":"open","sticky":false,"template":"","format":"standard","meta":{"footnotes":""},"categories":[2],"tags":[1583,1582,633,28,1581,14,1580],"class_list":["post-597","post","type-post","status-publish","format-standard","has-post-thumbnail","hentry","category-ultimas-noticias","tag-andes","tag-cordillera","tag-encontraron","tag-los","tag-mariposa","tag-nuevo","tag-tipo"],"_links":{"self":[{"href":"https:\/\/13.com.ar\/index.php\/wp-json\/wp\/v2\/posts\/597","targetHints":{"allow":["GET"]}}],"collection":[{"href":"https:\/\/13.com.ar\/index.php\/wp-json\/wp\/v2\/posts"}],"about":[{"href":"https:\/\/13.com.ar\/index.php\/wp-json\/wp\/v2\/types\/post"}],"author":[{"embeddable":true,"href":"https:\/\/13.com.ar\/index.php\/wp-json\/wp\/v2\/users\/1"}],"replies":[{"embeddable":true,"href":"https:\/\/13.com.ar\/index.php\/wp-json\/wp\/v2\/comments?post=597"}],"version-history":[{"count":0,"href":"https:\/\/13.com.ar\/index.php\/wp-json\/wp\/v2\/posts\/597\/revisions"}],"wp:featuredmedia":[{"embeddable":true,"href":"https:\/\/13.com.ar\/index.php\/wp-json\/wp\/v2\/media\/598"}],"wp:attachment":[{"href":"https:\/\/13.com.ar\/index.php\/wp-json\/wp\/v2\/media?parent=597"}],"wp:term":[{"taxonomy":"category","embeddable":true,"href":"https:\/\/13.com.ar\/index.php\/wp-json\/wp\/v2\/categories?post=597"},{"taxonomy":"post_tag","embeddable":true,"href":"https:\/\/13.com.ar\/index.php\/wp-json\/wp\/v2\/tags?post=597"}],"curies":[{"name":"wp","href":"https:\/\/api.w.org\/{rel}","templated":true}]}}