{"id":5959,"date":"2025-02-19T05:35:34","date_gmt":"2025-02-19T08:35:34","guid":{"rendered":"https:\/\/13.com.ar\/index.php\/el-fuerte-cruce-entre-manuel-adorni-y-myriam-bregman-por-un-mensaje-contra-javier-milei-en-las-redes\/"},"modified":"2025-02-19T05:35:34","modified_gmt":"2025-02-19T08:35:34","slug":"el-fuerte-cruce-entre-manuel-adorni-y-myriam-bregman-por-un-mensaje-contra-javier-milei-en-las-redes","status":"publish","type":"post","link":"https:\/\/13.com.ar\/index.php\/el-fuerte-cruce-entre-manuel-adorni-y-myriam-bregman-por-un-mensaje-contra-javier-milei-en-las-redes\/","title":{"rendered":"El fuerte cruce entre Manuel Adorni y Myriam Bregman por un mensaje contra Javier Milei en las redes"},"content":{"rendered":"<p> <br \/>\n<br \/><img decoding=\"async\" src=\"https:\/\/13.com.ar\/wp-content\/uploads\/2025\/02\/El-fuerte-cruce-entre-Manuel-Adorni-y-Myriam-Bregman-por.jpg\" \/><\/p>\n<div>\n<p><strong>Manuel Adorni<\/strong> y <strong>Myriam Bregman<\/strong> mantuvieron este martes un fuerte cruce en las redes sociales, por un tuit de la exdiputada contra el Presidente. \u201cMilei tiene m\u00e1s jefes que perros\u201d, escribi\u00f3.<\/p>\n<\/div>\n<div>\n<p>Algunas horas despu\u00e9s de ese mensaje, el vocero presidencial le record\u00f3 a la exdiputada, tambi\u00e9n a trav\u00e9s de la red social <em>X<\/em>, su cosecha en las \u00faltimas elecciones en la que fue la candidata por el Frente de Izquierda Unidad.<\/p>\n<\/div>\n<div>\n<p>\u201c<strong>Myriam, 2%. Fin<\/strong>\u201d, retruc\u00f3 el portavoz de Javier Milei, en referencia al 2.7% que obtuvo esa fuerza en las generales de 2023.<\/p>\n<\/div>\n<div>\n<p>Bregman, que en el debate antes de esas elecciones carg\u00f3 duramente contra Milei al definirlo como un \u201cgatito mimoso del poder econ\u00f3mico\u201d, no se qued\u00f3 atr\u00e1s y enfatiz\u00f3: \u201c<strong>Se les derrumba todo<\/strong>, temen que tambi\u00e9n se derrumbe la ilusi\u00f3n de los perros\u201d.<\/p>\n<\/div>\n<div>\n<p>Respecto a este mensaje, un usuario pregunt\u00f3 con una buena cuota de sarcasmo: \u201cPuede ser pero, al final, \u00bfcu\u00e1ntos perros son?\u201d. \u201c\u00bfVivos?\u201d, pregunt\u00f3 la exlegisladora, con la misma impronta.<\/p>\n<\/div>\n<div>\n<p>Fue Adorni, en este caso, el que se qued\u00f3 con la \u00faltima palabra. \u201cMyriam, tu nivel de subnormalidad es astron\u00f3mico. Fin\u201d, acus\u00f3 el vocero presidencial, con su tradicional cierre.<\/p>\n<\/div>\n<div>\n<p>A la primera publicaci\u00f3n del portavoz se subi\u00f3 tambi\u00e9n otro referente de izquierda como <strong>Nicol\u00e1s del Ca\u00f1o<\/strong>, quien cuestion\u00f3 el sueldo de Adorni. \u201cCobr\u00e1s m\u00e1s de 5 millones de pesos y <strong>eso es lo mejor que se te ocurri\u00f3?<\/strong>\u201d, lanz\u00f3 el diputado.<\/p>\n<\/div>\n<div>\n<p>El intercambio se dio en medio del esc\u00e1ndalo de la criptomoneda $Libra desatado el viernes y tras la interrupci\u00f3n de una entrevista que le realizaron el lunes al Presidente.<\/p>\n<\/div>\n<div>\n<p>De todos modos, no fue este el primer enfrentamiento que mantuvieron Adorni y Bregman. <strong>Tuvieron otros cruces<\/strong>, por caso, cuando la diputada tambi\u00e9n cuestion\u00f3 el salario del portavoz en 2024 o cuando el vocero le dijo a la excandidata presidencial, meses despu\u00e9s, que era una de las pocas personas \u201cque se encuentran en ese punto justo entre la insensatez y la inutilidad m\u00e1s absoluta\u201d.<\/p>\n<\/div>\n<div>\n<p>Fue el <strong>final de una jornada de martes extensa para Adorn<\/strong>i. Es que al mediod\u00eda se cruz\u00f3 en la conferencia de prensa con el periodista Fabi\u00e1n Waldman, que lo chicane\u00f3 por la entrevista de Javier Milei con Jonatan Viale. \u201cTama\u00f1a estupidez la que me planteaste\u201d, le respondi\u00f3 el vocero.<\/p>\n<\/div>\n<p><br \/>\n<br \/><a href=\"https:\/\/www.clarin.com\/politica\/milei-jefes-perros-nivel-subnormalidad-astronomico-cruce-manuel-adorni-myriam-bregman_0_C49WSXhEfR.html\">Fuente Clarin.com <\/a><\/p>\n","protected":false},"excerpt":{"rendered":"<p>Manuel Adorni y Myriam Bregman mantuvieron este martes un fuerte cruce en las redes sociales, por un tuit de la exdiputada contra el Presidente. \u201cMilei tiene m\u00e1s jefes que perros\u201d, escribi\u00f3. Algunas horas despu\u00e9s de ese mensaje, el vocero presidencial le record\u00f3 a la exdiputada, tambi\u00e9n a trav\u00e9s de la red social X, su cosecha [&hellip;]<\/p>\n","protected":false},"author":1,"featured_media":5960,"comment_status":"open","ping_status":"open","sticky":false,"template":"","format":"standard","meta":{"footnotes":""},"categories":[2],"tags":[7355,7771,835,1374,351,624,273,48,378,211,77,7770,142,505],"class_list":["post-5959","post","type-post","status-publish","format-standard","has-post-thumbnail","hentry","category-ultimas-noticias","tag-adorni","tag-bregman","tag-contra","tag-cruce","tag-entre","tag-fuerte","tag-javier","tag-las","tag-manuel","tag-mensaje","tag-milei","tag-myriam","tag-por","tag-redes"],"_links":{"self":[{"href":"https:\/\/13.com.ar\/index.php\/wp-json\/wp\/v2\/posts\/5959","targetHints":{"allow":["GET"]}}],"collection":[{"href":"https:\/\/13.com.ar\/index.php\/wp-json\/wp\/v2\/posts"}],"about":[{"href":"https:\/\/13.com.ar\/index.php\/wp-json\/wp\/v2\/types\/post"}],"author":[{"embeddable":true,"href":"https:\/\/13.com.ar\/index.php\/wp-json\/wp\/v2\/users\/1"}],"replies":[{"embeddable":true,"href":"https:\/\/13.com.ar\/index.php\/wp-json\/wp\/v2\/comments?post=5959"}],"version-history":[{"count":0,"href":"https:\/\/13.com.ar\/index.php\/wp-json\/wp\/v2\/posts\/5959\/revisions"}],"wp:featuredmedia":[{"embeddable":true,"href":"https:\/\/13.com.ar\/index.php\/wp-json\/wp\/v2\/media\/5960"}],"wp:attachment":[{"href":"https:\/\/13.com.ar\/index.php\/wp-json\/wp\/v2\/media?parent=5959"}],"wp:term":[{"taxonomy":"category","embeddable":true,"href":"https:\/\/13.com.ar\/index.php\/wp-json\/wp\/v2\/categories?post=5959"},{"taxonomy":"post_tag","embeddable":true,"href":"https:\/\/13.com.ar\/index.php\/wp-json\/wp\/v2\/tags?post=5959"}],"curies":[{"name":"wp","href":"https:\/\/api.w.org\/{rel}","templated":true}]}}