{"id":5956,"date":"2025-02-19T05:29:40","date_gmt":"2025-02-19T08:29:40","guid":{"rendered":"https:\/\/13.com.ar\/index.php\/como-saber-tu-vibracion-interna-anual-y-aprovechar-su-poder\/"},"modified":"2025-02-19T05:29:40","modified_gmt":"2025-02-19T08:29:40","slug":"como-saber-tu-vibracion-interna-anual-y-aprovechar-su-poder","status":"publish","type":"post","link":"https:\/\/13.com.ar\/index.php\/como-saber-tu-vibracion-interna-anual-y-aprovechar-su-poder\/","title":{"rendered":"c\u00f3mo saber tu vibraci\u00f3n interna anual y aprovechar su poder"},"content":{"rendered":"<p> <br \/>\n<\/p>\n<div id=\"cuerpo\">\n<div class=\"sc-80531b6b-0 chRIGJ container-text text-embed\">\n<p>La numerolog\u00eda permite identificar tanto las <strong>oportunidades <\/strong>como los <strong>desaf\u00edos <\/strong>que se presentar\u00e1n durante el a\u00f1o. Adem\u00e1s de conocer la &#8220;energ\u00eda anual&#8221;, nos permite analizar <strong>c\u00f3mo nos sentiremos internamente<\/strong>. Este estudio se conoce como \u201cprogresi\u00f3n interna anual\u201d.<\/p>\n<\/div>\n<div class=\"sc-80531b6b-0 chRIGJ container-text text-embed\">\n<p><strong>Marcela Paola Matteucci<\/strong>, numer\u00f3loga profesional y directora del Centro de Numerolog\u00eda y Astro Tarot de Buenos Aires (en Instagram, @cnatba), explica a <strong>Clar\u00edn <\/strong>que la clave est\u00e1 en comprender la <strong>interacci\u00f3n entre el a\u00f1o personal y la vibraci\u00f3n interna<\/strong>, ya que juntos definen la din\u00e1mica que marcar\u00e1 tu camino durante el a\u00f1o. En otras palabras, no solo influyen las energ\u00edas externas identificadas en el calendario numerol\u00f3gico, sino tambi\u00e9n un n\u00famero que revela el proceso interno que vivir\u00e1s. Esta perspectiva integral te ayudar\u00e1 a prepararte y aprovechar cada experiencia que el 2025 tiene para ofrecer.<\/p>\n<\/div>\n<div class=\"sc-80531b6b-0 chRIGJ container-text text-embed\">\n<p>En s\u00edntesis, no solo nos gobierna un a\u00f1o puntual numerol\u00f3gico, sino tambi\u00e9n un n\u00famero que indica el <strong>proceso interno<\/strong> que vamos a sentir o vivenciar en ese periodo.<\/p>\n<\/div>\n<div class=\"sc-198be8ec-0 cynXbu image-embed  image-embed \"><picture class=\"sc-198be8ec-1 kOjRiQ\"><source media=\"(min-width: 975px)\" width=\"720\" height=\"480\" \/><img alt=\"\u00bfC\u00f3mo sacar la vibraci\u00f3n o progresi\u00f3n interna para el 2025? Foto: ilustraci\u00f3n Shutterstock.\" loading=\"lazy\" width=\"720\" height=\"480\" decoding=\"async\" data-nimg=\"1\" style=\"color:transparent\" src=\"https:\/\/13.com.ar\/wp-content\/uploads\/2025\/02\/como-saber-tu-vibracion-interna-anual-y-aprovechar-su-poder.jpg\"\/><span class=\"epigraphe\">\u00bfC\u00f3mo sacar la vibraci\u00f3n o progresi\u00f3n interna para el 2025? Foto: ilustraci\u00f3n Shutterstock.<\/span><span class=\"bkg\"\/><span class=\"picture-open\"><button class=\"open-image\" aria-label=\"Open Image\"\/><\/span><\/picture><\/div>\n<p><h2>Numerolog\u00eda: c\u00f3mo calcular la vibraci\u00f3n interna anual 2025 paso a paso<\/h2>\n<\/p>\n<div class=\"sc-80531b6b-0 chRIGJ container-text text-embed\">\n<p>\u00bfC\u00f3mo sacar la vibraci\u00f3n o progresi\u00f3n interna para el 2025? Marcela explica que para saber la energ\u00eda interna se necesitan dos datos:<\/p>\n<\/div>\n<div class=\"sc-80531b6b-0 chRIGJ container-text text-embed\">\n<p><strong>1 &#8211; El A\u00f1o Personal de la persona en 2025.<\/strong><\/p>\n<\/div>\n<div class=\"sc-80531b6b-0 chRIGJ container-text text-embed\">\n<p><strong>2 &#8211; La edad que cumplir\u00e1 en 2025.<\/strong><\/p>\n<\/div>\n<div class=\"sc-80531b6b-0 chRIGJ container-text text-embed\">\n<p>Es decir, se debe sumar la edad que la persona cumple en 2025 a su a\u00f1o personal numerol\u00f3gico para dicho a\u00f1o. Luego, sumamos ambos valores y los reducimos a un solo d\u00edgito.<\/p>\n<\/div>\n<div class=\"sc-198be8ec-0 cynXbu image-embed  image-embed \"><picture class=\"sc-198be8ec-1 kOjRiQ\"><source media=\"(min-width: 975px)\" width=\"720\" height=\"480\" \/><img alt=\"Los significados asociados a cada energ\u00eda interna, seg\u00fan la progresi\u00f3n numerol\u00f3gica anual. Foto: ilustraci\u00f3n Shutterstock.\" loading=\"lazy\" width=\"720\" height=\"480\" decoding=\"async\" data-nimg=\"1\" style=\"color:transparent\" src=\"https:\/\/13.com.ar\/wp-content\/uploads\/2025\/02\/1739953780_25_como-saber-tu-vibracion-interna-anual-y-aprovechar-su-poder.jpg\"\/><span class=\"epigraphe\">Los significados asociados a cada energ\u00eda interna, seg\u00fan la progresi\u00f3n numerol\u00f3gica anual. Foto: ilustraci\u00f3n Shutterstock.<\/span><span class=\"bkg\"\/><span class=\"picture-open\"><button class=\"open-image\" aria-label=\"Open Image\"\/><\/span><\/picture><\/div>\n<p><h2>Paso 1: Calcular el A\u00f1o Personal<\/h2>\n<\/p>\n<div class=\"sc-80531b6b-0 chRIGJ container-text text-embed\">\n<p>El A\u00f1o Personal se obtiene sumando:<\/p>\n<\/div>\n<div class=\"sc-80531b6b-0 chRIGJ container-text text-embed\">\n<ul>\n<li>D\u00eda de nacimiento<\/li>\n<li>Mes de nacimiento<\/li>\n<li>Reducci\u00f3n numerol\u00f3gica del a\u00f1o 2025 (2+0+2+5 = 9)<\/li>\n<\/ul>\n<\/div>\n<div class=\"sc-80531b6b-0 chRIGJ container-text text-embed\">\n<p>Por ejemplo, para una persona nacida el 1 de febrero (1\/2), el c\u00e1lculo es el siguiente:<\/p>\n<\/div>\n<div class=\"sc-80531b6b-0 chRIGJ container-text text-embed\">\n<p>1 (d\u00eda) + 2 (mes) + 9 (reducci\u00f3n de 2025) = 12 \u2192 Reducimos: 1+2 = 3.<\/p>\n<\/div>\n<div class=\"sc-80531b6b-0 chRIGJ container-text text-embed\">\n<p>Entonces, el A\u00f1o Personal en 2025 es 3.<\/p>\n<\/div>\n<p><h2>Paso 2: Sumar la edad de 2025<\/h2>\n<\/p>\n<div class=\"sc-80531b6b-0 chRIGJ container-text text-embed\">\n<p>Si la persona naci\u00f3 en 1970, en 2025 cumplir\u00e1 55 a\u00f1os (2025 &#8211; 1970).<\/p>\n<\/div>\n<p><h2>Paso 3: Sumar la edad al A\u00f1o Personal:<\/h2>\n<\/p>\n<div class=\"sc-80531b6b-0 chRIGJ container-text text-embed\">\n<p>55 (edad) + 3 (A\u00f1o Personal) = 58.<\/p>\n<\/div>\n<p><h2>Paso 4: Reducir a un solo d\u00edgito:<\/h2>\n<\/p>\n<div class=\"sc-80531b6b-0 chRIGJ container-text text-embed\">\n<p>Esto dar\u00e1 como resultado la vibraci\u00f3n interna o progresi\u00f3n anual de esta persona en 2025, que en el ejemplo ser\u00e1 4. Este n\u00famero representa la energ\u00eda interna y el proceso de evoluci\u00f3n personal del a\u00f1o, mientras que el A\u00f1o Personal marca las experiencias externas.<\/p>\n<\/div>\n<p><h2>Numerolog\u00eda 2025: tus energ\u00edas internas, seg\u00fan tu progresi\u00f3n anual<\/h2>\n<\/p>\n<div class=\"sc-198be8ec-0 cynXbu image-embed  image-embed \"><picture class=\"sc-198be8ec-1 kOjRiQ\"><source media=\"(min-width: 975px)\" width=\"720\" height=\"480\" \/><img alt=\"Numerolog\u00eda 2025: tus energ\u00edas internas, seg\u00fan tu progresi\u00f3n anual. Foto: ilustraci\u00f3n Shutterstock\" loading=\"lazy\" width=\"720\" height=\"480\" decoding=\"async\" data-nimg=\"1\" style=\"color:transparent\" src=\"https:\/\/13.com.ar\/wp-content\/uploads\/2025\/02\/1739953780_200_como-saber-tu-vibracion-interna-anual-y-aprovechar-su-poder.jpg\"\/><span class=\"epigraphe\">Numerolog\u00eda 2025: tus energ\u00edas internas, seg\u00fan tu progresi\u00f3n anual. Foto: ilustraci\u00f3n Shutterstock<\/span><span class=\"bkg\"\/><span class=\"picture-open\"><button class=\"open-image\" aria-label=\"Open Image\"\/><\/span><\/picture><\/div>\n<div class=\"sc-80531b6b-0 chRIGJ container-text text-embed\">\n<p>\u201cPoder conocer <strong>qu\u00e9 energ\u00eda interna tendremos para este 2025<\/strong> nos dar\u00e1 mayores herramientas para poder aprovechar el 2025 a pleno\u201d, dice Matteucci. A continuaci\u00f3n, explica los significados asociados a cada energ\u00eda interna, seg\u00fan la progresi\u00f3n numerol\u00f3gica anual.<\/p>\n<\/div>\n<p><h2>Vibraci\u00f3n interna 1<\/h2>\n<\/p>\n<div class=\"sc-80531b6b-0 chRIGJ container-text text-embed\">\n<p>La persona se sentir\u00e1 con <strong>ganas de iniciar<\/strong>, aprovechar este a\u00f1o para lanzarse a nuevos desaf\u00edos. Sentir\u00e1 confianza interna, necesidad de reconocimiento, de autoafirmarse y liderar. Internamente se sentir\u00e1 segura, con iniciativa y empuje. Deber\u00e1 evitar la ansiedad durante este periodo activo.<\/p>\n<\/div>\n<p><h2>Vibraci\u00f3n interna 2<\/h2>\n<\/p>\n<div class=\"sc-80531b6b-0 chRIGJ container-text text-embed\">\n<p>La persona buscar\u00e1 <strong>conectar con su vida \u00edntima<\/strong>, sentir\u00e1 la necesidad de estar en paz, en pareja. Su anhelo ser\u00e1 buscar espacios \u00edntimos, asociarse y priorizar su mundo emocional. Deber\u00e1 evitar la duda y los miedos que se puedan presentar en el a\u00f1o que deber\u00e1 vivenciar.<\/p>\n<\/div>\n<p><h2>Vibraci\u00f3n interna 3<\/h2>\n<\/p>\n<div class=\"sc-80531b6b-0 chRIGJ container-text text-embed\">\n<p>La persona estar\u00e1 con una <strong>energ\u00eda positiva<\/strong>, con fe. La necesidad ser\u00e1 conectarse socialmente, divertirse. Esta energ\u00eda interna aporta optimismo, energ\u00eda juvenil. Se priorizar\u00e1 la b\u00fasqueda de pasar buenos momentos con amigos, celebrar, disfrutar, enamorarse, buscar pasarla bien. Favorece el contacto con ni\u00f1os, la necesidad de tener hijos o crear. Deber\u00e1 evitarse la dispersi\u00f3n.<\/p>\n<\/div>\n<p><h2>Vibraci\u00f3n interna 4<\/h2>\n<\/p>\n<div class=\"sc-80531b6b-0 chRIGJ container-text text-embed\">\n<p>La persona buscar\u00e1 afianzarse, materializar, <strong>concretar<\/strong>, estructurarse durante este a\u00f1o. Seguir una rutina, plasmar lo que deba plasmar, \u201cconstruir\u201d ser\u00e1 la prioridad interna para poder optimizar todos los recursos de manera \u00fatil. La necesidad de ordenar ser\u00e1 importante durante este tr\u00e1nsito anual. Deber\u00e1 evitar la rigidez y dejar un tiempo para el descanso f\u00edsico.<\/p>\n<\/div>\n<div class=\"sc-198be8ec-0 cynXbu image-embed  image-embed \"><picture class=\"sc-198be8ec-1 kOjRiQ\"><source media=\"(min-width: 975px)\" width=\"720\" height=\"480\" \/><img alt=\"La numerolog\u00eda permite identificar tanto las oportunidades como los desaf\u00edos que se presentar\u00e1n durante el a\u00f1o. Foto: ilustraci\u00f3n Shutterstock.\" loading=\"lazy\" width=\"720\" height=\"480\" decoding=\"async\" data-nimg=\"1\" style=\"color:transparent\" src=\"https:\/\/13.com.ar\/wp-content\/uploads\/2025\/02\/1739953780_81_como-saber-tu-vibracion-interna-anual-y-aprovechar-su-poder.jpg\"\/><span class=\"epigraphe\">La numerolog\u00eda permite identificar tanto las oportunidades como los desaf\u00edos que se presentar\u00e1n durante el a\u00f1o. Foto: ilustraci\u00f3n Shutterstock.<\/span><span class=\"bkg\"\/><span class=\"picture-open\"><button class=\"open-image\" aria-label=\"Open Image\"\/><\/span><\/picture><\/div>\n<p><h2>Vibraci\u00f3n interna 5<\/h2>\n<\/p>\n<div class=\"sc-80531b6b-0 chRIGJ container-text text-embed\">\n<p>La persona tendr\u00e1 la necesidad de <strong>cambio<\/strong>, de avanzar, de conectar con nuevas aventuras, como viajar, mudarse, abrirse a nuevos proyectos, comunicar, expandir su negocio a trav\u00e9s del marketing, salir de su zona de confort, conectar con su parte f\u00edsica, con su sex appeal y la relaci\u00f3n con el sexo opuesto. Necesitar\u00e1 crecer en todos los sentidos que se presenten, conectando con nuevos desaf\u00edos y oportunidades. Deber\u00e1 evitar los excesos y el querer abrir varios frentes que no pueda cubrir.<\/p>\n<\/div>\n<p><h2>Vibraci\u00f3n interna 6<\/h2>\n<\/p>\n<div class=\"sc-80531b6b-0 chRIGJ container-text text-embed\">\n<p>La persona estar\u00e1 con la necesidad de estar <strong>conectado con el amor<\/strong>, su familia; se sentir\u00e1 abocado al cuidado de su clan, a la salud y responsabilidades familiares. Buscar\u00e1 en los v\u00ednculos compromisos y estabilidad. Sentir\u00e1 la necesidad interna de embellecer su hogar, su medio ambiente, su cuerpo f\u00edsico, de conectar con el arte, la belleza en todos los sentidos. Deber\u00e1 evitar poner toda la responsabilidad en sus hombros y saber compartir con sus afectos las mismas; no meterse en donde no lo llamen a nivel familiar ser\u00e1 fundamental para este tr\u00e1nsito interno.<\/p>\n<\/div>\n<p><h2>Vibraci\u00f3n interna 7<\/h2>\n<\/p>\n<div class=\"sc-80531b6b-0 chRIGJ container-text text-embed\">\n<p>La persona necesitar\u00e1 ir <strong>hacia adentro<\/strong>, no exponerse tanto, perfeccionar, capacitarse, estudiar, meditar y sanar a trav\u00e9s del trabajo interno y\/o psicol\u00f3gico profundo. Esta energ\u00eda interna puede aportar mayor consciencia de lo que debemos pulir internamente para, en su faz positiva, evolucionar; en su faz negativa, la persona puede sentirse aislada, sola, deprimida o poco visible. Deber\u00e1 evitar conectar con la evasi\u00f3n o desilusi\u00f3n durante este periodo, sabiendo separar la paja del trigo para poder avanzar.<\/p>\n<\/div>\n<p><h2>Vibraci\u00f3n interna 8<\/h2>\n<\/p>\n<div class=\"sc-80531b6b-0 chRIGJ container-text text-embed\">\n<p>La persona estar\u00e1 conectada con la <strong>necesidad de crecer <\/strong>econ\u00f3micamente; realizar\u00e1 estrategias para plasmar y crecer a nivel material, empresarial, laboral o social. Esta energ\u00eda otorga a nivel interno: fortaleza, resiliencia, ambici\u00f3n, b\u00fasqueda de equilibrio interno y justicia. Deber\u00e1 evitar ser muy exigente o poco transigente durante este periodo.<\/p>\n<\/div>\n<p><h2>Vibraci\u00f3n interna 9<\/h2>\n<\/p>\n<div class=\"sc-80531b6b-0 chRIGJ container-text text-embed\">\n<p>La persona necesitar\u00e1 <strong>cerrar un ciclo<\/strong>: estar\u00e1 mirando al pasado, analizando lo que ya no quiere m\u00e1s en su vida para poder soltar y trascender lo que tenga que trascender, sentir\u00e1 ganas de conectar con lo lejano, con otras culturas, con viajes largos, con estudios filos\u00f3ficos y\/o espirituales. Deber\u00e1 evitar los enojos internos para poder canalizar este a\u00f1o en su evoluci\u00f3n personal. Puede no aprovechar las energ\u00edas externas que se presenten hasta que logre cerrar una etapa en su vida, conectar internamente con la experiencia que este a\u00f1o propone ser\u00e1 provechoso para \u00e9l.<\/p>\n<\/div>\n<div class=\"sc-80531b6b-0 chRIGJ container-text text-embed\">\n<p><strong><em>Asesor\u00f3 Marcela Paola Matteucci, numer\u00f3loga profesional y directora del Centro de Numerolog\u00eda y Astro Tarot de Buenos Aires (C.N.A.TB.A.). En Instagram, @cnatba.<\/em><\/strong><\/p>\n<\/div>\n<\/div>\n<p><br \/>\n<br \/><a href=\"https:\/\/www.clarin.com\/astrologia\/numerologia-2025-saber-vibracion-interna-anual-aprovechar-poder_0_Jll6VuzWqH.html\">Fuente Clarin.com <\/a><\/p>\n","protected":false},"excerpt":{"rendered":"<p>La numerolog\u00eda permite identificar tanto las oportunidades como los desaf\u00edos que se presentar\u00e1n durante el a\u00f1o. Adem\u00e1s de conocer la &#8220;energ\u00eda anual&#8221;, nos permite analizar c\u00f3mo nos sentiremos internamente. Este estudio se conoce como \u201cprogresi\u00f3n interna anual\u201d. Marcela Paola Matteucci, numer\u00f3loga profesional y directora del Centro de Numerolog\u00eda y Astro Tarot de Buenos Aires (en [&hellip;]<\/p>\n","protected":false},"author":1,"featured_media":5957,"comment_status":"open","ping_status":"open","sticky":false,"template":"","format":"standard","meta":{"footnotes":""},"categories":[2],"tags":[7769,398,66,3423,2140,2835,7768],"class_list":["post-5956","post","type-post","status-publish","format-standard","has-post-thumbnail","hentry","category-ultimas-noticias","tag-anual","tag-aprovechar","tag-como","tag-interna","tag-poder","tag-saber","tag-vibracion"],"_links":{"self":[{"href":"https:\/\/13.com.ar\/index.php\/wp-json\/wp\/v2\/posts\/5956","targetHints":{"allow":["GET"]}}],"collection":[{"href":"https:\/\/13.com.ar\/index.php\/wp-json\/wp\/v2\/posts"}],"about":[{"href":"https:\/\/13.com.ar\/index.php\/wp-json\/wp\/v2\/types\/post"}],"author":[{"embeddable":true,"href":"https:\/\/13.com.ar\/index.php\/wp-json\/wp\/v2\/users\/1"}],"replies":[{"embeddable":true,"href":"https:\/\/13.com.ar\/index.php\/wp-json\/wp\/v2\/comments?post=5956"}],"version-history":[{"count":0,"href":"https:\/\/13.com.ar\/index.php\/wp-json\/wp\/v2\/posts\/5956\/revisions"}],"wp:featuredmedia":[{"embeddable":true,"href":"https:\/\/13.com.ar\/index.php\/wp-json\/wp\/v2\/media\/5957"}],"wp:attachment":[{"href":"https:\/\/13.com.ar\/index.php\/wp-json\/wp\/v2\/media?parent=5956"}],"wp:term":[{"taxonomy":"category","embeddable":true,"href":"https:\/\/13.com.ar\/index.php\/wp-json\/wp\/v2\/categories?post=5956"},{"taxonomy":"post_tag","embeddable":true,"href":"https:\/\/13.com.ar\/index.php\/wp-json\/wp\/v2\/tags?post=5956"}],"curies":[{"name":"wp","href":"https:\/\/api.w.org\/{rel}","templated":true}]}}