{"id":595,"date":"2025-01-30T09:51:31","date_gmt":"2025-01-30T12:51:31","guid":{"rendered":"https:\/\/13.com.ar\/index.php\/se-conocieron-imagenes-del-accidente-de-francisco-tinelli-en-punta-del-este\/"},"modified":"2025-01-30T09:51:31","modified_gmt":"2025-01-30T12:51:31","slug":"se-conocieron-imagenes-del-accidente-de-francisco-tinelli-en-punta-del-este","status":"publish","type":"post","link":"https:\/\/13.com.ar\/index.php\/se-conocieron-imagenes-del-accidente-de-francisco-tinelli-en-punta-del-este\/","title":{"rendered":"Se conocieron im\u00e1genes del accidente de Francisco Tinelli en Punta del Este"},"content":{"rendered":"<p> <br \/>\n<\/p>\n<div id=\"cuerpo\">\n<div class=\"sc-80531b6b-0 chRIGJ container-text text-embed\">\n<p>Luego de que trascendiera que <strong>Francisco Tinelli<\/strong>, hijo de Marcelo y Paula Robles, protagoniz\u00f3 un accidente automovil\u00edstico en Punta del Este, <strong>se dieron a conocer las im\u00e1genes<\/strong> que muestran las consecuencias del despiste en la banquina.<\/p>\n<\/div>\n<div class=\"sc-80531b6b-0 chRIGJ container-text text-embed\">\n<p>Seg\u00fan el parte policial que se dio a conocer este mi\u00e9rcoles, el hecho ocurri\u00f3 a eso de las 5 de la ma\u00f1ana cuando un m\u00f3vil de la jefatura que patrullaba en el balneario Buenos Aires intent\u00f3 detener a un veh\u00edculo que \u201c<strong>circulaba a alta velocidad y realizando maniobras imprudentes\u201d.<\/strong><\/p>\n<\/div>\n<div class=\"sc-198be8ec-0 cynXbu image-embed  image-embed \"><picture class=\"sc-198be8ec-1 kOjRiQ\"><source media=\"(min-width: 975px)\" width=\"720\" height=\"480\" \/><img alt=\"Se conocieron im\u00e1genes del accidente de Francisco Tinelli en Punta del Este. Foto: Captura TV\" loading=\"lazy\" width=\"720\" height=\"480\" decoding=\"async\" data-nimg=\"1\" style=\"color:transparent\" src=\"https:\/\/13.com.ar\/wp-content\/uploads\/2025\/01\/Se-conocieron-imagenes-del-accidente-de-Francisco-Tinelli-en-Punta.jpg\"\/><span class=\"epigraphe\">Se conocieron im\u00e1genes del accidente de Francisco Tinelli en Punta del Este. Foto: Captura TV<\/span><span class=\"bkg\"\/><span class=\"picture-open\"><button class=\"open-image\" aria-label=\"Open Image\"\/><\/span><\/picture><\/div>\n<div class=\"sc-80531b6b-0 chRIGJ container-text text-embed\">\n<p>En el parte detallan que \u201c<strong>el conductor se dio a la fuga en direcci\u00f3n a Jos\u00e9 Ignacio<\/strong> circulando por la ruta 10, siendo perdido de vista por los polic\u00edas. M\u00e1s tarde <strong>ubican al veh\u00edculo a un costado de la ruta<\/strong> a la altura del kil\u00f3metro 171. Su conductor se hab\u00eda bajado del mismo y se encontraba ileso\u201d.<\/p>\n<\/div>\n<div class=\"sc-80531b6b-0 chRIGJ container-text text-embed\">\n<p>R\u00e1pidamente, <strong>Francisco fue trasladado a la policl\u00ednica <\/strong>del balneario<strong> <\/strong>Buenos Aires y fue atendido por un equipo m\u00e9dico que constat\u00f3 que no hab\u00eda sufrido lesiones.<\/p>\n<\/div>\n<div class=\"sc-198be8ec-0 cynXbu image-embed  image-embed \"><picture class=\"sc-198be8ec-1 kOjRiQ\"><source media=\"(min-width: 975px)\" width=\"720\" height=\"480\" \/><img alt=\"Se conocieron im\u00e1genes del accidente de Francisco Tinelli en Punta del Este. Foto: Captura TV\" loading=\"lazy\" width=\"720\" height=\"480\" decoding=\"async\" data-nimg=\"1\" style=\"color:transparent\" src=\"https:\/\/13.com.ar\/wp-content\/uploads\/2025\/01\/1738241491_522_Se-conocieron-imagenes-del-accidente-de-Francisco-Tinelli-en-Punta.jpg\"\/><span class=\"epigraphe\">Se conocieron im\u00e1genes del accidente de Francisco Tinelli en Punta del Este. Foto: Captura TV<\/span><span class=\"bkg\"\/><span class=\"picture-open\"><button class=\"open-image\" aria-label=\"Open Image\"\/><\/span><\/picture><\/div>\n<div class=\"sc-80531b6b-0 chRIGJ container-text text-embed\">\n<p>En su declaraci\u00f3n, el modelo asegur\u00f3 que no hab\u00eda visto el m\u00f3vil policial y que hab\u00eda consumido alcohol en una cena, horas antes de salir con su camioneta. <\/p>\n<\/div>\n<div class=\"sc-80531b6b-0 chRIGJ container-text text-embed\">\n<p>Lo cierto es que el hijo del conductor del Bailando estaba alcoholizado, ya que <strong>una prueba de espirometr\u00eda arroj\u00f3 el resultado de 0,27 alcohol en sangre<\/strong>, cuando en Uruguay el l\u00edmite es 0.<\/p>\n<\/div>\n<div class=\"sc-198be8ec-0 cynXbu image-embed  image-embed \"><picture class=\"sc-198be8ec-1 kOjRiQ\"><source media=\"(min-width: 975px)\" width=\"720\" height=\"480\" \/><img alt=\"Se conocieron im\u00e1genes del accidente de Francisco Tinelli en Punta del Este. Foto: Captura TV\" loading=\"lazy\" width=\"720\" height=\"480\" decoding=\"async\" data-nimg=\"1\" style=\"color:transparent\" src=\"https:\/\/13.com.ar\/wp-content\/uploads\/2025\/01\/1738241491_740_Se-conocieron-imagenes-del-accidente-de-Francisco-Tinelli-en-Punta.jpg\"\/><span class=\"epigraphe\">Se conocieron im\u00e1genes del accidente de Francisco Tinelli en Punta del Este. Foto: Captura TV<\/span><span class=\"bkg\"\/><span class=\"picture-open\"><button class=\"open-image\" aria-label=\"Open Image\"\/><\/span><\/picture><\/div>\n<div class=\"sc-80531b6b-0 chRIGJ container-text text-embed\">\n<p>Al aire de <em>LAM <\/em>(Am\u00e9rica), \u00c1ngel De Brito dio a conocer las fotos de los destrozos que sufri\u00f3 el veh\u00edculo y<strong> las marcas de las frenadas de los neum\u00e1ticos contra la ruta<\/strong>, en forma de zig-zag.<\/p>\n<\/div>\n<div class=\"sc-80531b6b-0 chRIGJ container-text text-embed\">\n<p>En una de las im\u00e1genes, <strong>se ve el paragolpes de la camioneta al costado de la ruta<\/strong>, sobre el pasto adyacente a la banquina. En otras de ellas, aparecen otras partes rotas del auto, como la puerta y dem\u00e1s carrocer\u00edas.<\/p>\n<\/div>\n<div class=\"sc-198be8ec-0 cynXbu image-embed  image-embed \"><picture class=\"sc-198be8ec-1 kOjRiQ\"><source media=\"(min-width: 975px)\" width=\"720\" height=\"480\" \/><img alt=\"Se conocieron im\u00e1genes del accidente de Francisco Tinelli en Punta del Este. Foto: Captura TV\" loading=\"lazy\" width=\"720\" height=\"480\" decoding=\"async\" data-nimg=\"1\" style=\"color:transparent\" src=\"https:\/\/13.com.ar\/wp-content\/uploads\/2025\/01\/1738241491_715_Se-conocieron-imagenes-del-accidente-de-Francisco-Tinelli-en-Punta.jpg\"\/><span class=\"epigraphe\">Se conocieron im\u00e1genes del accidente de Francisco Tinelli en Punta del Este. Foto: Captura TV<\/span><span class=\"bkg\"\/><span class=\"picture-open\"><button class=\"open-image\" aria-label=\"Open Image\"\/><\/span><\/picture><\/div>\n<p><h2>Las im\u00e1genes de Francisco Tinelli horas previas al accidente<\/h2>\n<\/p>\n<div class=\"sc-80531b6b-0 chRIGJ container-text text-embed\">\n<p>Luego de que se diera a conocer la noticia del accidente que sufri\u00f3 Francisco Tinelli en Punta del Este, se viraliz\u00f3 un video que lo muestra en <strong>una exclusiva cena tomando alcohol con su pap\u00e1<\/strong>, sus hermanos Candelaria y Lolo y amigos de la familia.<\/p>\n<\/div>\n<div class=\"sc-ad4aedf2-0 dPPgNJ border-video video-embed horizontal border-video video-embed horizontal\">\n<div class=\"sc-ad4aedf2-1 hnFuni videoText videoText\">\n<h2>Video<\/h2>\n<p>Se conocieron las im\u00e1genes previas al accidente de Francisco Tinelli en Punta del Este<\/p>\n<\/div>\n<\/div>\n<div class=\"sc-80531b6b-0 chRIGJ container-text text-embed\">\n<p>Las im\u00e1genes fueron compartidas por el propio Marcelo Tinelli en su cuenta de Instagram, donde acumula 14.8 millones de seguidores. &#8220;<strong>Pizzas caseras en una noche incre\u00edble&#8221;<\/strong>, escribi\u00f3 el conductor y sum\u00f3 el emotic\u00f3n de un coraz\u00f3n.<\/p>\n<\/div>\n<div class=\"sc-198be8ec-0 cynXbu image-embed  image-embed \"><picture class=\"sc-198be8ec-1 kOjRiQ\"><source media=\"(min-width: 975px)\" width=\"720\" height=\"480\" \/><img alt=\"Francisco Tinelli. Foto: Instagram.\" loading=\"lazy\" width=\"720\" height=\"480\" decoding=\"async\" data-nimg=\"1\" style=\"color:transparent\" src=\"https:\/\/13.com.ar\/wp-content\/uploads\/2025\/01\/1738241491_558_Se-conocieron-imagenes-del-accidente-de-Francisco-Tinelli-en-Punta.jpg\"\/><span class=\"epigraphe\">Francisco Tinelli. Foto: Instagram.<\/span><span class=\"bkg\"\/><span class=\"picture-open\"><button class=\"open-image\" aria-label=\"Open Image\"\/><\/span><\/picture><\/div>\n<div class=\"sc-80531b6b-0 chRIGJ container-text text-embed\">\n<p>Cabe destacar que \u00c1ngel de Brito sum\u00f3 m\u00e1s detalles sobre lo ocurrido en la madrugada del mi\u00e9rcoles y dijo que <strong>Francisco no habr\u00eda sido detenido ni demorado.<\/strong><\/p>\n<\/div>\n<div class=\"sc-80531b6b-0 chRIGJ container-text text-embed\">\n<p>&#8220;No estuvo demorado. <strong>Solo en la policl\u00ednica para hacer el control de alcoholemia<\/strong>. El auto sigue estando en el lugar del incidente. Solo tiene una sanci\u00f3n administrativa por ahora&#8221;, explic\u00f3 el periodista en la red social X (antes Twitter).<\/p>\n<\/div>\n<div class=\"sc-198be8ec-0 cynXbu image-embed  image-embed \"><picture class=\"sc-198be8ec-1 kOjRiQ\"><source media=\"(min-width: 975px)\" width=\"720\" height=\"480\" \/><img alt=\"Francisco Tinelli. Foto: Instagram.\" loading=\"lazy\" width=\"720\" height=\"480\" decoding=\"async\" data-nimg=\"1\" style=\"color:transparent\" src=\"https:\/\/13.com.ar\/wp-content\/uploads\/2025\/01\/1738241491_614_Se-conocieron-imagenes-del-accidente-de-Francisco-Tinelli-en-Punta.jpg\"\/><span class=\"epigraphe\">Francisco Tinelli. Foto: Instagram.<\/span><span class=\"bkg\"\/><span class=\"picture-open\"><button class=\"open-image\" aria-label=\"Open Image\"\/><\/span><\/picture><\/div>\n<p><h2>Qu\u00e9 dijo Marcelo Tinelli sobre el accidente de su hijo Francisco<\/h2>\n<\/p>\n<div class=\"sc-80531b6b-0 chRIGJ container-text text-embed\">\n<p>Consultado sobre los hechos, Marcelo Tinelli expuso que <strong>Francisco se encuentra \u201cmuy bien\u201d y \u201cdescansando\u201d.<\/strong> Fue Sebasti\u00e1n \u201cPampito\u201d Perell\u00f3 Aciar, quien est\u00e1 al frente del ciclo <em>Puro Show<\/em> (El Trece) quien se comunic\u00f3 con el conductor para consultarle c\u00f3mo estaba.<\/p>\n<\/div>\n<div class=\"sc-ad4aedf2-0 dPPgNJ border-video video-embed horizontal border-video video-embed horizontal\">\n<div class=\"sc-ad4aedf2-1 hnFuni videoText videoText\">\n<h2>Video<\/h2>\n<p>Marcelo Tinelli habl\u00f3 del accidente de su hijo Francisco<\/p>\n<\/div>\n<\/div>\n<div class=\"sc-80531b6b-0 chRIGJ container-text text-embed\">\n<p>\u201c(Francisco) est\u00e1 muy bien y descansando, que es lo importante. Aparentemente se despist\u00f3 en la ruta, llegando a casa. Es lo que s\u00e9 hasta ac\u00e1\u201d, le dijo Marcelo al periodista a trav\u00e9s de una serie de mensajes de WhatsApp.<\/p>\n<\/div>\n<div class=\"sc-80531b6b-0 chRIGJ container-text text-embed\">\n<p>\u201cDicen que le quisieron hacer un control de alcoholemia y que se escap\u00f3. \u00bfEs real?\u201d, le consult\u00f3 Pampito al empresario. A lo que Marcelo, sin dar mayores precisiones, atin\u00f3 a responder de manera cautelosa:<strong> \u201cNo tengo idea de eso\u201d.<\/strong><\/p>\n<\/div>\n<\/div>\n<p><br \/>\n<br \/><a href=\"https:\/\/www.clarin.com\/fama\/conocieron-imagenes-accidente-francisco-tinelli-punta_0_ygUIMfZ8pJ.html\">Fuente Clarin.com <\/a><\/p>\n","protected":false},"excerpt":{"rendered":"<p>Luego de que trascendiera que Francisco Tinelli, hijo de Marcelo y Paula Robles, protagoniz\u00f3 un accidente automovil\u00edstico en Punta del Este, se dieron a conocer las im\u00e1genes que muestran las consecuencias del despiste en la banquina. Seg\u00fan el parte policial que se dio a conocer este mi\u00e9rcoles, el hecho ocurri\u00f3 a eso de las 5 [&hellip;]<\/p>\n","protected":false},"author":1,"featured_media":596,"comment_status":"open","ping_status":"open","sticky":false,"template":"","format":"standard","meta":{"footnotes":""},"categories":[2],"tags":[973,995,100,139,917,996,922,619],"class_list":["post-595","post","type-post","status-publish","format-standard","has-post-thumbnail","hentry","category-ultimas-noticias","tag-accidente","tag-conocieron","tag-del","tag-este","tag-francisco","tag-imagenes","tag-punta","tag-tinelli"],"_links":{"self":[{"href":"https:\/\/13.com.ar\/index.php\/wp-json\/wp\/v2\/posts\/595","targetHints":{"allow":["GET"]}}],"collection":[{"href":"https:\/\/13.com.ar\/index.php\/wp-json\/wp\/v2\/posts"}],"about":[{"href":"https:\/\/13.com.ar\/index.php\/wp-json\/wp\/v2\/types\/post"}],"author":[{"embeddable":true,"href":"https:\/\/13.com.ar\/index.php\/wp-json\/wp\/v2\/users\/1"}],"replies":[{"embeddable":true,"href":"https:\/\/13.com.ar\/index.php\/wp-json\/wp\/v2\/comments?post=595"}],"version-history":[{"count":0,"href":"https:\/\/13.com.ar\/index.php\/wp-json\/wp\/v2\/posts\/595\/revisions"}],"wp:featuredmedia":[{"embeddable":true,"href":"https:\/\/13.com.ar\/index.php\/wp-json\/wp\/v2\/media\/596"}],"wp:attachment":[{"href":"https:\/\/13.com.ar\/index.php\/wp-json\/wp\/v2\/media?parent=595"}],"wp:term":[{"taxonomy":"category","embeddable":true,"href":"https:\/\/13.com.ar\/index.php\/wp-json\/wp\/v2\/categories?post=595"},{"taxonomy":"post_tag","embeddable":true,"href":"https:\/\/13.com.ar\/index.php\/wp-json\/wp\/v2\/tags?post=595"}],"curies":[{"name":"wp","href":"https:\/\/api.w.org\/{rel}","templated":true}]}}