{"id":593,"date":"2025-01-30T09:48:34","date_gmt":"2025-01-30T12:48:34","guid":{"rendered":"https:\/\/13.com.ar\/index.php\/donald-trump-dijo-que-la-tragedia-aerea-de-washington-debio-evitarse-y-cuestiono-a-la-torre-de-control-por-un-error-que-no-cometio\/"},"modified":"2025-01-30T09:48:34","modified_gmt":"2025-01-30T12:48:34","slug":"donald-trump-dijo-que-la-tragedia-aerea-de-washington-debio-evitarse-y-cuestiono-a-la-torre-de-control-por-un-error-que-no-cometio","status":"publish","type":"post","link":"https:\/\/13.com.ar\/index.php\/donald-trump-dijo-que-la-tragedia-aerea-de-washington-debio-evitarse-y-cuestiono-a-la-torre-de-control-por-un-error-que-no-cometio\/","title":{"rendered":"Donald Trump dijo que la tragedia a\u00e9rea de Washington &#8220;debi\u00f3 evitarse&#8221; y cuestion\u00f3 a la torre de control por un error que no cometi\u00f3"},"content":{"rendered":"<p> <br \/>\n<br \/><img decoding=\"async\" src=\"https:\/\/13.com.ar\/wp-content\/uploads\/2025\/01\/Donald-Trump-dijo-que-la-tragedia-aerea-de-Washington-debio.jpg\" \/><\/p>\n<div id=\"cuerpo\">\n<div class=\"sc-80531b6b-0 chRIGJ container-text text-embed\">\n<p>El presidente de Estados Unidos, <strong>Donald Trump<\/strong>, cuestion\u00f3 el accionar de la torre de control del aeropuerto Ronald Reagan de Washington luego del choque entre un helic\u00f3ptero militar y un avi\u00f3n con 64 personas a bordo.<strong> &#8220;Deber\u00eda haberse evitado&#8221;<\/strong>, sentenci\u00f3.<\/p>\n<\/div>\n<div class=\"sc-80531b6b-0 chRIGJ container-text text-embed\">\n<p>&#8220;La noche estaba CLARA, las luces del avi\u00f3n estaban encendidas, \u00bfpor qu\u00e9 el helic\u00f3ptero no subi\u00f3, baj\u00f3 o gir\u00f3? <strong>\u00bfPor qu\u00e9 la torre de control no le dijo qu\u00e9 hacer en lugar de preguntar si vio el avi\u00f3n?<\/strong> Esta es una <strong>mala situaci\u00f3n que parece que deber\u00eda haberse evitado<\/strong>. \u00a1\u00a1\u00a1NO EST\u00c1 BIEN!!!&#8221;, apunt\u00f3 Trump a trav\u00e9s de un posteo en su  cuenta de Truth Social.<\/p>\n<\/div>\n<div class=\"sc-80531b6b-0 chRIGJ container-text text-embed\">\n<p>Mientras contin\u00faan las tareas de b\u00fasqueda y rescate en las g\u00e9lidas aguas del r\u00edo Potomac, se conocieron en la madrugada de este jueves los audios de la torre de control en los momentos previos y posteriores al choque en el aire entre el avi\u00f3n y el helic\u00f3ptero.<\/p>\n<\/div>\n<div class=\"sc-80531b6b-0 chRIGJ container-text text-embed\">\n<p>De acuerdo al audio que obtuvo CNN de un sitio especializado en comunicaciones de aviaci\u00f3n, <strong>desde la torre de control s\u00ed indicaron qu\u00e9 maniobra realizar en los momentos previos al choque<\/strong>.<\/p>\n<\/div>\n<div class=\"sc-80531b6b-0 chRIGJ container-text text-embed\">\n<p>Los operadores de control a\u00e9reo preguntaron a los tripulantes del helic\u00f3ptero si hab\u00edan visto al jet regional Bombardier CRJ700 operado por PSA Airlines (una filial de American Airlines). &#8220;PAT 2-5, \u00bftienes al CRJ a la vista?&#8221;, le preguntan a la aeronave militar. Luego, insisten: <strong>&#8220;PAT 2-5, pasa detr\u00e1s del CRJ&#8221;<\/strong>.<\/p>\n<\/div>\n<div class=\"sc-ad4aedf2-0 dPPgNJ border-video video-embed horizontal border-video video-embed horizontal\">\n<div class=\"sc-ad4aedf2-1 hnFuni videoText videoText\">\n<h2>Video<\/h2>\n<div>\n<p>Un avi\u00f3n comercial choc\u00f3 contra un helic\u00f3ptero y se estrell\u00f3 cerca del aeropuerto Ronald Reagan de Washington<\/p>\n<\/div>\n<\/div>\n<\/div>\n<div class=\"sc-80531b6b-0 chRIGJ container-text text-embed\">\n<p>En ese contexto, <strong>Trump asegur\u00f3 que el avi\u00f3n &#8220;se encontraba en una perfecta y rutinaria l\u00ednea de aproximaci\u00f3n al aeropuerto&#8221; <\/strong>y que &#8220;el helic\u00f3ptero se dirigi\u00f3 directamente hacia el avi\u00f3n durante un largo periodo de tiempo&#8221;.<\/p>\n<\/div>\n<div class=\"sc-80531b6b-0 chRIGJ container-text text-embed\">\n<p>En un comunicado difundido por la Casa Blanca, previo a que el mandatario estadounidense se exprese v\u00eda redes sociales, se indic\u00f3 que el Presidente hab\u00eda sido informado detalladamente de lo sucedido. &#8220;<strong>Que Dios bendiga sus almas<\/strong>. Gracias por el incre\u00edble trabajo realizado por nuestros socorristas. <strong>Estoy monitoreando la situaci\u00f3n<\/strong>&#8220;, expres\u00f3 mediante el texto oficial.<\/p>\n<\/div>\n<div class=\"sc-80531b6b-0 chRIGJ container-text text-embed\">\n<p>La Administraci\u00f3n de Aviaci\u00f3n Federal inform\u00f3 que un PSA Airlines Bombardier CRJ700 jet regional choc\u00f3 en el aire con un helic\u00f3ptero H-60 mientras se aproximaba a la pista 33 en el aeropuerto Reagan cerca de las 9 pm de Washington, las 23 de Argentina. Tambi\u00e9n confirm\u00f3 que era un vuelo 5342 de American Airlines que hab\u00eda partido de Wichita, Kansas.<\/p>\n<\/div>\n<p><h2>El mensaje de American Airlines tras el accidente a\u00e9reo: &#8220;Este es un d\u00eda dif\u00edcil para todos&#8221;<\/h2>\n<\/p>\n<div class=\"sc-80531b6b-0 chRIGJ container-text text-embed\">\n<p>A las horas del accidente, el CEO de American Airlines, Robert Isom, expres\u00f3 sus condolencias a los familiares de las v\u00edctimas y asegur\u00f3 que &#8220;es un d\u00eda dif\u00edcil para todos&#8221;.<\/p>\n<\/div>\n<div class=\"sc-80531b6b-0 chRIGJ container-text text-embed\">\n<p>&#8220;Quiero expresar nuestro profundo pesar por estos acontecimientos. Este es <strong>un d\u00eda dif\u00edcil para todos en American Airlines<\/strong>, y nuestros esfuerzos en este momento est\u00e1n completamente enfocados en las necesidades de nuestros pasajeros, miembros de la tripulaci\u00f3n, socios, socorristas, as\u00ed como en sus familias y seres queridos&#8221;, enfatiz\u00f3 Isom.<\/p>\n<\/div>\n<div class=\"sc-80531b6b-0 chRIGJ container-text text-embed\">\n<p>A trav\u00e9s de un video publicado en el sitio oficial de la aerol\u00ednea, continu\u00f3: &#8220;Estamos cooperando plenamente con la Junta Nacional de Seguridad en el Transporte en su investigaci\u00f3n y<strong> continuaremos proporcionando toda la informaci\u00f3n que podamos&#8221;.<\/strong><\/p>\n<\/div>\n<div class=\"sc-80531b6b-0 chRIGJ container-text text-embed\">\n<p>&#8220;Entendemos y apreciamos que la gente est\u00e9 ansiosa por obtener informaci\u00f3n. Sepan que <strong>continuaremos compartiendo informaci\u00f3n precisa y oportuna<\/strong> tan pronto como podamos&#8221;, agreg\u00f3. <\/p>\n<\/div>\n<div class=\"sc-80531b6b-0 chRIGJ container-text text-embed\">\n<p>A modo de cierre, el CEO de American Airlines brind\u00f3 los datos de una l\u00ednea especial de ayuda (1-800-679-8215) y concluy\u00f3: &#8220;Nuestro equipo de profesionales altamente capacitados estar\u00e1 trabajando sin descanso para apoyar a nuestros pasajeros, tripulaci\u00f3n y sus familias en todo lo que podamos&#8221;.<\/p>\n<\/div>\n<\/div>\n<p><br \/>\n<br \/><a href=\"https:\/\/www.clarin.com\/mundo\/deberia-haberse-evitado-donald-trump-cuestiono-accionar-torre-control-tragedia-aerea-washington_0_BFOI7cZPjN.html\">Fuente Clarin.com <\/a><\/p>\n","protected":false},"excerpt":{"rendered":"<p>El presidente de Estados Unidos, Donald Trump, cuestion\u00f3 el accionar de la torre de control del aeropuerto Ronald Reagan de Washington luego del choque entre un helic\u00f3ptero militar y un avi\u00f3n con 64 personas a bordo. &#8220;Deber\u00eda haberse evitado&#8221;, sentenci\u00f3. &#8220;La noche estaba CLARA, las luces del avi\u00f3n estaban encendidas, \u00bfpor qu\u00e9 el helic\u00f3ptero no [&hellip;]<\/p>\n","protected":false},"author":1,"featured_media":594,"comment_status":"open","ping_status":"open","sticky":false,"template":"","format":"standard","meta":{"footnotes":""},"categories":[2],"tags":[1574,1579,645,1577,1575,1572,178,1578,1576,142,1453,1573,179,1424],"class_list":["post-593","post","type-post","status-publish","format-standard","has-post-thumbnail","hentry","category-ultimas-noticias","tag-aerea","tag-cometio","tag-control","tag-cuestiono","tag-debio","tag-dijo","tag-donald","tag-error","tag-evitarse","tag-por","tag-torre","tag-tragedia","tag-trump","tag-washington"],"_links":{"self":[{"href":"https:\/\/13.com.ar\/index.php\/wp-json\/wp\/v2\/posts\/593","targetHints":{"allow":["GET"]}}],"collection":[{"href":"https:\/\/13.com.ar\/index.php\/wp-json\/wp\/v2\/posts"}],"about":[{"href":"https:\/\/13.com.ar\/index.php\/wp-json\/wp\/v2\/types\/post"}],"author":[{"embeddable":true,"href":"https:\/\/13.com.ar\/index.php\/wp-json\/wp\/v2\/users\/1"}],"replies":[{"embeddable":true,"href":"https:\/\/13.com.ar\/index.php\/wp-json\/wp\/v2\/comments?post=593"}],"version-history":[{"count":0,"href":"https:\/\/13.com.ar\/index.php\/wp-json\/wp\/v2\/posts\/593\/revisions"}],"wp:featuredmedia":[{"embeddable":true,"href":"https:\/\/13.com.ar\/index.php\/wp-json\/wp\/v2\/media\/594"}],"wp:attachment":[{"href":"https:\/\/13.com.ar\/index.php\/wp-json\/wp\/v2\/media?parent=593"}],"wp:term":[{"taxonomy":"category","embeddable":true,"href":"https:\/\/13.com.ar\/index.php\/wp-json\/wp\/v2\/categories?post=593"},{"taxonomy":"post_tag","embeddable":true,"href":"https:\/\/13.com.ar\/index.php\/wp-json\/wp\/v2\/tags?post=593"}],"curies":[{"name":"wp","href":"https:\/\/api.w.org\/{rel}","templated":true}]}}