{"id":581,"date":"2025-01-30T09:30:31","date_gmt":"2025-01-30T12:30:31","guid":{"rendered":"https:\/\/13.com.ar\/index.php\/el-campo-pampeano-reclama-por-la-emergencia-agropecuaria-los-caminos-y-el-cobro-indebido-de-impuestos\/"},"modified":"2025-01-30T09:30:31","modified_gmt":"2025-01-30T12:30:31","slug":"el-campo-pampeano-reclama-por-la-emergencia-agropecuaria-los-caminos-y-el-cobro-indebido-de-impuestos","status":"publish","type":"post","link":"https:\/\/13.com.ar\/index.php\/el-campo-pampeano-reclama-por-la-emergencia-agropecuaria-los-caminos-y-el-cobro-indebido-de-impuestos\/","title":{"rendered":"El campo pampeano reclama por la emergencia agropecuaria, los caminos y el cobro indebido de impuestos"},"content":{"rendered":"<p> <br \/>\n<br \/><img decoding=\"async\" src=\"https:\/\/13.com.ar\/wp-content\/uploads\/2025\/01\/El-campo-pampeano-reclama-por-la-emergencia-agropecuaria-los-caminos.jpg\" \/><\/p>\n<div>\n<p>Productores agropecuarios agrupados en la <strong>Confederaci\u00f3n de Asociaciones Rurales de Buenos Aires y La Pampa<\/strong> (Carbap) expresaron p\u00fablicamente su disconformidad con el tratamiento que se le viene dando en los \u00faltimos a\u00f1os a la emergencia agropecuaria y la deficiente infraestructura de la Pampa, Adem\u00e1s, afirmaron que el gobierno de la provincia realiza un cobro indebido de impuestos al sector rural.<\/p>\n<\/div>\n<div>\n<p>&#8220;Sobre la <strong>emergencia<\/strong>, <strong>no se solucionan los problemas de los afectados ni en tiempo ni en forma<\/strong>, y resultado de ello es la <strong>desaparici\u00f3n de productores<\/strong> principalmente de las zonas desfavorables; el reclamo es continuo y la desesperaci\u00f3n en los asociados que ven como se les va su empresa&#8221;, manifestaron.<\/p>\n<\/div>\n<div>\n<p>Por este motivo, y en un <strong>escenario de sequ\u00eda y ola de calor<\/strong>, &#8220;urge buscar alternativas superadoras que aproximen las soluciones necesarias y <strong>no sirve \u201cposponer\u201d el pago de impuestos<\/strong>, ya que tarde o temprano <strong>se paga con \u201ccero\u201d producci\u00f3n<\/strong>.<\/p>\n<\/div>\n<div>\n<p>&#8220;No sirven por ejemplo \u201c5000 kg\u201d de ma\u00edz por productor para 100 o 200 vacas, <strong>no sirve un pr\u00e9stamo subsidiado al 25% anual, si se tiene<\/strong> <strong>cero producci\u00f3n<\/strong>&#8220;, explicaron desde Carbap.<\/p>\n<\/div>\n<div>\n<p>En cuanto a las <strong>redes viales<\/strong>, indicaron que <strong>desde hace varios a\u00f1os los productores aportan, v\u00eda impuesto inmobiliario, a un fondo<\/strong> creado por la ley provincial 2358 para \u201cla conservaci\u00f3n y mejoramiento de la red terciaria o de caminos vecinales\u201d, pero, seg\u00fan sostienen,  &#8220;no da resultado, ya que <strong>los caminos son intransitables<\/strong>, aun con saldos contables disponibles en las cuentas asignadas a tal efecto&#8221;. Por eso los afiliados a Carbap consideran que <strong>&#8220;se debe dejar de cobrar dicho fondo&#8221;<\/strong>.<\/p>\n<\/div>\n<div>\n<p>Los productores denunciaron que en La Pampa contin\u00faan cobrando impuestos indebidos. &#8220;Estamos en un total desacuerdo con la existencia de las<strong> Gu\u00edas de Traslado<\/strong>, basadas en ley nacional 23939 y ley provincial 1601, llamadas de otra manera para disimular <strong>un impuesto que no puede cobrarse<\/strong> y que a nuestro modesto entender <strong>es inconstitucional<\/strong> (art 10 y 11 de la Constituci\u00f3n Nacional Argentina). Los ruralistas aseguran que <strong>se cre\u00f3 una tasa que no es tal <\/strong>y que adem\u00e1s <strong>tiene &#8220;inexistencia de retribuci\u00f3n de servicios<\/strong> por parte de la mayor\u00eda de los municipios pampeanos&#8221;.<\/p>\n<\/div>\n<div>\n<p>De acuerdo con Carbap, el \u00fanico objetivo de dicho tributo es &#8220;<strong>recaudar para derivar fondos a cuestiones pol\u00edticas<\/strong> que en nada mejoran el bienestar general de la sociedad&#8221;. Y se\u00f1alaron que existen otras alternativas posibles para la mantenci\u00f3n y\/o funcionamiento de los caminos vecinales en otras provincias, e inclusive en otros pa\u00edses donde la red vial es perfectamente transitable. En ese sentido, los productores se ofrecieron a consensuar alternativas para solucionar el problema. <\/p>\n<\/div>\n<p><br \/>\n<br \/><a href=\"https:\/\/www.clarin.com\/rural\/campo-pampeano-reclama-emergencia-agropecuaria-caminos-cobro-indebido-impuestos_0_rbmm77X5Wm.html\">Fuente Clarin.com <\/a><\/p>\n","protected":false},"excerpt":{"rendered":"<p>Productores agropecuarios agrupados en la Confederaci\u00f3n de Asociaciones Rurales de Buenos Aires y La Pampa (Carbap) expresaron p\u00fablicamente su disconformidad con el tratamiento que se le viene dando en los \u00faltimos a\u00f1os a la emergencia agropecuaria y la deficiente infraestructura de la Pampa, Adem\u00e1s, afirmaron que el gobierno de la provincia realiza un cobro indebido [&hellip;]<\/p>\n","protected":false},"author":1,"featured_media":582,"comment_status":"open","ping_status":"open","sticky":false,"template":"","format":"standard","meta":{"footnotes":""},"categories":[2],"tags":[1552,1553,958,1554,1551,51,1555,28,1550,142,75],"class_list":["post-581","post","type-post","status-publish","format-standard","has-post-thumbnail","hentry","category-ultimas-noticias","tag-agropecuaria","tag-caminos","tag-campo","tag-cobro","tag-emergencia","tag-impuestos","tag-indebido","tag-los","tag-pampeano","tag-por","tag-reclama"],"_links":{"self":[{"href":"https:\/\/13.com.ar\/index.php\/wp-json\/wp\/v2\/posts\/581","targetHints":{"allow":["GET"]}}],"collection":[{"href":"https:\/\/13.com.ar\/index.php\/wp-json\/wp\/v2\/posts"}],"about":[{"href":"https:\/\/13.com.ar\/index.php\/wp-json\/wp\/v2\/types\/post"}],"author":[{"embeddable":true,"href":"https:\/\/13.com.ar\/index.php\/wp-json\/wp\/v2\/users\/1"}],"replies":[{"embeddable":true,"href":"https:\/\/13.com.ar\/index.php\/wp-json\/wp\/v2\/comments?post=581"}],"version-history":[{"count":0,"href":"https:\/\/13.com.ar\/index.php\/wp-json\/wp\/v2\/posts\/581\/revisions"}],"wp:featuredmedia":[{"embeddable":true,"href":"https:\/\/13.com.ar\/index.php\/wp-json\/wp\/v2\/media\/582"}],"wp:attachment":[{"href":"https:\/\/13.com.ar\/index.php\/wp-json\/wp\/v2\/media?parent=581"}],"wp:term":[{"taxonomy":"category","embeddable":true,"href":"https:\/\/13.com.ar\/index.php\/wp-json\/wp\/v2\/categories?post=581"},{"taxonomy":"post_tag","embeddable":true,"href":"https:\/\/13.com.ar\/index.php\/wp-json\/wp\/v2\/tags?post=581"}],"curies":[{"name":"wp","href":"https:\/\/api.w.org\/{rel}","templated":true}]}}