{"id":579,"date":"2025-01-30T09:09:30","date_gmt":"2025-01-30T12:09:30","guid":{"rendered":"https:\/\/13.com.ar\/index.php\/patti-smith-se-desmayo-en-el-escenario-durante-un-show-en-brasil\/"},"modified":"2025-01-30T09:09:30","modified_gmt":"2025-01-30T12:09:30","slug":"patti-smith-se-desmayo-en-el-escenario-durante-un-show-en-brasil","status":"publish","type":"post","link":"https:\/\/13.com.ar\/index.php\/patti-smith-se-desmayo-en-el-escenario-durante-un-show-en-brasil\/","title":{"rendered":"Patti Smith se desmay\u00f3 en el escenario durante un show en Brasil"},"content":{"rendered":"<p> <br \/>\n<br \/><img decoding=\"async\" src=\"https:\/\/13.com.ar\/wp-content\/uploads\/2025\/01\/Patti-Smith-se-desmayo-en-el-escenario-durante-un-show.jpg\" \/><\/p>\n<div>\n<p>La cantante<strong> Patti Smith<\/strong>, de 78 a\u00f1os, <strong>se desplom\u00f3 este mi\u00e9rcoles por la noche durante un concierto<\/strong> en el Teatro Cultura Art\u00edstica San Pablo, en Brasil. Tras abandonar el escenario, <strong>regres\u00f3 en silla de ruedas e interpret\u00f3 otras dos canciones<\/strong>, seg\u00fan ha publicado el peri\u00f3dico O Globo.<\/p>\n<\/div>\n<div>\n<p>La cantante -que se hab\u00eda presentado el lunes en Buenos Aires- estaba acompa\u00f1ada en el escenario por Soundwalk Collective, un grupo de m\u00fasica experimental que en su perfil de Instagram ha se\u00f1alado que la artista sufri\u00f3 en los \u00faltimos d\u00edas <strong>&#8220;una fuerte migra\u00f1a y se sinti\u00f3 mareada en el escenario&#8221;<\/strong>.<\/p>\n<\/div>\n<div>\n<p>&#13;<br \/>\n&#8220;Est\u00e1 siendo atendida por los mejores doctores y ma\u00f1ana (hoy jueves) volver\u00e1 al escenario. Patti est\u00e1 tremendamente agradecida por vuestra paciencia y env\u00eda su amor a todos los que asistieron (al concierto)&#8221;, han a\u00f1adido.<\/p>\n<\/div>\n<div>\n<p>Seg\u00fan publica el medio brasile\u00f1o, tras desplomarse y volver al escenario, <strong>la cantante reapareci\u00f3 en silla de ruedas y cant\u00f3 un par de temas m\u00e1s<\/strong> -&#8216;Because the night&#8217; y &#8216;Alas&#8217;-.<\/p>\n<\/div>\n<div>\n<p>&#13;<br \/>\nLa cantante de Chicago tiene esta noche una segunda actuaci\u00f3n que, seg\u00fan Soundwalk Collective, sigue en pie. <\/p>\n<\/div>\n<div>\n<p>&#8220;Gracias por vuestra bonita energ\u00eda y vuestro apoyo. Ha sido una experiencia muy conmovedora para todos nosotros. Gracias por estar ah\u00ed&#8221;, a\u00f1ade. <\/p>\n<\/div>\n<p><br \/>\n<br \/><a href=\"https:\/\/www.clarin.com\/espectaculos\/patti-smith-desmayo-escenario-show-brasil_0_ZwrYSbrQRp.html\">Fuente Clarin.com <\/a><\/p>\n","protected":false},"excerpt":{"rendered":"<p>La cantante Patti Smith, de 78 a\u00f1os, se desplom\u00f3 este mi\u00e9rcoles por la noche durante un concierto en el Teatro Cultura Art\u00edstica San Pablo, en Brasil. Tras abandonar el escenario, regres\u00f3 en silla de ruedas e interpret\u00f3 otras dos canciones, seg\u00fan ha publicado el peri\u00f3dico O Globo. La cantante -que se hab\u00eda presentado el lunes [&hellip;]<\/p>\n","protected":false},"author":1,"featured_media":580,"comment_status":"open","ping_status":"open","sticky":false,"template":"","format":"standard","meta":{"footnotes":""},"categories":[2],"tags":[85,1547,1549,1548,167,1225,168],"class_list":["post-579","post","type-post","status-publish","format-standard","has-post-thumbnail","hentry","category-ultimas-noticias","tag-brasil","tag-desmayo","tag-durante","tag-escenario","tag-patti","tag-show","tag-smith"],"_links":{"self":[{"href":"https:\/\/13.com.ar\/index.php\/wp-json\/wp\/v2\/posts\/579","targetHints":{"allow":["GET"]}}],"collection":[{"href":"https:\/\/13.com.ar\/index.php\/wp-json\/wp\/v2\/posts"}],"about":[{"href":"https:\/\/13.com.ar\/index.php\/wp-json\/wp\/v2\/types\/post"}],"author":[{"embeddable":true,"href":"https:\/\/13.com.ar\/index.php\/wp-json\/wp\/v2\/users\/1"}],"replies":[{"embeddable":true,"href":"https:\/\/13.com.ar\/index.php\/wp-json\/wp\/v2\/comments?post=579"}],"version-history":[{"count":0,"href":"https:\/\/13.com.ar\/index.php\/wp-json\/wp\/v2\/posts\/579\/revisions"}],"wp:featuredmedia":[{"embeddable":true,"href":"https:\/\/13.com.ar\/index.php\/wp-json\/wp\/v2\/media\/580"}],"wp:attachment":[{"href":"https:\/\/13.com.ar\/index.php\/wp-json\/wp\/v2\/media?parent=579"}],"wp:term":[{"taxonomy":"category","embeddable":true,"href":"https:\/\/13.com.ar\/index.php\/wp-json\/wp\/v2\/categories?post=579"},{"taxonomy":"post_tag","embeddable":true,"href":"https:\/\/13.com.ar\/index.php\/wp-json\/wp\/v2\/tags?post=579"}],"curies":[{"name":"wp","href":"https:\/\/api.w.org\/{rel}","templated":true}]}}