{"id":577,"date":"2025-01-30T08:54:29","date_gmt":"2025-01-30T11:54:29","guid":{"rendered":"https:\/\/13.com.ar\/index.php\/para-apuntalar-la-baja-de-la-inflacion-el-gobierno-flexibilizo-la-importacion-de-alimentos\/"},"modified":"2025-01-30T08:54:29","modified_gmt":"2025-01-30T11:54:29","slug":"para-apuntalar-la-baja-de-la-inflacion-el-gobierno-flexibilizo-la-importacion-de-alimentos","status":"publish","type":"post","link":"https:\/\/13.com.ar\/index.php\/para-apuntalar-la-baja-de-la-inflacion-el-gobierno-flexibilizo-la-importacion-de-alimentos\/","title":{"rendered":"Para apuntalar la baja de la inflaci\u00f3n, el Gobierno flexibiliz\u00f3 la importaci\u00f3n de alimentos"},"content":{"rendered":"<p> <br \/>\n<br \/><img decoding=\"async\" src=\"https:\/\/13.com.ar\/wp-content\/uploads\/2025\/01\/Para-apuntalar-la-baja-de-la-inflacion-el-Gobierno-flexibilizo.jpg\" \/><\/p>\n<div id=\"cuerpo\">\n<div class=\"sc-80531b6b-0 chRIGJ container-text text-embed\">\n<p>Como parte de su plan para apuntalar la baja de la<strong> inflaci\u00f3n<\/strong> desde el <strong>2,7% de diciembre<\/strong>, el Gobierno termin\u00f3 de instrumentar la desregulaci\u00f3n de la importaci\u00f3n y exportaci\u00f3n de alimentos con su reglamentaci\u00f3n en el Bolet\u00edn Oficial a trav\u00e9s de la Resoluci\u00f3n 537\/2025. <strong>El objetivo es ampliar la oferta de productos extranjeros, algunos de ellos vinculados a la canasta b\u00e1sica<\/strong> que utiliza el INDEC para confeccionar el \u00cdndice de Precios al Consumidor (IPC).<\/p>\n<\/div>\n<div class=\"sc-80531b6b-0 chRIGJ container-text text-embed\">\n<p>Desde este jueves,<strong> la ANMAT puso a disposici\u00f3n los nuevos procedimientos y tr\u00e1mites<\/strong> para importar alimentos destinados a la comercializaci\u00f3n, o para uso exclusivamente industrial del establecimiento, o muestras sin valor comercial o envases y utensilios en contacto con alimentos, seg\u00fan la procedencia de los mismos y, los procedimientos para exportaci\u00f3n, de ser requeridos por el pa\u00eds de destino.<\/p>\n<\/div>\n<div class=\"sc-80531b6b-0 chRIGJ container-text text-embed\">\n<p>De ahora en m\u00e1s, <strong>ya no ser\u00e1 necesaria la verificaci\u00f3n previa del organismo<\/strong>, sino que alcanzar\u00e1 con la declaraci\u00f3n jurada de importaci\u00f3n. &#8220;Son procedimientos y reglamentaci\u00f3n que habilitan efectivamente a exportar e importar alimentos y ANMAT se reserva el derecho de abrir contenedores y controlar, entr\u00e1s directamente, pero si se encuentra alguna irregularidad, no va&#8221;, explicaron fuentes oficiales.<\/p>\n<\/div>\n<div class=\"sc-80531b6b-0 chRIGJ container-text text-embed\">\n<p>El ministro de Econom\u00eda, Luis Caputo, redujo el a\u00f1o pasado aranceles e impuestos a las importaciones de consumo masivo para alentar una baja en los precios. <strong>La nueva medida llega ahora en medio de un abaratamiento de las importaciones<\/strong>, alentado por la decisi\u00f3n de pisar el d\u00f3lar. Desde el lunes, el Banco Central reducir\u00e1 a\u00fan m\u00e1s el ritmo de devaluaci\u00f3n (crawling peg), del 2 al 1% mensual.<\/p>\n<\/div>\n<div class=\"sc-80531b6b-0 chRIGJ container-text text-embed\">\n<p>Seg\u00fan el INDEC, <strong>la importaci\u00f3n de alimentos y bebidas<\/strong> (bienes de consumo) b\u00e1sicos para el hogar aument\u00f3 8,2% interanual en 2024 y la de elaborados para el hogar cay\u00f3 4,8%. Sin embargo, los mismos rubros mostraron una <strong>notable aceleraci\u00f3n en diciembre, con un salto del 80,6% interanual en diciembre<\/strong> y un 51,4%, respectivamente, facilitado por la flexibilizaci\u00f3n de los pagos de importaciones.<\/p>\n<\/div>\n<div class=\"sc-80531b6b-0 chRIGJ container-text text-embed\">\n<p>En el retail, ven que algunas cadenas de supermercados vienen importando art\u00edculos extranjeros, como fideos y l\u00e1cteos, mientras otras apuestan a los importados de bazar. &#8220;En la medida que sean competitivos, van a empezar a venir, el chiste de que el pan lactal era m\u00e1s caro que en M\u00f3naco racionaliz\u00f3 el precio, <strong>lo vas a notar en pastas secas y lo est\u00e1s viendo en cervezas<\/strong>&#8220;, dijeron en el sector.<\/p>\n<\/div>\n<div class=\"sc-80531b6b-0 chRIGJ container-text text-embed\">\n<p>La desregulaci\u00f3n gener\u00f3 el a\u00f1o pasado temor en la Coordinadora de Industrias de Productos Alimenticios (Copal) a una &#8220;apertura indiscriminada&#8221;. Ahora, varios de <strong>los principales fabricantes est\u00e1n menos preocupados, ya que afirman que son &#8220;super competitivos&#8221;<\/strong> y no gozan de &#8220;proteccionismo&#8221;, como en otros sectores de la UIA. Con los cambios, podr\u00e1n agilizar exportaciones y reducir el costo de la materia prima, como la leche que producen los tamberos.<\/p>\n<\/div>\n<p><h2>La inflaci\u00f3n y el d\u00f3lar<\/h2>\n<\/p>\n<div class=\"sc-80531b6b-0 chRIGJ container-text text-embed\">\n<p>En despachos oficiales, reconocen que el objetivo es &#8220;bajar el precio de los alimentos&#8221;. <strong>Los economistas esperan una inflaci\u00f3n de entre el 2 y 2,5% en enero y un nivel similar o inferior en febrero<\/strong>. &#8220;Respecto a la desregulaci\u00f3n de importaciones, es probable que en los pr\u00f3ximos meses empecemos a ver algo m\u00e1s de variedad en las g\u00f3ndolas, con algunos productos m\u00e1s baratos, aunque dif\u00edcilmente sea autom\u00e1tico o lineal&#8221;, dijo Roc\u00edo Bisang, economista de EcoGo.<\/p>\n<\/div>\n<div class=\"sc-80531b6b-0 chRIGJ container-text text-embed\">\n<p>En LCG, ven en enero menores aumentos en precios regulados, pero mayores en estacionales. &#8220;La reducci\u00f3n del crawl al 1% desde febrero podr\u00eda ser una excelente herramienta de coordinaci\u00f3n de expectativas de precios, si no fuera porque el nivel cambiario se encuentra atrasado. <strong>Podr\u00eda perder eficacia dada la incertidumbre sobre la evoluci\u00f3n del d\u00f3lar<\/strong>&#8220;, dijo Florencia Iragui, economista de la consultora.<\/p>\n<\/div>\n<div class=\"sc-80531b6b-0 chRIGJ container-text text-embed\">\n<p>Para Gonzalo Carrera, la baja de la inflaci\u00f3n en alimentos y bebidas depende de la estabilidad del d\u00f3lar exportador (lo que supone estabilidad del tipo de cambio oficial pero tambi\u00e9n del CCL) y no descarta un descenso adicional de los precios en febrero, aunque &#8220;<strong>se ver\u00eda parcialmente contrarrestado en rubros vinculados a la baja de retenciones<\/strong>, principalmente pan, cereales y aceites.<\/p>\n<\/div>\n<div class=\"sc-80531b6b-0 chRIGJ container-text text-embed\">\n<p><strong>El otro factor clave es la oferta y demanda de carne vacuna<\/strong> (que representa un tercio de la canasta alimentaria). &#8220;A fines de noviembre existi\u00f3 un shock que aceler\u00f3 la inflaci\u00f3n en diciembre y que en enero de 2025 parece haber finalizado. Pero desde el sector se\u00f1alan que <strong>puede existir otra correcci\u00f3n durante febrero o marzo<\/strong> por la menor oferta estacional de vacas&#8221;, dijo el economista de Equilibra.<\/p>\n<\/div>\n<div class=\"sc-106e49c0-0 dcVumd freeHtml-embed undefined\">\n<blockquote class=\"twitter-tweet\">\n<p lang=\"es\" dir=\"ltr\">El Decreto 35\/25, publicado hoy en el Bolet\u00edn Oficial, con firma del Presidente <a rel=\"nofollow\" target=\"_blank\" href=\"https:\/\/twitter.com\/JMilei?ref_src=twsrc%5Etfw\">@JMilei<\/a>, <a rel=\"nofollow\" target=\"_blank\" href=\"https:\/\/twitter.com\/GAFrancosOk?ref_src=twsrc%5Etfw\">@GAFrancosOk<\/a> y <a rel=\"nofollow\" target=\"_blank\" href=\"https:\/\/twitter.com\/Mariolugones_ar?ref_src=twsrc%5Etfw\">@Mariolugones_ar<\/a>, implementa una revolucionaria desregulaci\u00f3n en la exportaci\u00f3n-importaci\u00f3n de alimentos. Buscamos alimentos m\u00e1s baratos para los argentinos y m\u00e1s alimentos\u2026<\/p>\n<p>\u2014 Fede Sturzenegger (@fedesturze) <a rel=\"nofollow\" target=\"_blank\" href=\"https:\/\/twitter.com\/fedesturze\/status\/1881265751740289154?ref_src=twsrc%5Etfw\">January 20, 2025<\/a><\/p><\/blockquote>\n<\/div>\n<p><h2>La medida<\/h2>\n<\/p>\n<div class=\"sc-80531b6b-0 chRIGJ container-text text-embed\">\n<p>El Gobierno ya hab\u00eda publicado la semana pasada el <strong>decreto 35\/25 <\/strong>para eliminar restricciones al comercio exterior de alimentos, pero faltaba que ANMAT reglamentara el procedimiento. <\/p>\n<\/div>\n<div class=\"sc-80531b6b-0 chRIGJ container-text text-embed\">\n<p>&#8220;Los productos que se importen de pa\u00edses individualizados en el ANEXO III (IF-2024-129062333-APN-SSE#MDYTE) al Decreto 2126\/71 y sus modificatorios, podr\u00e1n ser ingresados al pa\u00eds y comercializados presentando una declaraci\u00f3n jurada realizando el \u201cAviso de Importaci\u00f3n\u201d correspondiente mediante la plataforma TAD&#8221;, inform\u00f3 el organismo.<\/p>\n<\/div>\n<div class=\"sc-80531b6b-0 chRIGJ container-text text-embed\">\n<p>La lista incluye a <strong>Australia, Canad\u00e1, Suiza, Estados Unidos, Nueva Zelanda, Israel, Jap\u00f3n, Reino Unido de Gran Breta\u00f1a e Irlanda del Norte, y la Uni\u00f3n Europea<\/strong>. Adem\u00e1s, podr\u00e1n incluirse pa\u00edses con los que ANMAT pueda realizar Acuerdos de Reciprocidad en Materia Higi\u00e9nico-Sanitaria en productos acondicionados de su competencia, previa evaluaci\u00f3n en cada pa\u00eds de origen.<\/p>\n<\/div>\n<div class=\"sc-80531b6b-0 chRIGJ container-text text-embed\">\n<p>La medida alcanza a todos los <strong>alimentos, condimentos, bebidas o sus materias primas y los aditivos alimentarios<\/strong> que se elaboren, fraccionen, conserven, transporten, expendan o expongan deben satisfacer las exigencias del C\u00f3digo Alimentario Argentino.<\/p>\n<\/div>\n<\/div>\n<p><script async src=\"\/\/platform.twitter.com\/widgets.js\" charset=\"utf-8\"><\/script><br \/>\n<br \/><br \/>\n<br \/><a href=\"https:\/\/www.clarin.com\/economia\/apuntalar-baja-inflacion-gobierno-flexibilizo-importacion-alimentos_0_uNzbvGpjgJ.html\">Fuente Clarin.com <\/a><\/p>\n","protected":false},"excerpt":{"rendered":"<p>Como parte de su plan para apuntalar la baja de la inflaci\u00f3n desde el 2,7% de diciembre, el Gobierno termin\u00f3 de instrumentar la desregulaci\u00f3n de la importaci\u00f3n y exportaci\u00f3n de alimentos con su reglamentaci\u00f3n en el Bolet\u00edn Oficial a trav\u00e9s de la Resoluci\u00f3n 537\/2025. El objetivo es ampliar la oferta de productos extranjeros, algunos de [&hellip;]<\/p>\n","protected":false},"author":1,"featured_media":578,"comment_status":"open","ping_status":"open","sticky":false,"template":"","format":"standard","meta":{"footnotes":""},"categories":[2],"tags":[1546,1543,524,1545,71,541,1544,16],"class_list":["post-577","post","type-post","status-publish","format-standard","has-post-thumbnail","hentry","category-ultimas-noticias","tag-alimentos","tag-apuntalar","tag-baja","tag-flexibilizo","tag-gobierno","tag-importacion","tag-inflacion","tag-para"],"_links":{"self":[{"href":"https:\/\/13.com.ar\/index.php\/wp-json\/wp\/v2\/posts\/577","targetHints":{"allow":["GET"]}}],"collection":[{"href":"https:\/\/13.com.ar\/index.php\/wp-json\/wp\/v2\/posts"}],"about":[{"href":"https:\/\/13.com.ar\/index.php\/wp-json\/wp\/v2\/types\/post"}],"author":[{"embeddable":true,"href":"https:\/\/13.com.ar\/index.php\/wp-json\/wp\/v2\/users\/1"}],"replies":[{"embeddable":true,"href":"https:\/\/13.com.ar\/index.php\/wp-json\/wp\/v2\/comments?post=577"}],"version-history":[{"count":0,"href":"https:\/\/13.com.ar\/index.php\/wp-json\/wp\/v2\/posts\/577\/revisions"}],"wp:featuredmedia":[{"embeddable":true,"href":"https:\/\/13.com.ar\/index.php\/wp-json\/wp\/v2\/media\/578"}],"wp:attachment":[{"href":"https:\/\/13.com.ar\/index.php\/wp-json\/wp\/v2\/media?parent=577"}],"wp:term":[{"taxonomy":"category","embeddable":true,"href":"https:\/\/13.com.ar\/index.php\/wp-json\/wp\/v2\/categories?post=577"},{"taxonomy":"post_tag","embeddable":true,"href":"https:\/\/13.com.ar\/index.php\/wp-json\/wp\/v2\/tags?post=577"}],"curies":[{"name":"wp","href":"https:\/\/api.w.org\/{rel}","templated":true}]}}