{"id":5682,"date":"2025-02-17T21:40:11","date_gmt":"2025-02-18T00:40:11","guid":{"rendered":"https:\/\/13.com.ar\/index.php\/acordamos-un-nuevo-esquema-de-dinero-con-el-fmi-y-no-vamos-a-subir-el-bono-a-jubilados\/"},"modified":"2025-02-17T21:40:11","modified_gmt":"2025-02-18T00:40:11","slug":"acordamos-un-nuevo-esquema-de-dinero-con-el-fmi-y-no-vamos-a-subir-el-bono-a-jubilados","status":"publish","type":"post","link":"https:\/\/13.com.ar\/index.php\/acordamos-un-nuevo-esquema-de-dinero-con-el-fmi-y-no-vamos-a-subir-el-bono-a-jubilados\/","title":{"rendered":"Acordamos un nuevo esquema de dinero con el FMI y no vamos a subir el bono a jubilados"},"content":{"rendered":"<p> <br \/>\n<br \/><img decoding=\"async\" src=\"https:\/\/13.com.ar\/wp-content\/uploads\/2025\/02\/Acordamos-un-nuevo-esquema-de-dinero-con-el-FMI-y.jpg\" \/><\/p>\n<div id=\"cuerpo\">\n<div class=\"sc-80531b6b-0 chRIGJ container-text text-embed\">\n<p>En una jornada en la que las acciones y los bonos argentinos se desplomaron tras la crisis pol\u00edtica que estall\u00f3 el fin de semana por el esc\u00e1ndalo internacional con la cripto $ Libra, el ministro de Econom\u00eda, Luis Caputo, asegur\u00f3 que la negociaci\u00f3n con el Fondo Monetario se encuentra en la<strong> etapa final, que ya est\u00e1 negociando el monto del acuerdo <\/strong>y que el mismo contemplar\u00e1 un nuevo esquema cambiario, sin que haya una devaluaci\u00f3n.<\/p>\n<\/div>\n<div class=\"sc-80531b6b-0 chRIGJ container-text text-embed\">\n<p>&#8220;<strong>Estamos en los puntos finales, estamos negociando el monto<\/strong>, en los que es los t\u00e9rminos estamos de acuerdo&#8221;, dijo el funcionario en una entrevista con A24. Y ante la consulta si el Fondo pidi\u00f3 un d\u00f3lar a $ 1.400 sostuvo que el organismo<strong> &#8220;jam\u00e1s pidi\u00f3 nada de eso&#8221;<\/strong>. Tal como inform\u00f3 Clar\u00edn, los bancos de Wall Street proyectaron en las \u00faltimas semanas un salto del d\u00f3lar del 30% hacia fin de a\u00f1o y fondos frescos por hasta US$ 8.000 millones.<\/p>\n<\/div>\n<div class=\"sc-80531b6b-0 chRIGJ container-text text-embed\">\n<p>En ese marco, al ser consultado sobre si los fondos van a ser de libre disponibilidad, lo que implicar\u00eda que se puedan utilizar para intervenir en el mercado cambiario, sugiri\u00f3 que ser\u00e1n parte de un nuevo esquema cambiario: &#8220;<strong>Es dinero dentro de un esquema que vamos a anunciar en su momento<\/strong>, va a ser parte del esquema lo que acordamos. Est\u00e1 muy bien armado, excelentemente armado&#8221;.<\/p>\n<\/div>\n<div class=\"sc-80531b6b-0 chRIGJ container-text text-embed\">\n<p>La semana comenz\u00f3 con una mala jornada para el mercado. Sin actividad en Wall Street por el feriado, <strong>el Merval se derrumb\u00f3 un 6,6% en d\u00f3lares y los bonos cayeron hasta un 3%, mientras el d\u00f3lar paralelo super\u00f3 los $ 1.200<\/strong> en todas sus cotizaciones. &#8220;Cayeron un poco, no han tenido gran impacto&#8221;, dijo Caputo, minimizando el efecto que provoc\u00f3 la promoci\u00f3n del Presidente del token sospechado de ser una estafa.<\/p>\n<\/div>\n<div class=\"sc-80531b6b-0 chRIGJ container-text text-embed\">\n<p>Caputo brind\u00f3 la entrevista a A24 despu\u00e9s de anunciar que en enero se alcanz\u00f3 un nuevo super\u00e1vit primario y financiero, al obtener un nivel de recaudaci\u00f3n superior a los gastos. En ese contexto, afirm\u00f3 que <strong>las autoridades del FMI &#8220;est\u00e1n gratamente sorprendidas con todo lo que hemos hecho<\/strong>&#8220;. &#8220;Es la primera vez que se topan con un pa\u00eds que presenta metas m\u00e1s estrictas que las que ped\u00edan ellos, encima sobrecumplimos&#8221;, sostuvo.<\/p>\n<\/div>\n<div class=\"sc-80531b6b-0 chRIGJ container-text text-embed\">\n<p>Al respecto, se\u00f1al\u00f3 que hay un &#8220;apoyo de toda la l\u00ednea del board (el directorio) y Kristalina&#8221;, la jefa del Fondo. &#8220;<strong>El apoyo es total y ahora tenemos que acordar el monto final y pasarlo por el Congreso<\/strong>&#8220;, asegur\u00f3. De esa manera, descart\u00f3 la posibilidad de esquivar al parlamento, una posibilidad que evaluaron en Econom\u00eda y que sugiri\u00f3 tanto el Presidente como Caputo en entrevistas previas, pero que generaba rechazo en la oposici\u00f3n y el macrismo. <\/p>\n<\/div>\n<div class=\"sc-80531b6b-0 chRIGJ container-text text-embed\">\n<p>Si bien el ministro no precis\u00f3 el volumen de fondos en discusi\u00f3n, asegur\u00f3 que va a ser &#8220;suficiente&#8221; para recapitalizar el Banco central, sin que implique supuestamente un aumento del nivel de deuda. Y en otro tramo, asegur\u00f3 que  va a continuar el proceso de desinflaci\u00f3n. &#8220;<strong>Trabajamos para que la inflaci\u00f3n colapse<\/strong>&#8220;, asegur\u00f3, luego de que la semana pasada el INDEC difundiera una inflaci\u00f3n del 2,2% en enero, la m\u00e1s baja en 4 a\u00f1os.<\/p>\n<\/div>\n<div class=\"sc-80531b6b-0 chRIGJ container-text text-embed\">\n<p>Sobre ese punto, explic\u00f3 que la recomposici\u00f3n de precios relativos lleva tiempo, ya que hoy hay precios que est\u00e1n &#8220;desfasados&#8221;. Y precis\u00f3 el planteo que hizo la semana pasada cuando sostuvo que hay precios &#8220;adelantados&#8221; para negar un atraso del d\u00f3lar. &#8220;<strong>La soluci\u00f3n no es que devaluemos, hay que bajar los precios<\/strong> en la medida que bajemos impuestos y los hagamos competir (a las empresas)&#8221;, se\u00f1al\u00f3.<\/p>\n<\/div>\n<div class=\"sc-80531b6b-0 chRIGJ container-text text-embed\">\n<p>Respecto a los ingresos, Caputo destac\u00f3 que la pobreza &#8220;baj\u00f3 20 puntos&#8221; y que la gente &#8220;ya empez\u00f3 a sentir&#8221; la recuperaci\u00f3n del salario. Pero <strong>rechaz\u00f3 un aumento del bono a los jubilados de $ 70.000<\/strong>, que est\u00e1 congelado desde marzo de 2024. &#8220;Eso naci\u00f3 con el bono, porque era algo de corto plazo&#8230;el bono lo mantuvimos mucho m\u00e1s, no dan las cuentas. Estamos recomponiendo jubilaciones al mismo tiempo que ajustamos el gasto&#8221;, concluy\u00f3.<\/p>\n<\/div>\n<\/div>\n<p><br \/>\n<br \/><a href=\"https:\/\/www.clarin.com\/economia\/caputo-acordamos-nuevo-esquema-dinero-fmi-vamos-subir-bono-jubilados_0_BdZqjJ2NfT.html\">Fuente Clarin.com <\/a><\/p>\n","protected":false},"excerpt":{"rendered":"<p>En una jornada en la que las acciones y los bonos argentinos se desplomaron tras la crisis pol\u00edtica que estall\u00f3 el fin de semana por el esc\u00e1ndalo internacional con la cripto $ Libra, el ministro de Econom\u00eda, Luis Caputo, asegur\u00f3 que la negociaci\u00f3n con el Fondo Monetario se encuentra en la etapa final, que ya [&hellip;]<\/p>\n","protected":false},"author":1,"featured_media":5683,"comment_status":"open","ping_status":"open","sticky":false,"template":"","format":"standard","meta":{"footnotes":""},"categories":[2],"tags":[7570,2115,18,446,4271,323,2560,14,1417,5959],"class_list":["post-5682","post","type-post","status-publish","format-standard","has-post-thumbnail","hentry","category-ultimas-noticias","tag-acordamos","tag-bono","tag-con","tag-dinero","tag-esquema","tag-fmi","tag-jubilados","tag-nuevo","tag-subir","tag-vamos"],"_links":{"self":[{"href":"https:\/\/13.com.ar\/index.php\/wp-json\/wp\/v2\/posts\/5682","targetHints":{"allow":["GET"]}}],"collection":[{"href":"https:\/\/13.com.ar\/index.php\/wp-json\/wp\/v2\/posts"}],"about":[{"href":"https:\/\/13.com.ar\/index.php\/wp-json\/wp\/v2\/types\/post"}],"author":[{"embeddable":true,"href":"https:\/\/13.com.ar\/index.php\/wp-json\/wp\/v2\/users\/1"}],"replies":[{"embeddable":true,"href":"https:\/\/13.com.ar\/index.php\/wp-json\/wp\/v2\/comments?post=5682"}],"version-history":[{"count":0,"href":"https:\/\/13.com.ar\/index.php\/wp-json\/wp\/v2\/posts\/5682\/revisions"}],"wp:featuredmedia":[{"embeddable":true,"href":"https:\/\/13.com.ar\/index.php\/wp-json\/wp\/v2\/media\/5683"}],"wp:attachment":[{"href":"https:\/\/13.com.ar\/index.php\/wp-json\/wp\/v2\/media?parent=5682"}],"wp:term":[{"taxonomy":"category","embeddable":true,"href":"https:\/\/13.com.ar\/index.php\/wp-json\/wp\/v2\/categories?post=5682"},{"taxonomy":"post_tag","embeddable":true,"href":"https:\/\/13.com.ar\/index.php\/wp-json\/wp\/v2\/tags?post=5682"}],"curies":[{"name":"wp","href":"https:\/\/api.w.org\/{rel}","templated":true}]}}