{"id":5678,"date":"2025-02-17T21:07:12","date_gmt":"2025-02-18T00:07:12","guid":{"rendered":"https:\/\/13.com.ar\/index.php\/cuales-son-los-7-vacios-emocionales-descritos-por-la-psicologia\/"},"modified":"2025-02-17T21:07:12","modified_gmt":"2025-02-18T00:07:12","slug":"cuales-son-los-7-vacios-emocionales-descritos-por-la-psicologia","status":"publish","type":"post","link":"https:\/\/13.com.ar\/index.php\/cuales-son-los-7-vacios-emocionales-descritos-por-la-psicologia\/","title":{"rendered":"Cu\u00e1les son los 7 vac\u00edos emocionales descritos por la psicolog\u00eda"},"content":{"rendered":"<p> <br \/>\n<\/p>\n<div id=\"cuerpo\">\n<div class=\"sc-80531b6b-0 chRIGJ container-text text-embed\">\n<p>El<strong> vac\u00edo emociona<\/strong>l es una sensaci\u00f3n de insatisfacci\u00f3n profunda, una especie de <strong>hueco interno que genera desconexi\u00f3n con uno mismo y con los dem\u00e1s. <\/strong>A menudo, quienes lo experimentan sienten que algo les falta, aunque no siempre logran identificar qu\u00e9 es.<\/p>\n<\/div>\n<div class=\"sc-80531b6b-0 chRIGJ container-text text-embed\">\n<p>Esta sensaci\u00f3n puede aparecer incluso cuando la persona tiene <strong>una vida aparentemente estable<\/strong> y llena de logros, lo que la hace a\u00fan m\u00e1s confusa y dif\u00edcil de afrontar.<\/p>\n<\/div>\n<div class=\"sc-80531b6b-0 chRIGJ container-text text-embed\">\n<p>Las causas del vac\u00edo emocional pueden ser variadas. <strong>En muchos casos, proviene de heridas emocionales no resueltas, como p\u00e9rdidas, abandono o experiencias traum\u00e1ticas.<\/strong> Tambi\u00e9n puede estar relacionado con una baja autoestima, la falta de un prop\u00f3sito claro en la vida o la ausencia de relaciones significativas. <\/p>\n<\/div>\n<div class=\"sc-4306f4f9-0 bAPCpp\">\n<div class=\"inner-card-m\">\n<div class=\"related-content\">\n<p><span class=\"body-title\">Mir\u00e1 tambi\u00e9n<\/span><\/p>\n<h3>\u00bfQu\u00e9 se necesita para tener fortaleza mental, seg\u00fan la psicolog\u00eda?<\/h3>\n<source media=\"(min-width: 975px)\" width=\"340\" height=\"340\" \/><img alt=\"\u00bfQu\u00e9 se necesita para tener fortaleza mental, seg\u00fan la psicolog\u00eda?\" loading=\"lazy\" width=\"340\" height=\"340\" decoding=\"async\" data-nimg=\"1\" style=\"color:transparent\" src=\"https:\/\/13.com.ar\/wp-content\/uploads\/2025\/02\/Cuales-son-los-7-vacios-emocionales-descritos-por-la-psicologia.jpg\"\/><\/div>\n<\/div>\n<\/div>\n<div class=\"sc-80531b6b-0 chRIGJ container-text text-embed\">\n<p>Adem\u00e1s, puede estar asociado a trastornos emocionales como la depresi\u00f3n o la ansiedad, lo que intensifica la sensaci\u00f3n de vac\u00edo.<\/p>\n<\/div>\n<div class=\"sc-80531b6b-0 chRIGJ container-text text-embed\">\n<p>Las personas que experimentan este estado suelen manifestarlo a trav\u00e9s de s\u00edntomas como <strong>la sensaci\u00f3n de soledad incluso en compa\u00f1\u00eda<\/strong>, la falta de motivaci\u00f3n o inter\u00e9s en las actividades diarias y la b\u00fasqueda constante de distracciones para llenar ese vac\u00edo, <strong>como el consumo excesivo de redes sociales, compras o comida.<\/strong> Para saber identificarlo hay que conocer los 7 tipos de vac\u00edos emocionales descritos por la Psicolog\u00eda, sea con una terminolog\u00eda o con otra..<\/p>\n<\/div>\n<p><h2>Cu\u00e1les son los 7 vac\u00edos emocionales descritos por la Psicolog\u00eda<\/h2>\n<\/p>\n<div class=\"sc-198be8ec-0 cynXbu image-embed  image-embed \"><picture class=\"sc-198be8ec-1 kOjRiQ\"><source media=\"(min-width: 975px)\" width=\"720\" height=\"480\" \/><img alt=\"El vac\u00edo emocional puede llegar de diferentes maneras. Y a cualquier edad. Es necesario verlo a tiempo.\/ Foto: Pexels.\" loading=\"lazy\" width=\"720\" height=\"480\" decoding=\"async\" data-nimg=\"1\" style=\"color:transparent\" src=\"https:\/\/13.com.ar\/wp-content\/uploads\/2025\/02\/1739837231_902_Cuales-son-los-7-vacios-emocionales-descritos-por-la-psicologia.jpg\"\/><span class=\"epigraphe\">El vac\u00edo emocional puede llegar de diferentes maneras. Y a cualquier edad. Es necesario verlo a tiempo.\/ Foto: Pexels.<\/span><span class=\"bkg\"\/><span class=\"picture-open\"><button class=\"open-image\" aria-label=\"Open Image\"\/><\/span><\/picture><\/div>\n<div class=\"sc-80531b6b-0 chRIGJ container-text text-embed\">\n<p>Para afrontar el vac\u00edo emocional, es importante reconocerlo y aceptar que existe, en lugar de ignorarlo o intentar taparlo con est\u00edmulos externos. <strong>Explorar su origen a trav\u00e9s de la introspecci\u00f3n o con ayuda profesional puede ayudar a comprender qu\u00e9 lo est\u00e1 causando.<\/strong><\/p>\n<\/div>\n<div class=\"sc-80531b6b-0 chRIGJ container-text text-embed\">\n<p><em>El sitio especializado EmoConciencia<\/em> se\u00f1ala que muchas veces se ve este fen\u00f3meno de una \u201cprofunda apat\u00eda hacia actividades previamente disfrutadas\u201d; sentimientos persistentes de soledad y una <strong>sensaci\u00f3n de desorientaci\u00f3n y falta de prop\u00f3sito o direcci\u00f3n en la vida.<\/strong><\/p>\n<\/div>\n<div class=\"sc-80531b6b-0 chRIGJ container-text text-embed\">\n<p>Y advierten los especialistas del sitio que este estado de vac\u00edo emocional \u201cno solo afecta la salud mental, <strong>sino que tambi\u00e9n puede deteriorar las relaciones personales, el rendimiento laboral y la salud f\u00edsica, llevando a comportamientos autodestructivos o adicciones como mecanismos de escape<\/strong>\u201d.<\/p>\n<\/div>\n<div class=\"sc-198be8ec-0 cynXbu image-embed  image-embed \"><picture class=\"sc-198be8ec-1 kOjRiQ\"><source media=\"(min-width: 975px)\" width=\"720\" height=\"480\" \/><img alt=\"El vac\u00edo emocional puede afectarnos tambi\u00e9n en la vida laboral y en la vida familiar, en la desconexi\u00f3n con nuestra pareja.\" loading=\"lazy\" width=\"720\" height=\"480\" decoding=\"async\" data-nimg=\"1\" style=\"color:transparent\" src=\"https:\/\/13.com.ar\/wp-content\/uploads\/2025\/02\/1739837231_588_Cuales-son-los-7-vacios-emocionales-descritos-por-la-psicologia.jpg\"\/><span class=\"epigraphe\">El vac\u00edo emocional puede afectarnos tambi\u00e9n en la vida laboral y en la vida familiar, en la desconexi\u00f3n con nuestra pareja.<\/span><span class=\"bkg\"\/><span class=\"picture-open\"><button class=\"open-image\" aria-label=\"Open Image\"\/><\/span><\/picture><\/div>\n<div class=\"sc-80531b6b-0 chRIGJ container-text text-embed\">\n<p>Por esto, sea en el momento en que est\u00e9s dentro de tu problema, es bueno recordar que <strong>cultivar relaciones genuinas, fortalecer el amor propio y encontrar actividades con un prop\u00f3sito real <\/strong>pueden contribuir a darle m\u00e1s sentido a la vida y reducir esa sensaci\u00f3n de vac\u00edo.<\/p>\n<\/div>\n<div class=\"sc-80531b6b-0 chRIGJ container-text text-embed\">\n<p>Si el malestar es persistente y afecta la calidad de vida, buscar ayuda terap\u00e9utica es un paso fundamental para la recuperaci\u00f3n.<\/p>\n<\/div>\n<div class=\"sc-80531b6b-0 chRIGJ container-text text-embed\">\n<p>En Psicolog\u00eda, se han identificado varios tipos de vac\u00edos emocionales, que pueden afectar el bienestar de una persona. <\/p>\n<\/div>\n<div class=\"sc-4306f4f9-0 bAPCpp\">\n<div class=\"inner-card-m\">\n<div class=\"related-content\">\n<p><span class=\"body-title\">Mir\u00e1 tambi\u00e9n<\/span><\/p>\n<h3>Estrategias para mantener una relaci\u00f3n cercana con tu familia<br \/>\n<\/h3>\n<source media=\"(min-width: 975px)\" width=\"340\" height=\"340\" \/><img alt=\"Estrategias para mantener una relaci\u00f3n cercana con tu familia&#10;\" loading=\"lazy\" width=\"340\" height=\"340\" decoding=\"async\" data-nimg=\"1\" style=\"color:transparent\" src=\"https:\/\/13.com.ar\/wp-content\/uploads\/2025\/02\/1739837231_530_Cuales-son-los-7-vacios-emocionales-descritos-por-la-psicologia.jpg\"\/><\/div>\n<\/div>\n<\/div>\n<div class=\"sc-80531b6b-0 chRIGJ container-text text-embed\">\n<p><strong>Aunque no existe una lista \u00fanica y universalmente aceptada<\/strong> de &#8220;los 7 vac\u00edos emocionales&#8221;, algunos expertos han agrupado los vac\u00edos m\u00e1s comunes en categor\u00edas.<\/p>\n<\/div>\n<div class=\"sc-80531b6b-0 chRIGJ container-text text-embed\">\n<p>Esta es una clasificaci\u00f3n basada en diferentes enfoques psicol\u00f3gicos:<\/p>\n<\/div>\n<div class=\"sc-198be8ec-0 cynXbu image-embed  image-embed \"><picture class=\"sc-198be8ec-1 kOjRiQ\"><source media=\"(min-width: 975px)\" width=\"720\" height=\"480\" \/><img alt=\"El vac\u00edo de identidad ocurre cuando no sabemos que queremos en la vida. \u00bfCu\u00e1les son nuestros valores?\" loading=\"lazy\" width=\"720\" height=\"480\" decoding=\"async\" data-nimg=\"1\" style=\"color:transparent\" src=\"https:\/\/13.com.ar\/wp-content\/uploads\/2025\/02\/1739837231_765_Cuales-son-los-7-vacios-emocionales-descritos-por-la-psicologia.jpg\"\/><span class=\"epigraphe\">El vac\u00edo de identidad ocurre cuando no sabemos que queremos en la vida. \u00bfCu\u00e1les son nuestros valores?<\/span><span class=\"bkg\"\/><span class=\"picture-open\"><button class=\"open-image\" aria-label=\"Open Image\"\/><\/span><\/picture><\/div>\n<div class=\"sc-80531b6b-0 chRIGJ container-text text-embed\">\n<p>Se da cuando una persona no sabe qui\u00e9n es realmente, qu\u00e9 quiere o qu\u00e9 valores gu\u00edan su vida. <\/p>\n<\/div>\n<div class=\"sc-80531b6b-0 chRIGJ container-text text-embed\">\n<p>Esto puede generar confusi\u00f3n, inseguridad y una constante b\u00fasqueda de validaci\u00f3n externa.<\/p>\n<\/div>\n<div class=\"sc-80531b6b-0 chRIGJ container-text text-embed\">\n<p>Sucede cuando alguien no encuentra sentido en su vida, su trabajo o sus actividades diarias. <\/p>\n<\/div>\n<div class=\"sc-80531b6b-0 chRIGJ container-text text-embed\">\n<p>Esto puede llevar a una sensaci\u00f3n de estancamiento, aburrimiento o desesperanza.<\/p>\n<\/div>\n<div class=\"sc-198be8ec-0 cynXbu image-embed  image-embed \"><picture class=\"sc-198be8ec-1 kOjRiQ\"><source media=\"(min-width: 975px)\" width=\"720\" height=\"480\" \/><img alt=\"Cuando lo que vemos de nosotros mismos no nos gusta, y pensamos que nunca vamos a gustar a nadie.\" loading=\"lazy\" width=\"720\" height=\"480\" decoding=\"async\" data-nimg=\"1\" style=\"color:transparent\" src=\"https:\/\/13.com.ar\/wp-content\/uploads\/2025\/02\/1739837232_600_Cuales-son-los-7-vacios-emocionales-descritos-por-la-psicologia.jpg\"\/><span class=\"epigraphe\">Cuando lo que vemos de nosotros mismos no nos gusta, y pensamos que nunca vamos a gustar a nadie.<\/span><span class=\"bkg\"\/><span class=\"picture-open\"><button class=\"open-image\" aria-label=\"Open Image\"\/><\/span><\/picture><\/div>\n<div class=\"sc-80531b6b-0 chRIGJ container-text text-embed\">\n<p>Ocurre cuando la persona siente que no es suficiente o no se valora a s\u00ed misma. <\/p>\n<\/div>\n<div class=\"sc-80531b6b-0 chRIGJ container-text text-embed\">\n<p>Se manifiesta en la falta de autoestima, el autosabotaje y la dependencia emocional de los dem\u00e1s para sentirse valiosa.<\/p>\n<\/div>\n<div class=\"sc-80531b6b-0 chRIGJ container-text text-embed\">\n<p>Se da cuando la persona siente que no encaja en ning\u00fan grupo o lugar. <\/p>\n<\/div>\n<div class=\"sc-80531b6b-0 chRIGJ container-text text-embed\">\n<p>Puede generar aislamiento, tristeza y una sensaci\u00f3n <strong>constante de soledad<\/strong>, incluso estando rodeado de personas.<\/p>\n<\/div>\n<div class=\"sc-198be8ec-0 cynXbu image-embed  image-embed \"><picture class=\"sc-198be8ec-1 kOjRiQ\"><source media=\"(min-width: 975px)\" width=\"720\" height=\"480\" \/><img alt=\"Vac\u00edo emocional. A cualquier edad puede ocurrir por la p\u00e9rdida de un amor. La decepci\u00f3n, lo inesperado.\/ Foto: Shutterstock.\" loading=\"lazy\" width=\"720\" height=\"480\" decoding=\"async\" data-nimg=\"1\" style=\"color:transparent\" src=\"https:\/\/13.com.ar\/wp-content\/uploads\/2025\/02\/1739837232_80_Cuales-son-los-7-vacios-emocionales-descritos-por-la-psicologia.jpg\"\/><span class=\"epigraphe\">Vac\u00edo emocional. A cualquier edad puede ocurrir por la p\u00e9rdida de un amor. La decepci\u00f3n, lo inesperado.\/ Foto: Shutterstock.<\/span><span class=\"bkg\"\/><span class=\"picture-open\"><button class=\"open-image\" aria-label=\"Open Image\"\/><\/span><\/picture><\/div>\n<div class=\"sc-80531b6b-0 chRIGJ container-text text-embed\">\n<p>Surge cuando hay una falta de amor, cari\u00f1o o conexi\u00f3n emocional con los dem\u00e1s. <\/p>\n<\/div>\n<div class=\"sc-80531b6b-0 chRIGJ container-text text-embed\">\n<p>Puede derivar de <strong>relaciones superficiales<\/strong>, heridas de la infancia o abandono emocional.<\/p>\n<\/div>\n<div class=\"sc-80531b6b-0 chRIGJ container-text text-embed\">\n<p>Se relaciona con cuestionamientos profundos sobre la vida, la muerte y el prop\u00f3sito de la existencia. <\/p>\n<\/div>\n<div class=\"sc-80531b6b-0 chRIGJ container-text text-embed\">\n<p>Suele generar angustia, ansiedad y una sensaci\u00f3n de desesperanza si no se encuentra una respuesta satisfactoria.<\/p>\n<\/div>\n<div class=\"sc-198be8ec-0 cynXbu image-embed  image-embed \"><picture class=\"sc-198be8ec-1 kOjRiQ\"><source media=\"(min-width: 975px)\" width=\"720\" height=\"480\" \/><img alt=\"El vac\u00edo espiritual ocurre cuando nos desconectamos de lo cotidiano porque necesitamos creer en algo m\u00e1s trascendente.\" loading=\"lazy\" width=\"720\" height=\"480\" decoding=\"async\" data-nimg=\"1\" style=\"color:transparent\" src=\"https:\/\/13.com.ar\/wp-content\/uploads\/2025\/02\/1739837232_910_Cuales-son-los-7-vacios-emocionales-descritos-por-la-psicologia.jpg\"\/><span class=\"epigraphe\">El vac\u00edo espiritual ocurre cuando nos desconectamos de lo cotidiano porque necesitamos creer en algo m\u00e1s trascendente.<\/span><span class=\"bkg\"\/><span class=\"picture-open\"><button class=\"open-image\" aria-label=\"Open Image\"\/><\/span><\/picture><\/div>\n<div class=\"sc-80531b6b-0 chRIGJ container-text text-embed\">\n<p>Ocurre cuando la persona siente que le falta una conexi\u00f3n con <strong>algo m\u00e1s grande<\/strong> que ella misma, ya sea a nivel religioso, filos\u00f3fico o de cualquier tipo de trascendencia.<\/p>\n<\/div>\n<div class=\"sc-80531b6b-0 chRIGJ container-text text-embed\">\n<p>Puede provocar insatisfacci\u00f3n y un sentimiento de desconexi\u00f3n con la vida.<\/p>\n<\/div>\n<div class=\"sc-80531b6b-0 chRIGJ container-text text-embed\">\n<p>Cada uno de estos vac\u00edos emocionales puede afectar de manera diferente a las personas y, en muchos casos, est\u00e1n interconectados. <strong>La clave para superarlos est\u00e1 en la introspecci\u00f3n, el autoconocimiento y, en algunos casos, el acompa\u00f1amiento terap\u00e9utico.<\/strong><\/p>\n<\/div>\n<\/div>\n<p><br \/>\n<br \/><a href=\"https:\/\/www.clarin.com\/internacional\/7-vacios-emocionales-descritos-psicologia_0_JzPadFzn8n.html\">Fuente Clarin.com <\/a><\/p>\n","protected":false},"excerpt":{"rendered":"<p>El vac\u00edo emocional es una sensaci\u00f3n de insatisfacci\u00f3n profunda, una especie de hueco interno que genera desconexi\u00f3n con uno mismo y con los dem\u00e1s. A menudo, quienes lo experimentan sienten que algo les falta, aunque no siempre logran identificar qu\u00e9 es. Esta sensaci\u00f3n puede aparecer incluso cuando la persona tiene una vida aparentemente estable y [&hellip;]<\/p>\n","protected":false},"author":1,"featured_media":5679,"comment_status":"open","ping_status":"open","sticky":false,"template":"","format":"standard","meta":{"footnotes":""},"categories":[2],"tags":[224,7567,7566,28,142,594,406,7000],"class_list":["post-5678","post","type-post","status-publish","format-standard","has-post-thumbnail","hentry","category-ultimas-noticias","tag-cuales","tag-descritos","tag-emocionales","tag-los","tag-por","tag-psicologia","tag-son","tag-vacios"],"_links":{"self":[{"href":"https:\/\/13.com.ar\/index.php\/wp-json\/wp\/v2\/posts\/5678","targetHints":{"allow":["GET"]}}],"collection":[{"href":"https:\/\/13.com.ar\/index.php\/wp-json\/wp\/v2\/posts"}],"about":[{"href":"https:\/\/13.com.ar\/index.php\/wp-json\/wp\/v2\/types\/post"}],"author":[{"embeddable":true,"href":"https:\/\/13.com.ar\/index.php\/wp-json\/wp\/v2\/users\/1"}],"replies":[{"embeddable":true,"href":"https:\/\/13.com.ar\/index.php\/wp-json\/wp\/v2\/comments?post=5678"}],"version-history":[{"count":0,"href":"https:\/\/13.com.ar\/index.php\/wp-json\/wp\/v2\/posts\/5678\/revisions"}],"wp:featuredmedia":[{"embeddable":true,"href":"https:\/\/13.com.ar\/index.php\/wp-json\/wp\/v2\/media\/5679"}],"wp:attachment":[{"href":"https:\/\/13.com.ar\/index.php\/wp-json\/wp\/v2\/media?parent=5678"}],"wp:term":[{"taxonomy":"category","embeddable":true,"href":"https:\/\/13.com.ar\/index.php\/wp-json\/wp\/v2\/categories?post=5678"},{"taxonomy":"post_tag","embeddable":true,"href":"https:\/\/13.com.ar\/index.php\/wp-json\/wp\/v2\/tags?post=5678"}],"curies":[{"name":"wp","href":"https:\/\/api.w.org\/{rel}","templated":true}]}}