{"id":5640,"date":"2025-02-17T19:01:15","date_gmt":"2025-02-17T22:01:15","guid":{"rendered":"https:\/\/13.com.ar\/index.php\/a-quien-fue-dedicada-su-iconica-cancion-rata-de-dos-patas\/"},"modified":"2025-02-17T19:01:15","modified_gmt":"2025-02-17T22:01:15","slug":"a-quien-fue-dedicada-su-iconica-cancion-rata-de-dos-patas","status":"publish","type":"post","link":"https:\/\/13.com.ar\/index.php\/a-quien-fue-dedicada-su-iconica-cancion-rata-de-dos-patas\/","title":{"rendered":"a qui\u00e9n fue dedicada su ic\u00f3nica canci\u00f3n &#8220;Rata de dos patas&#8221;"},"content":{"rendered":"<p> <br \/>\n<\/p>\n<div id=\"cuerpo\">\n<div class=\"sc-80531b6b-0 chRIGJ container-text text-embed\">\n<p>La cantante y compositora,<strong> Francisca Viveros Barradas<\/strong>, mejor conocida como <strong>&#8216;Paquita la del Barrio&#8217;<\/strong>, quien muri\u00f3 a los 77 a\u00f1os, logr\u00f3 consolidarse como un icono en la m\u00fasica ranchera y los boleros.<\/p>\n<\/div>\n<div class=\"sc-80531b6b-0 chRIGJ container-text text-embed\">\n<p><strong>Paquita<\/strong>, tambi\u00e9n llamada la &#8220;Reina del Pueblo&#8221; o &#8220;La Guerrillera del Bolero&#8221; compuso canciones que se volvieron muy populares en los a\u00f1os 90 por su sello de insultos y criticas hacia los <strong>hombres infieles<\/strong>.<\/p>\n<\/div>\n<div class=\"sc-80531b6b-0 chRIGJ container-text text-embed\">\n<p>A lo largo de su trayectoria, que dur\u00f3 cincuenta a\u00f1os, <strong>grab\u00f3 30 discos <\/strong>con banda, tr\u00edo, sonora, grupo norte\u00f1o y mariachis. Adem\u00e1s, recibi\u00f3 innumerables<strong> premios y reconocimientos<\/strong> en M\u00e9xico, Estados Unidos y Centroam\u00e9rica. <\/p>\n<\/div>\n<div class=\"sc-80531b6b-0 chRIGJ container-text text-embed\">\n<p>A pesar de ser una <strong>mujer exitosa<\/strong>, no pudo decir lo mismo <strong>en el amor<\/strong>. La artista cont\u00f3 en varias entrevistas que sufri\u00f3 m\u00e1s de <strong>un desenga\u00f1o<\/strong>,<strong> <\/strong>pero que un solo hombre marc\u00f3 su vida tras romper su coraz\u00f3n a la mitad.<\/p>\n<\/div>\n<div class=\"sc-80531b6b-0 chRIGJ container-text text-embed\">\n<p>Esta ruptura le sirvi\u00f3 de inspiraci\u00f3n para una de sus canciones m\u00e1s escuchadas por sus fan\u00e1ticas:<strong> &#8220;Rata de dos patas&#8221;<\/strong>, cantada a pulm\u00f3n por cientos de mujeres presentes en sus conciertos.<\/p>\n<\/div>\n<div class=\"sc-80531b6b-0 chRIGJ container-text text-embed\">\n<p><strong>&#8220;Infrahumano, espectro del infierno, maldita sabandija&#8221;, <\/strong>es una de las estrofas cantada por <strong>Paquita la del Barrio<\/strong>, que se convirti\u00f3 en uno de sus <strong>hits m\u00e1s exitosos<\/strong>. Sin embargo, esta canci\u00f3n esconde<strong> ira, decepci\u00f3n y resentimiento<\/strong> hacia una persona.<\/p>\n<\/div>\n<p><h2><strong>La historia detr\u00e1s de la canci\u00f3n &#8220;Rata de dos patas&#8221; de Paquita la del Barrio<\/strong><\/h2>\n<\/p>\n<div class=\"sc-198be8ec-0 cynXbu image-embed  image-embed \"><picture class=\"sc-198be8ec-1 kOjRiQ\"><source media=\"(min-width: 975px)\" width=\"720\" height=\"480\" \/><img alt=\"&quot;Rata de dos patas&quot; uno de los hits m\u00e1s exitosos de la cantante mexicana Paquita la del Barrio. Foto: \u00c1ngel Hern\u00e1ndez ARCHIVO\" loading=\"lazy\" width=\"720\" height=\"480\" decoding=\"async\" data-nimg=\"1\" style=\"color:transparent\" src=\"https:\/\/13.com.ar\/wp-content\/uploads\/2025\/02\/a-quien-fue-dedicada-su-iconica-cancion-Rata-de-dos.jpg\"\/><span class=\"epigraphe\">&#8220;Rata de dos patas&#8221; uno de los hits m\u00e1s exitosos de la cantante mexicana Paquita la del Barrio. Foto: \u00c1ngel Hern\u00e1ndez ARCHIVO<\/span><span class=\"bkg\"\/><span class=\"picture-open\"><button class=\"open-image\" aria-label=\"Open Image\"\/><\/span><\/picture><\/div>\n<div class=\"sc-80531b6b-0 chRIGJ container-text text-embed\">\n<p>La melod\u00eda <strong>&#8220;Rata de dos Patas&#8221;<\/strong>, estrenada en el 2004 en el \u00e1lbum &#8216;Taco placero&#8217;, fue compuesta por el mexicano <strong>Manuel Eduardo Toscano, <\/strong>a pedido exclusivo de la int\u00e9rprete.<\/p>\n<\/div>\n<div class=\"sc-80531b6b-0 chRIGJ container-text text-embed\">\n<p>La idea surgi\u00f3 luego de darse cuenta de que la parte m\u00e1s euf\u00f3rica de los shows de Paquita era cuando ella cantaba insultos hacia los varones. As\u00ed entonces, fue como le solicit\u00f3 a <strong>Toscano<\/strong> que traduzca todo el<strong> rencor<\/strong> que ten\u00eda guardado a su <strong>ex esposo<\/strong>.<\/p>\n<\/div>\n<div class=\"sc-80531b6b-0 chRIGJ container-text text-embed\">\n<p>A su vez, <strong>Manuel Eduardo,<\/strong> al momento de escribir la letra, se bas\u00f3 en la figura del expresidente Carlos Salinas de Gortari, que estuvo al mando de M\u00e9xico desde 1988 hasta 1994. Sin nombrarlo, solo entre lineas.<\/p>\n<\/div>\n<div class=\"sc-80531b6b-0 chRIGJ container-text text-embed\">\n<p>Aunque la primer versi\u00f3n era muy fuerte y la cantante le pidi\u00f3 que aliviane el tono. Luego de algunos cambios, se consagr\u00f3 la interpretaci\u00f3n que actualmente conocemos.<\/p>\n<\/div>\n<div class=\"sc-80531b6b-0 chRIGJ container-text text-embed\">\n<p>Al amor al que <strong>Paquita<\/strong> se dirig\u00eda era <strong>Alfonzo Mart\u00ednez<\/strong> con quien contrajo su <strong>segundo matrimonio <\/strong>y<strong> que dur\u00f3 30 a\u00f1os<\/strong>. En el programa <em>&#8220;Imagen entretenimiento&#8221;, <\/em>Paquita revel\u00f3 que la canci\u00f3n se la dedic\u00f3 a \u00e9l porque luego de estar juntos durante 25 a\u00f1os, descubri\u00f3 que la enga\u00f1aba.<\/p>\n<\/div>\n<div class=\"sc-198be8ec-0 cynXbu image-embed  image-embed \"><picture class=\"sc-198be8ec-1 kOjRiQ\"><source media=\"(min-width: 975px)\" width=\"720\" height=\"480\" \/><img alt=\"Paquita la del Barrio dedic\u00f3 &quot;Rata de dos Patas a un ex amor que la enga\u00f1\u00f3 por 15 a\u00f1os. Foto: AP\" loading=\"lazy\" width=\"720\" height=\"480\" decoding=\"async\" data-nimg=\"1\" style=\"color:transparent\" src=\"https:\/\/13.com.ar\/wp-content\/uploads\/2025\/02\/1739829675_611_a-quien-fue-dedicada-su-iconica-cancion-Rata-de-dos.jpg\"\/><span class=\"epigraphe\">Paquita la del Barrio dedic\u00f3 &#8220;Rata de dos Patas a un ex amor que la enga\u00f1\u00f3 por 15 a\u00f1os. Foto: AP<\/span><span class=\"bkg\"\/><span class=\"picture-open\"><button class=\"open-image\" aria-label=\"Open Image\"\/><\/span><\/picture><\/div>\n<div class=\"sc-80531b6b-0 chRIGJ container-text text-embed\">\n<p>Lo que m\u00e1s le doli\u00f3 a <strong>Francisca <\/strong>no fue enterarse que su marido ten\u00eda una <strong>amante<\/strong>, eso ya lo sospechaba porque <strong>Mart\u00ednez<\/strong> se iba de su casa todos los viernes y no volv\u00eda hasta el domingo.<\/p>\n<\/div>\n<div class=\"sc-80531b6b-0 chRIGJ container-text text-embed\">\n<p>Lo que no se imaginaba era que con esa mujer guardaba<strong> una relaci\u00f3n de m\u00e1s 15 a\u00f1os<\/strong> y con quien ten\u00eda una hija de 12 a\u00f1os.<\/p>\n<\/div>\n<div class=\"sc-80531b6b-0 chRIGJ container-text text-embed\">\n<p>La revelaci\u00f3n <strong>la lastim\u00f3 mucho sentimentalmente<\/strong>, sin embarg\u00f3, sigui\u00f3 conviviendo con \u00e9l, hasta que en el a\u00f1o 2000, Mart\u00ednez muri\u00f3.<\/p>\n<\/div>\n<div class=\"sc-80531b6b-0 chRIGJ container-text text-embed\">\n<p>As\u00ed es como el odio que guardaba por un fracaso amoroso, se transform\u00f3 en <strong>desahogo<\/strong> que la ayud\u00f3 a Paquita a alivianar su dolor, pero no solo a ella, sino tambi\u00e9n a muchas otras personas que est\u00e1n apenadas por amor. <\/p>\n<\/div>\n<\/div>\n<p><br \/>\n<br \/><a href=\"https:\/\/www.clarin.com\/internacional\/murio-paquita-barrio-dedicada-iconica-cancion-rata-patas_0_K9kVVAtaqN.html\">Fuente Clarin.com <\/a><\/p>\n","protected":false},"excerpt":{"rendered":"<p>La cantante y compositora, Francisca Viveros Barradas, mejor conocida como &#8216;Paquita la del Barrio&#8217;, quien muri\u00f3 a los 77 a\u00f1os, logr\u00f3 consolidarse como un icono en la m\u00fasica ranchera y los boleros. Paquita, tambi\u00e9n llamada la &#8220;Reina del Pueblo&#8221; o &#8220;La Guerrillera del Bolero&#8221; compuso canciones que se volvieron muy populares en los a\u00f1os 90 [&hellip;]<\/p>\n","protected":false},"author":1,"featured_media":5641,"comment_status":"open","ping_status":"open","sticky":false,"template":"","format":"standard","meta":{"footnotes":""},"categories":[2],"tags":[1746,4169,59,105,7539,7473,3,7472],"class_list":["post-5640","post","type-post","status-publish","format-standard","has-post-thumbnail","hentry","category-ultimas-noticias","tag-cancion","tag-dedicada","tag-dos","tag-fue","tag-iconica","tag-patas","tag-quien","tag-rata"],"_links":{"self":[{"href":"https:\/\/13.com.ar\/index.php\/wp-json\/wp\/v2\/posts\/5640","targetHints":{"allow":["GET"]}}],"collection":[{"href":"https:\/\/13.com.ar\/index.php\/wp-json\/wp\/v2\/posts"}],"about":[{"href":"https:\/\/13.com.ar\/index.php\/wp-json\/wp\/v2\/types\/post"}],"author":[{"embeddable":true,"href":"https:\/\/13.com.ar\/index.php\/wp-json\/wp\/v2\/users\/1"}],"replies":[{"embeddable":true,"href":"https:\/\/13.com.ar\/index.php\/wp-json\/wp\/v2\/comments?post=5640"}],"version-history":[{"count":0,"href":"https:\/\/13.com.ar\/index.php\/wp-json\/wp\/v2\/posts\/5640\/revisions"}],"wp:featuredmedia":[{"embeddable":true,"href":"https:\/\/13.com.ar\/index.php\/wp-json\/wp\/v2\/media\/5641"}],"wp:attachment":[{"href":"https:\/\/13.com.ar\/index.php\/wp-json\/wp\/v2\/media?parent=5640"}],"wp:term":[{"taxonomy":"category","embeddable":true,"href":"https:\/\/13.com.ar\/index.php\/wp-json\/wp\/v2\/categories?post=5640"},{"taxonomy":"post_tag","embeddable":true,"href":"https:\/\/13.com.ar\/index.php\/wp-json\/wp\/v2\/tags?post=5640"}],"curies":[{"name":"wp","href":"https:\/\/api.w.org\/{rel}","templated":true}]}}