{"id":5638,"date":"2025-02-17T18:39:26","date_gmt":"2025-02-17T21:39:26","guid":{"rendered":"https:\/\/13.com.ar\/index.php\/cinco-meses-despues-de-su-separacion-pampita-no-se-guardo-nada-y-apunto-contra-moritan-y-su-ex-suegra\/"},"modified":"2025-02-17T18:39:26","modified_gmt":"2025-02-17T21:39:26","slug":"cinco-meses-despues-de-su-separacion-pampita-no-se-guardo-nada-y-apunto-contra-moritan-y-su-ex-suegra","status":"publish","type":"post","link":"https:\/\/13.com.ar\/index.php\/cinco-meses-despues-de-su-separacion-pampita-no-se-guardo-nada-y-apunto-contra-moritan-y-su-ex-suegra\/","title":{"rendered":"Cinco meses despu\u00e9s de su separaci\u00f3n, Pampita no se guard\u00f3 nada y apunt\u00f3 contra Morit\u00e1n y su ex suegra"},"content":{"rendered":"<p> <br \/>\n<br \/><img decoding=\"async\" src=\"https:\/\/13.com.ar\/wp-content\/uploads\/2025\/02\/Cinco-meses-despues-de-su-separacion-Pampita-no-se-guardo.jpg\" \/><\/p>\n<div>\n<p>En este tiempo, fiel a su estilo, la modelo y conductora se mostr\u00f3 muy diplom\u00e1tica al hablar de su ruptura amorosa.<\/p>\n<\/div>\n<div>\n<p>&#8220;Yo voy con la verdad. No me gusta la mentira, y me vuelvo loca con esas cosas. Ah\u00ed hab\u00eda como un tema de fechas. <strong>\u00c9l dec\u00eda que hace mucho est\u00e1bamos separados y yo sal\u00ed en un segundo a decir &#8216;no, par\u00e1, eso no es verdad'&#8221;<\/strong>, se\u00f1al\u00f3 Pampita, recordando los chats \u00edntimos que hizo p\u00fablico en el momento de su separaci\u00f3n del ex ministro porte\u00f1o.<\/p>\n<\/div>\n<div>\n<p>&#8220;Para m\u00ed era re importante decir cu\u00e1ndo hab\u00eda pasado todo. Y tampoco quiero que la gente piense que estaba en los (premios) Mart\u00edn Fierro fingiendo algo, que estaba separada o que tengo una relaci\u00f3n comercial por un inter\u00e9s pol\u00edtico. No. <strong>Yo estaba en un matrimonio que estaba todo bien y de un d\u00eda para el otro me separ\u00e9. Eso lo aclar\u00e9 con los chats&#8221;<\/strong>, sigui\u00f3 la actual jurado del programa <em>Los 8 escalones<\/em> (El Trece).<\/p>\n<\/div>\n<div>\n<p>Y luego, desafiante, Pampita lanz\u00f3: <strong>&#8220;No me gusta la mentira. Y provocarme a m\u00ed es meterte en una que no te conviene&#8221;.<\/strong><\/p>\n<\/div>\n<div>\n<p>Ante la consulta por los dichos de la madre Morit\u00e1n, que incluso lleg\u00f3 a definirla como &#8220;una maleducada&#8221;, Pampita asegur\u00f3: &#8220;S\u00ed, me molest\u00f3. Porque no sab\u00edan la verdad y entonces opinaban desde el desconocimiento. <strong>Me molest\u00f3 much\u00edsimo, me enoj\u00e9 y estoy enojada hasta el d\u00eda de hoy&#8221;. <\/strong><\/p>\n<\/div>\n<div>\n<p>&#8220;S\u00ed me molest\u00f3 much\u00edsimo y<strong> esas cosas yo no las perdono&#8221;<\/strong>, sentenci\u00f3, contundente. <\/p>\n<\/div>\n<div>\n<p>Despu\u00e9s, Pampita asegur\u00f3 que solo habla con Morit\u00e1n por temas relacionados con Ana. <strong>&#8220;Hoy no tengo ganas de forzar cosas, hoy solo me junto con gente que me hace bien, que me cuida, que me valora&#8230;&#8221;<\/strong>, sostuvo.<\/p>\n<\/div>\n<div>\n<p>En otro pasaje de la entrevista con el ciclo de Am\u00e9rica TV, Pampita habl\u00f3 de su gran presente junto al empresario Mart\u00edn Pepa.<\/p>\n<\/div>\n<div>\n<p><strong>&#8220;S\u00ed somos novios, pero ya tendremos alguna oportunidad para estar juntos p\u00fablicamente como novios&#8221;<\/strong>, asegur\u00f3 la modelo, que destac\u00f3 que Pepa es un hombre que le est\u00e1 haciendo muy bien a ella y a sus hijos.<\/p>\n<\/div>\n<p><br \/>\n<br \/><a href=\"https:\/\/www.clarin.com\/fama\/meses-separacion-pampita-guardo-apunto-moritan-ex-suegra_0_BOJn4hHJ1r.html\">Fuente Clarin.com <\/a><\/p>\n","protected":false},"excerpt":{"rendered":"<p>En este tiempo, fiel a su estilo, la modelo y conductora se mostr\u00f3 muy diplom\u00e1tica al hablar de su ruptura amorosa. &#8220;Yo voy con la verdad. No me gusta la mentira, y me vuelvo loca con esas cosas. Ah\u00ed hab\u00eda como un tema de fechas. \u00c9l dec\u00eda que hace mucho est\u00e1bamos separados y yo sal\u00ed [&hellip;]<\/p>\n","protected":false},"author":1,"featured_media":5639,"comment_status":"open","ping_status":"open","sticky":false,"template":"","format":"standard","meta":{"footnotes":""},"categories":[2],"tags":[1138,567,835,1514,7537,1075,7092,2520,7536,3313,7538],"class_list":["post-5638","post","type-post","status-publish","format-standard","has-post-thumbnail","hentry","category-ultimas-noticias","tag-apunto","tag-cinco","tag-contra","tag-despues","tag-guardo","tag-meses","tag-moritan","tag-nada","tag-pampita","tag-separacion","tag-suegra"],"_links":{"self":[{"href":"https:\/\/13.com.ar\/index.php\/wp-json\/wp\/v2\/posts\/5638","targetHints":{"allow":["GET"]}}],"collection":[{"href":"https:\/\/13.com.ar\/index.php\/wp-json\/wp\/v2\/posts"}],"about":[{"href":"https:\/\/13.com.ar\/index.php\/wp-json\/wp\/v2\/types\/post"}],"author":[{"embeddable":true,"href":"https:\/\/13.com.ar\/index.php\/wp-json\/wp\/v2\/users\/1"}],"replies":[{"embeddable":true,"href":"https:\/\/13.com.ar\/index.php\/wp-json\/wp\/v2\/comments?post=5638"}],"version-history":[{"count":0,"href":"https:\/\/13.com.ar\/index.php\/wp-json\/wp\/v2\/posts\/5638\/revisions"}],"wp:featuredmedia":[{"embeddable":true,"href":"https:\/\/13.com.ar\/index.php\/wp-json\/wp\/v2\/media\/5639"}],"wp:attachment":[{"href":"https:\/\/13.com.ar\/index.php\/wp-json\/wp\/v2\/media?parent=5638"}],"wp:term":[{"taxonomy":"category","embeddable":true,"href":"https:\/\/13.com.ar\/index.php\/wp-json\/wp\/v2\/categories?post=5638"},{"taxonomy":"post_tag","embeddable":true,"href":"https:\/\/13.com.ar\/index.php\/wp-json\/wp\/v2\/tags?post=5638"}],"curies":[{"name":"wp","href":"https:\/\/api.w.org\/{rel}","templated":true}]}}