{"id":5533,"date":"2025-02-17T12:24:32","date_gmt":"2025-02-17T15:24:32","guid":{"rendered":"https:\/\/13.com.ar\/index.php\/nevadas-y-frio-extremo-en-kansas-city\/"},"modified":"2025-02-17T12:24:32","modified_gmt":"2025-02-17T15:24:32","slug":"nevadas-y-frio-extremo-en-kansas-city","status":"publish","type":"post","link":"https:\/\/13.com.ar\/index.php\/nevadas-y-frio-extremo-en-kansas-city\/","title":{"rendered":"nevadas y fr\u00edo extremo en Kansas City"},"content":{"rendered":"<p> <br \/>\n<\/p>\n<div id=\"cuerpo\">\n<div class=\"sc-80531b6b-0 chRIGJ container-text text-embed\">\n<p>Se termin\u00f3 la espera para los fan\u00e1ticos de <strong>Lionel Messi<\/strong>. Despu\u00e9s de casi <strong>tres meses sin disfrutar de un partido oficial <\/strong>del capit\u00e1n de la <strong>Selecci\u00f3n Argentina<\/strong>, este martes el <strong>Inter Miami <\/strong>iniciar\u00e1 su temporada con el partido de ida ante el <strong>Sporting Kansas City<\/strong>, por la primera ronda de la <strong>Champions <\/strong>de la Concacaf. Y, seg\u00fan anuncian en Estados Unidos, parece que ser\u00e1 un debut muy especial&#8230;<\/p>\n<\/div>\n<div class=\"sc-80531b6b-0 chRIGJ container-text text-embed\">\n<p>Es que seg\u00fan el pron\u00f3stico, para la hora del partido (22:00 de Argentina y las 19:00 locales), <strong>prev\u00e9n 70% de probabilidades de nevadas. Adem\u00e1s, destaca que estar\u00e1 &#8220;extremadamente fr\u00edo&#8221; y la temperatura m\u00ednima llegar\u00eda a -21 grados. \u00bfY la m\u00e1xima? -15.<\/strong><\/p>\n<\/div>\n<div class=\"sc-80531b6b-0 chRIGJ container-text text-embed\">\n<p>De hecho, actualmente en Kansas City <strong>rige una alerta meteorol\u00f3gica por fr\u00edo extremo.<\/strong><\/p>\n<\/div>\n<div class=\"sc-80531b6b-0 chRIGJ container-text text-embed\">\n<p>\u00bfPodr\u00eda llegar a suspenderse el partido? En principio, salvo que las condiciones sean muy desfavorables, no. <strong>Y sino que le pregunten a los futbolistas del Real Salt Lake y LAFC, quienes el 2 de marzo del 2024 disputaron un partido en estas condiciones&#8230;<\/strong><\/p>\n<\/div>\n<p><h2><strong>M\u00e1s fr\u00edo para el mi\u00e9rcoles<\/strong><\/h2>\n<\/p>\n<div class=\"sc-80531b6b-0 chRIGJ container-text text-embed\">\n<p><strong>\u00bfJuega Messi?<\/strong> Est\u00e1 en condiciones f\u00edsicas pero en redes sociales recordaron una frase de su compa\u00f1ero y amigo Luis Su\u00e1rez durante una entrevista en 2021. <strong>\u201c(Messi) me dijo que sufre mucho por jugar con fr\u00edo y con nieve\u201d<\/strong>, asegur\u00f3 el uruguayo en declaraciones a TNT Sports.<\/p>\n<\/div>\n<div class=\"sc-80531b6b-0 chRIGJ container-text text-embed\">\n<p>Pese a que el martes ser\u00e1 uno de los d\u00edas m\u00e1s frescos de la semana, <strong>los -24 grados del mi\u00e9rcoles asustan todav\u00eda m\u00e1s<\/strong>. El frente de fr\u00edo extremo se extender\u00e1 hasta el s\u00e1bado, aunque ya no con temperaturas tan bajas.<\/p>\n<\/div>\n<p><h2><strong>Las tres figuras de Sporting KC y sus fichajes en el mercado<\/strong><\/h2>\n<\/p>\n<div class=\"sc-80531b6b-0 chRIGJ container-text text-embed\">\n<p>La MLS sigue su camino previo hacia una temporada 2025 llena de expectativa, con refuerzos de calidad que fortalecer\u00e1n a varios equipos. La atenci\u00f3n est\u00e1 puesta en Inter Miami y Lionel Messi, pero otras franquicias tambi\u00e9n se han movido en el mercado de manera significativa para competir al m\u00e1s alto nivel.<\/p>\n<\/div>\n<div class=\"sc-80531b6b-0 chRIGJ container-text text-embed\">\n<p>Entre los clubes que m\u00e1s incorporaron est\u00e1 <strong>Sporting Kansas City<\/strong>, rival del equipo que dirige <strong>Javier Mascherano<\/strong>, que ha asegurado fichajes importantes para fortalecer su plantilla.<\/p>\n<\/div>\n<div class=\"sc-80531b6b-0 chRIGJ container-text text-embed\">\n<p>Confirm\u00f3 la incorporaci\u00f3n del mediocampista espa\u00f1ol <strong>Manu Garc\u00eda<\/strong>, quien llega con un contrato de tres a\u00f1os en calidad de Jugador Franquicia, con opci\u00f3n de extensi\u00f3n hasta 2028. Procedente del Aris Thessaloniki de Grecia, tambi\u00e9n jug\u00f3 en Inglaterra, Francia, Pa\u00edses Bajos y Espa\u00f1a. Sumar\u00e1 creatividad y liderazgo en el mediocampo, aportando su experiencia internacional.<\/p>\n<\/div>\n<div class=\"sc-198be8ec-0 cynXbu image-embed  image-embed \"><picture class=\"sc-198be8ec-1 kOjRiQ\"><source media=\"(min-width: 975px)\" width=\"720\" height=\"480\" \/><img alt=\"Dejan Joveljic. Foto: AP \/ Etienne Laurent\" loading=\"lazy\" width=\"720\" height=\"480\" decoding=\"async\" data-nimg=\"1\" style=\"color:transparent\" src=\"https:\/\/13.com.ar\/wp-content\/uploads\/2025\/02\/nevadas-y-frio-extremo-en-Kansas-City.jpg\"\/><span class=\"epigraphe\">Dejan Joveljic. Foto: AP \/ Etienne Laurent<\/span><span class=\"bkg\"\/><span class=\"picture-open\"><button class=\"open-image\" aria-label=\"Open Image\"\/><\/span><\/picture><\/div>\n<div class=\"sc-80531b6b-0 chRIGJ container-text text-embed\">\n<p>El club tambi\u00e9n cerr\u00f3 la llegada del delantero <strong>Dejan Joveljic<\/strong>, quien viene del LA Galaxy en un intercambio que marca un precedente en la MLS. Con una capacidad goleadora destacada, el serbio ser\u00e1 una pieza clave en el ataque y tendr\u00e1 la oportunidad de consolidarse como el referente ofensivo del equipo.<\/p>\n<\/div>\n<div class=\"sc-80531b6b-0 chRIGJ container-text text-embed\">\n<p>A esta lista se suma el extremo <strong>Shapi Suleymanov<\/strong>, quien firm\u00f3 un contrato hasta 2026 y tuvo participaci\u00f3n en torneos europeos como la Champions, Europa y Conference League. El ruso se perfila como un jugador desequilibrante en las bandas, todo gracias a su capacidad de generar peligro en el \u00faltimo tercio del campo.<\/p>\n<\/div>\n<div class=\"sc-80531b6b-0 chRIGJ container-text text-embed\">\n<p>Otro nombre importante es el de <strong>D\u00e1niel Sall\u00f3i<\/strong>, el goleador que se convirti\u00f3 en toda una estrella del equipo. Desde su llegada ha disputado 251 partidos y convirti\u00f3 54 goles, a lo que se le suma la cifra para nada despreciable de 36 asistencias, convirti\u00e9ndolo en un infaltable en el 11.<\/p>\n<\/div>\n<p><h2><strong>\u00bfCu\u00e1ndo ser\u00e1 la revancha entre Inter Miami y Sporting Kansas City?<\/strong><\/h2>\n<\/p>\n<div class=\"sc-80531b6b-0 chRIGJ container-text text-embed\">\n<p>La vuelta se jugar\u00e1 el <strong>martes 25 de febrero <\/strong>en el Chase Stadium y, en caso de igualadad en puntos y goles, habr\u00e1 alargue y, despu\u00e9s, penales para determinar qui\u00e9n avanza a la siguiente instancia. <\/p>\n<\/div>\n<div class=\"sc-80531b6b-0 chRIGJ container-text text-embed\">\n<p>En caso de avanzar, el Inter Miami ya sabe su rival: ser\u00e1 el <strong>Cavalier FC<\/strong>, campe\u00f3n de la Premier League 2024 de Jamaica.<\/p>\n<\/div>\n<\/div>\n<p><br \/>\n<br \/><a href=\"https:\/\/www.clarin.com\/deportes\/duro-contexto-debut-lionel-messi-inter-miami-champions-concacaf-nevadas-frio-extremo-kansas-city_0_ufzqBq7n9s.html\">Fuente Clarin.com <\/a><\/p>\n","protected":false},"excerpt":{"rendered":"<p>Se termin\u00f3 la espera para los fan\u00e1ticos de Lionel Messi. Despu\u00e9s de casi tres meses sin disfrutar de un partido oficial del capit\u00e1n de la Selecci\u00f3n Argentina, este martes el Inter Miami iniciar\u00e1 su temporada con el partido de ida ante el Sporting Kansas City, por la primera ronda de la Champions de la Concacaf. [&hellip;]<\/p>\n","protected":false},"author":1,"featured_media":5534,"comment_status":"open","ping_status":"open","sticky":false,"template":"","format":"standard","meta":{"footnotes":""},"categories":[2],"tags":[1365,2659,1438,3946,7444],"class_list":["post-5533","post","type-post","status-publish","format-standard","has-post-thumbnail","hentry","category-ultimas-noticias","tag-city","tag-extremo","tag-frio","tag-kansas","tag-nevadas"],"_links":{"self":[{"href":"https:\/\/13.com.ar\/index.php\/wp-json\/wp\/v2\/posts\/5533","targetHints":{"allow":["GET"]}}],"collection":[{"href":"https:\/\/13.com.ar\/index.php\/wp-json\/wp\/v2\/posts"}],"about":[{"href":"https:\/\/13.com.ar\/index.php\/wp-json\/wp\/v2\/types\/post"}],"author":[{"embeddable":true,"href":"https:\/\/13.com.ar\/index.php\/wp-json\/wp\/v2\/users\/1"}],"replies":[{"embeddable":true,"href":"https:\/\/13.com.ar\/index.php\/wp-json\/wp\/v2\/comments?post=5533"}],"version-history":[{"count":0,"href":"https:\/\/13.com.ar\/index.php\/wp-json\/wp\/v2\/posts\/5533\/revisions"}],"wp:featuredmedia":[{"embeddable":true,"href":"https:\/\/13.com.ar\/index.php\/wp-json\/wp\/v2\/media\/5534"}],"wp:attachment":[{"href":"https:\/\/13.com.ar\/index.php\/wp-json\/wp\/v2\/media?parent=5533"}],"wp:term":[{"taxonomy":"category","embeddable":true,"href":"https:\/\/13.com.ar\/index.php\/wp-json\/wp\/v2\/categories?post=5533"},{"taxonomy":"post_tag","embeddable":true,"href":"https:\/\/13.com.ar\/index.php\/wp-json\/wp\/v2\/tags?post=5533"}],"curies":[{"name":"wp","href":"https:\/\/api.w.org\/{rel}","templated":true}]}}