{"id":548,"date":"2025-01-30T06:39:04","date_gmt":"2025-01-30T09:39:04","guid":{"rendered":"https:\/\/13.com.ar\/index.php\/conclave-con-ralph-fiennes-es-un-thriller-como-dios-manda\/"},"modified":"2025-01-30T06:39:04","modified_gmt":"2025-01-30T09:39:04","slug":"conclave-con-ralph-fiennes-es-un-thriller-como-dios-manda","status":"publish","type":"post","link":"https:\/\/13.com.ar\/index.php\/conclave-con-ralph-fiennes-es-un-thriller-como-dios-manda\/","title":{"rendered":"C\u00f3nclave, con Ralph Fiennes es un thriller como Dios manda"},"content":{"rendered":"<p> <br \/>\n<\/p>\n<div id=\"cuerpo\">\n<div class=\"sc-80531b6b-0 chRIGJ container-text text-embed\">\n<p>Hac\u00eda 28 a\u00f1os que <strong>Ralph Fiennes<\/strong> no era candidato al Oscar. Tras ser nominado como mejor actor de reparto por su oficial nazi en<em> La lista de Schindler<\/em> (luego, ganadora del Oscar a la mejor pel\u00edcula), lo hab\u00eda sido por segunda vez como actor protag\u00f3nico por <em>El jardinero fiel<\/em> (que tambi\u00e9n gan\u00f3 el premio de la Academia a la mejor pel\u00edcula). Ahora, por <strong><em>C\u00f3nclave<\/em><\/strong>, vuelve a estar nominado.<\/p>\n<\/div>\n<div class=\"sc-80531b6b-0 chRIGJ container-text text-embed\">\n<p>\u00bfNo habr\u00e1 dos sin tres y el Oscar lo ganar\u00e1 el filme del alem\u00e1n Edward Berger, el verdugo hace dos a\u00f1os de <em>Argentina, 1985<\/em>, con <strong><em>Sin novedad en el frente<\/em><\/strong>?<\/p>\n<\/div>\n<div class=\"sc-80531b6b-0 chRIGJ container-text text-embed\">\n<p>El asunto claramente no pasa por ah\u00ed. Pasa por que Berger ha construido un thriller pr\u00e1cticamente en un \u00e1mbito cerrado: el c\u00f3nclave del t\u00edtulo refiere a la reuni\u00f3n de cardenales que elegir\u00e1n, en el Vaticano, al sucesor de un Papa reci\u00e9n fallecido.<\/p>\n<\/div>\n<p><h2>Las luchas por ser Papa, en el Vaticano<\/h2>\n<\/p>\n<div class=\"sc-80531b6b-0 chRIGJ container-text text-embed\">\n<p>Habla de la lucha por el control, por supuesto, pero tambi\u00e9n de las distintas alas de poder que se juegan en esa reuni\u00f3n para definir el futuro de la Iglesia cat\u00f3lica, entre progresistas y conservadores.<\/p>\n<\/div>\n<div class=\"sc-198be8ec-0 cynXbu image-embed  image-embed \"><picture class=\"sc-198be8ec-1 kOjRiQ\"><source media=\"(min-width: 975px)\" width=\"720\" height=\"480\" \/><img alt=\"Ralph Fiennes consigui\u00f3 su tercera nominaci\u00f3n al Oscar. Foto Diamond Films\" loading=\"lazy\" width=\"720\" height=\"480\" decoding=\"async\" data-nimg=\"1\" style=\"color:transparent\" src=\"https:\/\/13.com.ar\/wp-content\/uploads\/2025\/01\/Conclave-con-Ralph-Fiennes-es-un-thriller-como-Dios-manda.jpg\"\/><span class=\"epigraphe\">Ralph Fiennes consigui\u00f3 su tercera nominaci\u00f3n al Oscar. Foto Diamond Films<\/span><span class=\"bkg\"\/><span class=\"picture-open\"><button class=\"open-image\" aria-label=\"Open Image\"\/><\/span><\/picture><\/div>\n<div class=\"sc-80531b6b-0 chRIGJ container-text text-embed\">\n<p>Pero dec\u00edamos que se trata tambi\u00e9n de un thriller. \u00bfPor qu\u00e9? Porque tal vez la muerte del Papa no haya sido por causas naturales.<\/p>\n<\/div>\n<div class=\"sc-80531b6b-0 chRIGJ container-text text-embed\">\n<p>Sin saber ni intuir en un principio nada de todo esto, el decano del Colegio Cardenalicio, el cardenal Lawrence (Ralph Fiennes) es quien organiza la tradici\u00f3n de seleccionar un nuevo l\u00edder espiritual para la Iglesia cat\u00f3lica.<\/p>\n<\/div>\n<p><h2>&#8220;C\u00f3nclave&#8221; y su elencazo<\/h2>\n<\/p>\n<div class=\"sc-80531b6b-0 chRIGJ container-text text-embed\">\n<p>Lawrence se muestra neutral, pero \u00edntimamente apoya al cardenal Bellini (Stanley Tucci), liberal y cercano al ex Papa. El contrincante a vencer ser\u00eda el italiano Tedesco (Sergio Castellitto), un ultraconservador que de ganar har\u00eda retroceder a la iglesia seis d\u00e9cadas. Hay m\u00e1s candidatos, pero mejor ni pensar en ellos. El cardenal nigeriano Adeyemi (Lucian Msamati) ser\u00eda el primer papa africano y negro en la historia, pero se parece mucho a Tedesco en lo social. Otra opci\u00f3n es el canadiense Trembley (John Lithgow), que pronto sabremos que es un manipulador.<\/p>\n<\/div>\n<div class=\"sc-198be8ec-0 cynXbu image-embed  image-embed \"><picture class=\"sc-198be8ec-1 kOjRiQ\"><source media=\"(min-width: 975px)\" width=\"720\" height=\"480\" \/><img alt=\"El cardenal Lawrence junto al cardenal Bellini (Stanley Tucci, en un rol inusual en \u00e9l).\" loading=\"lazy\" width=\"720\" height=\"480\" decoding=\"async\" data-nimg=\"1\" style=\"color:transparent\" src=\"https:\/\/13.com.ar\/wp-content\/uploads\/2025\/01\/1738229944_174_Conclave-con-Ralph-Fiennes-es-un-thriller-como-Dios-manda.jpg\"\/><span class=\"epigraphe\">El cardenal Lawrence junto al cardenal Bellini (Stanley Tucci, en un rol inusual en \u00e9l).<\/span><span class=\"bkg\"\/><span class=\"picture-open\"><button class=\"open-image\" aria-label=\"Open Image\"\/><\/span><\/picture><\/div>\n<div class=\"sc-80531b6b-0 chRIGJ container-text text-embed\">\n<p>Y hay m\u00e1s: de la nada llega por sorpresa un cardenal al que el Papa hab\u00eda asignado en Kabul, Afganist\u00e1n, sin que nadie estuviera al tanto. El cardenal Ben\u00edtez (Carlos Diehz), mexicano, tiene el mismo derecho que los otros a ser elegido Sumo Pont\u00edfice.<\/p>\n<\/div>\n<div class=\"sc-80531b6b-0 chRIGJ container-text text-embed\">\n<p>Las complicaciones se comenzar\u00e1n a sumar una tras otra. La hermana Agnes (<strong>Isabella Rossellini<\/strong>, candidata al Oscar a actriz de reparto) quiz\u00e1 haya escuchado m\u00e1s de lo que uno pueda suponer. Y varios cardenales comienzan a mostrar que no est\u00e1n tan limpios como parec\u00eda.<\/p>\n<\/div>\n<div class=\"sc-80531b6b-0 chRIGJ container-text text-embed\">\n<p>Adaptaci\u00f3n de la novela de Robert Harris de reciente publicaci\u00f3n (es de 2016), el aislamiento de los cardenales har\u00eda pensar que el clima es cerrado, claustrof\u00f3bico, pero el director junto a su director de fotograf\u00eda St\u00e9phane Fontaine logra lo contrario. <strong><em>C\u00f3nclave<\/em><\/strong> no es una pieza de teatro, es cine en su mejor expresi\u00f3n, con muchas vueltas de tuerca, la mayor\u00eda inesperadas.<\/p>\n<\/div>\n<div class=\"sc-198be8ec-0 cynXbu image-embed  image-embed \"><picture class=\"sc-198be8ec-1 kOjRiQ\"><source media=\"(min-width: 975px)\" width=\"720\" height=\"480\" \/><img alt=\"Isabella Rossellini, otra candidata al premio de la Academia de Hollywood: con una mirada lo dice todo. \" loading=\"lazy\" width=\"720\" height=\"480\" decoding=\"async\" data-nimg=\"1\" style=\"color:transparent\" src=\"https:\/\/13.com.ar\/wp-content\/uploads\/2025\/01\/1738229944_131_Conclave-con-Ralph-Fiennes-es-un-thriller-como-Dios-manda.jpg\"\/><span class=\"epigraphe\">Isabella Rossellini, otra candidata al premio de la Academia de Hollywood: con una mirada lo dice todo. <\/span><span class=\"bkg\"\/><span class=\"picture-open\"><button class=\"open-image\" aria-label=\"Open Image\"\/><\/span><\/picture><\/div>\n<div class=\"sc-80531b6b-0 chRIGJ container-text text-embed\">\n<p>Pero qu\u00e9 decir giro principal. Es uno que nadie podr\u00eda adivinar, por que no es del tipo \u201cveo gente muerta\u201d de<em> Sexto sentido<\/em>.<\/p>\n<\/div>\n<div class=\"sc-80531b6b-0 chRIGJ container-text text-embed\">\n<p>La edici\u00f3n de Nick Emerson ayuda a que la narraci\u00f3n surja m\u00e1s fluida, en tanto la banda sonora de Volker Bertelmann est\u00e1 all\u00ed para contar m\u00e1s que para resaltar, algo poco com\u00fan en el cine contempor\u00e1neo.<\/p>\n<\/div>\n<p><h2>Ralph Fiennes, un volc\u00e1n por dentro<\/h2>\n<\/p>\n<div class=\"sc-80531b6b-0 chRIGJ container-text text-embed\">\n<p>Obviamente las actuaciones resultan cruciales para que <strong><em>C\u00f3nclave<\/em><\/strong> atrape en cada secuencia. Fiennes es como un volc\u00e1n en ebullici\u00f3n. Pero por dentro, porque por fuera no demuestra nada a sus colegas, es tan fr\u00edo como un t\u00e9mpano. En manos de otro int\u00e9rprete Lawrence estallar\u00eda en cualquier momento y la performance del actor que fue Voldemort en las pel\u00edculas de<em> Harry Potter<\/em> hace que la tensi\u00f3n se sostenga.<\/p>\n<\/div>\n<div class=\"sc-198be8ec-0 cynXbu image-embed  image-embed \"><picture class=\"sc-198be8ec-1 kOjRiQ\"><source media=\"(min-width: 975px)\" width=\"720\" height=\"480\" \/><img alt=\"Las intrigas dentro del Vaticano incluyen la muerte de un Papa y varios cardenales con secretos que ocultar.\" loading=\"lazy\" width=\"720\" height=\"480\" decoding=\"async\" data-nimg=\"1\" style=\"color:transparent\" src=\"https:\/\/13.com.ar\/wp-content\/uploads\/2025\/01\/1738229944_189_Conclave-con-Ralph-Fiennes-es-un-thriller-como-Dios-manda.jpg\"\/><span class=\"epigraphe\">Las intrigas dentro del Vaticano incluyen la muerte de un Papa y varios cardenales con secretos que ocultar.<\/span><span class=\"bkg\"\/><span class=\"picture-open\"><button class=\"open-image\" aria-label=\"Open Image\"\/><\/span><\/picture><\/div>\n<div class=\"sc-80531b6b-0 chRIGJ container-text text-embed\">\n<p>Aunque Stanley Tucci tambi\u00e9n est\u00e1 muy bien en un rol al que no nos tiene precisamente acostumbrados, es Isabella Rossellini la que se roba las escenas en las que aparece. No le han dado mucho di\u00e1logo, pero una sonrisa o una mirada de la ex pareja de David Lynch y Martin Scorsese puede decir m\u00e1s que mil sermones.<\/p>\n<\/div>\n<div class=\"sc-80531b6b-0 chRIGJ container-text text-embed\">\n<p>Es probable que la Academia de Hollywood ignore, tal vez no por completo, a <strong><em>C\u00f3nclave<\/em><\/strong> (\u00bfguion adaptado y edici\u00f3n?), pero es una de esas pel\u00edculas que atrapa y no suelta hasta los cr\u00e9ditos finales.<\/p>\n<\/div>\n<div class=\"sc-80531b6b-0 chRIGJ container-text text-embed\">\n<p>Drama \/ Thriller. Reino Unido \/ Estados Unidos, 2024.<strong> T\u00edtulo original: <\/strong><em>\u201cConclave\u201d<\/em>. 120\u2019, SAM 13. <strong>De: <\/strong>Edward Berger.<strong> Con:<\/strong> Ralph Fiennes, Stanley Tucci, Isabella Rossellini, John Lithgow, Sergio Castellitto. <strong>Salas:<\/strong> Cinemark Caballito y Palermo, Hoyts Dot y Unicenter, Cin\u00e9polis Recoleta, Houssay, Pilar y Avellaneda, Showcase Belgrano, Norcenter y Haedo.<\/p>\n<\/div>\n<\/div>\n<p><br \/>\n<br \/><a href=\"https:\/\/www.clarin.com\/espectaculos\/oscar-2025-conclave-ralph-fiennes-thriller-dios-manda_0_yLOKsSnTDT.html\">Fuente Clarin.com <\/a><\/p>\n","protected":false},"excerpt":{"rendered":"<p>Hac\u00eda 28 a\u00f1os que Ralph Fiennes no era candidato al Oscar. Tras ser nominado como mejor actor de reparto por su oficial nazi en La lista de Schindler (luego, ganadora del Oscar a la mejor pel\u00edcula), lo hab\u00eda sido por segunda vez como actor protag\u00f3nico por El jardinero fiel (que tambi\u00e9n gan\u00f3 el premio de [&hellip;]<\/p>\n","protected":false},"author":1,"featured_media":549,"comment_status":"open","ping_status":"open","sticky":false,"template":"","format":"standard","meta":{"footnotes":""},"categories":[2],"tags":[66,18,1477,1481,1479,1482,1478,1480],"class_list":["post-548","post","type-post","status-publish","format-standard","has-post-thumbnail","hentry","category-ultimas-noticias","tag-como","tag-con","tag-conclave","tag-dios","tag-fiennes","tag-manda","tag-ralph","tag-thriller"],"_links":{"self":[{"href":"https:\/\/13.com.ar\/index.php\/wp-json\/wp\/v2\/posts\/548","targetHints":{"allow":["GET"]}}],"collection":[{"href":"https:\/\/13.com.ar\/index.php\/wp-json\/wp\/v2\/posts"}],"about":[{"href":"https:\/\/13.com.ar\/index.php\/wp-json\/wp\/v2\/types\/post"}],"author":[{"embeddable":true,"href":"https:\/\/13.com.ar\/index.php\/wp-json\/wp\/v2\/users\/1"}],"replies":[{"embeddable":true,"href":"https:\/\/13.com.ar\/index.php\/wp-json\/wp\/v2\/comments?post=548"}],"version-history":[{"count":0,"href":"https:\/\/13.com.ar\/index.php\/wp-json\/wp\/v2\/posts\/548\/revisions"}],"wp:featuredmedia":[{"embeddable":true,"href":"https:\/\/13.com.ar\/index.php\/wp-json\/wp\/v2\/media\/549"}],"wp:attachment":[{"href":"https:\/\/13.com.ar\/index.php\/wp-json\/wp\/v2\/media?parent=548"}],"wp:term":[{"taxonomy":"category","embeddable":true,"href":"https:\/\/13.com.ar\/index.php\/wp-json\/wp\/v2\/categories?post=548"},{"taxonomy":"post_tag","embeddable":true,"href":"https:\/\/13.com.ar\/index.php\/wp-json\/wp\/v2\/tags?post=548"}],"curies":[{"name":"wp","href":"https:\/\/api.w.org\/{rel}","templated":true}]}}