{"id":5478,"date":"2025-02-17T10:11:14","date_gmt":"2025-02-17T13:11:14","guid":{"rendered":"https:\/\/13.com.ar\/index.php\/las-denuncias-presentadas-contra-el-presidente-javier-milei-por-el-escandalo-de-la-cripto-libra-las-investigara-la-jueza-servini\/"},"modified":"2025-02-17T10:11:14","modified_gmt":"2025-02-17T13:11:14","slug":"las-denuncias-presentadas-contra-el-presidente-javier-milei-por-el-escandalo-de-la-cripto-libra-las-investigara-la-jueza-servini","status":"publish","type":"post","link":"https:\/\/13.com.ar\/index.php\/las-denuncias-presentadas-contra-el-presidente-javier-milei-por-el-escandalo-de-la-cripto-libra-las-investigara-la-jueza-servini\/","title":{"rendered":"Las denuncias presentadas contra el presidente Javier Milei por el esc\u00e1ndalo de la cripto $LIBRA las investigar\u00e1 la jueza Servini"},"content":{"rendered":"<p> <br \/>\n<br \/><img decoding=\"async\" src=\"https:\/\/13.com.ar\/wp-content\/uploads\/2025\/02\/Las-denuncias-presentadas-contra-el-presidente-Javier-Milei-por-el.jpg\" \/><\/p>\n<div>\n<p>La juez federal<strong> Mar\u00eda Servini ser\u00e1 el responsable de investigar las denuncias contra el presidente Javier Milei por el esc\u00e1ndalo de la cripto $LIBRA.<\/strong> En menos de 48 horas, m\u00e1s de un centenar de acusaciones por diversos delitos, se radicaron en los tribunales de Comodoro Py. <strong>El fiscal que tendr\u00e1 la decisi\u00f3n de imputar o no al Jefe de Estado, es Eduardo Taiano.<\/strong><\/p>\n<\/div>\n<div>\n<p>La C\u00e1mara Federal porte\u00f1a realiz\u00f3 esta ma\u00f1ana el correspondiente sorteo de las m\u00e1s de 100 denuncias radicadas en contra del Jefe de Estado despu\u00e9s de la promoci\u00f3n que realiz\u00f3 de la criptomoneda que termin\u00f3 siendo una estafa para una gran cantidad de damnificados.<\/p>\n<\/div>\n<div>\n<p>Con la utilizaci\u00f3n del bolillero y de manera p\u00fablica, la C\u00e1mara realiz\u00f3 el sorteo despu\u00e9s de las 9.30 para asignar magistrado a la primera denuncia radicada en Comodoro Py. Es en el juzgado de Mar\u00eda Servini donde las causas se acumular\u00e1n con la intervenci\u00f3n del fiscal Taiano.<\/p>\n<\/div>\n<div>\n<p>El viernes a las 19.01, Milei public\u00f3 en su cuenta de X un mensaje instando a invertir en la criptomoneda de la empresa KIP Protocol, que en teor\u00eda iba a dedicarse a financiar a pymes argentinas. Para ese entonces dicha moneda ten\u00eda un valor de US$ 0,000001, valor que ascendi\u00f3 a US$ 5,20 tras la promoci\u00f3n del Jefe de Estado.<\/p>\n<\/div>\n<div>\n<p>Despu\u00e9s comenz\u00f3 el esc\u00e1ndalo: con una cantidad requerida de inversores, la cripto se derrumb\u00f3 dejando a una enorme cantidad de damnificados. La ca\u00edda habr\u00eda sido cercana al 90%.<\/p>\n<\/div>\n<div>\n<p>Las repercusiones locales en el \u00e1mbito pol\u00edtico fueron diversas. El kirchnerismo pidi\u00f3 el juicio pol\u00edtico contra Javier Milei. Se pidi\u00f3 investigar, adem\u00e1s, un posible delito de abuso de autoridad, como tambi\u00e9n una presunta estafa.<\/p>\n<\/div>\n<div>\n<p>Mientras <strong>la Oficina Anticorrupci\u00f3n que dirige Javier Melik, iniciar\u00e1 este lunes una investigaci\u00f3n para determinar si el Jefe de Estado cometi\u00f3 una violaci\u00f3n a la Ley de \u00c9tica P\u00fablica<\/strong>, en Comodoro Py ser\u00e1 el Ministerio P\u00fablico Fiscal el que determine si hay elementos suficientes para dar inicio a un expediente judicial.<\/p>\n<\/div>\n<div>\n<p>En las diversas presentaciones realizadas por dirigentes pol\u00edticos como por abogados particulares, se acusa al presidente Milei de estafa, de fraude, como tambi\u00e9n del delito de negociaciones incompatibles, incluso una de las denuncias le atribuye la participaci\u00f3n en una asociaci\u00f3n il\u00edcita.<\/p>\n<\/div>\n<div>\n<p>Es el fiscal del caso el responsable de decidir si impulsar\u00e1 la acci\u00f3n penal, esto es: imputarle al presidente de la Naci\u00f3n alguna de las acusaciones vertidas en los cientos de escritos presentados a lo largo del fin de semana. <\/p>\n<\/div>\n<p><br \/>\n<br \/><a href=\"https:\/\/www.clarin.com\/politica\/denuncias-presentadas-presidente-javier-milei-escandalo-cripto-libra-investigara-jueza-servini_0_eqQhSlLfnX.html\">Fuente Clarin.com <\/a><\/p>\n","protected":false},"excerpt":{"rendered":"<p>La juez federal Mar\u00eda Servini ser\u00e1 el responsable de investigar las denuncias contra el presidente Javier Milei por el esc\u00e1ndalo de la cripto $LIBRA. En menos de 48 horas, m\u00e1s de un centenar de acusaciones por diversos delitos, se radicaron en los tribunales de Comodoro Py. El fiscal que tendr\u00e1 la decisi\u00f3n de imputar o [&hellip;]<\/p>\n","protected":false},"author":1,"featured_media":5479,"comment_status":"open","ping_status":"open","sticky":false,"template":"","format":"standard","meta":{"footnotes":""},"categories":[2],"tags":[835,7005,2143,1711,7401,273,7402,48,7109,77,142,7400,135,7403],"class_list":["post-5478","post","type-post","status-publish","format-standard","has-post-thumbnail","hentry","category-ultimas-noticias","tag-contra","tag-cripto","tag-denuncias","tag-escandalo","tag-investigara","tag-javier","tag-jueza","tag-las","tag-libra","tag-milei","tag-por","tag-presentadas","tag-presidente","tag-servini"],"_links":{"self":[{"href":"https:\/\/13.com.ar\/index.php\/wp-json\/wp\/v2\/posts\/5478","targetHints":{"allow":["GET"]}}],"collection":[{"href":"https:\/\/13.com.ar\/index.php\/wp-json\/wp\/v2\/posts"}],"about":[{"href":"https:\/\/13.com.ar\/index.php\/wp-json\/wp\/v2\/types\/post"}],"author":[{"embeddable":true,"href":"https:\/\/13.com.ar\/index.php\/wp-json\/wp\/v2\/users\/1"}],"replies":[{"embeddable":true,"href":"https:\/\/13.com.ar\/index.php\/wp-json\/wp\/v2\/comments?post=5478"}],"version-history":[{"count":0,"href":"https:\/\/13.com.ar\/index.php\/wp-json\/wp\/v2\/posts\/5478\/revisions"}],"wp:featuredmedia":[{"embeddable":true,"href":"https:\/\/13.com.ar\/index.php\/wp-json\/wp\/v2\/media\/5479"}],"wp:attachment":[{"href":"https:\/\/13.com.ar\/index.php\/wp-json\/wp\/v2\/media?parent=5478"}],"wp:term":[{"taxonomy":"category","embeddable":true,"href":"https:\/\/13.com.ar\/index.php\/wp-json\/wp\/v2\/categories?post=5478"},{"taxonomy":"post_tag","embeddable":true,"href":"https:\/\/13.com.ar\/index.php\/wp-json\/wp\/v2\/tags?post=5478"}],"curies":[{"name":"wp","href":"https:\/\/api.w.org\/{rel}","templated":true}]}}