{"id":5474,"date":"2025-02-17T10:00:00","date_gmt":"2025-02-17T13:00:00","guid":{"rendered":"https:\/\/13.com.ar\/index.php\/shakira-fue-dada-de-alta-le-agradecio-a-los-fans-y-se-espera-por-sus-proximos-shows\/"},"modified":"2025-02-17T10:00:00","modified_gmt":"2025-02-17T13:00:00","slug":"shakira-fue-dada-de-alta-le-agradecio-a-los-fans-y-se-espera-por-sus-proximos-shows","status":"publish","type":"post","link":"https:\/\/13.com.ar\/index.php\/shakira-fue-dada-de-alta-le-agradecio-a-los-fans-y-se-espera-por-sus-proximos-shows\/","title":{"rendered":"Shakira fue dada de alta, le agradeci\u00f3 a los fans y se espera por sus pr\u00f3ximos shows"},"content":{"rendered":"<p> <br \/>\n<\/p>\n<div id=\"cuerpo\">\n<div class=\"sc-80531b6b-0 chRIGJ container-text text-embed\">\n<p>Comenz\u00f3 siendo un secreto, pero r\u00e1pidamente la noticia lleg\u00f3 a todo el mundo. La cantante colombiana Shakira debi\u00f3 ser internada en una cl\u00ednica de Lima, la capital de Per\u00fa, por un fuerte dolor abdominal, que la obligaron a suspender el primero de los dos conciertos que ten\u00eda previsto en esa ciudad, en el Estadio Nacional. Todo eso se supo el domingo 16 de febrero.<\/p>\n<\/div>\n<div class=\"sc-80531b6b-0 chRIGJ container-text text-embed\">\n<p>Ahora, en total hermetismo, <strong>Shakira <\/strong>dej\u00f3 la cl\u00ednica privada de Lima donde permaneci\u00f3 internada.<\/p>\n<\/div>\n<div class=\"sc-80531b6b-0 chRIGJ container-text text-embed\">\n<p>\u201cLamento informarles que anoche tuve que acudir a urgencias por un cuadro abdominal y me encuentro hospitalizada en este momento&#8221;, public\u00f3 Shakira en sus redes sociales.<\/p>\n<\/div>\n<div class=\"sc-80531b6b-0 chRIGJ container-text text-embed\">\n<p>Mientras se espera un parte m\u00e9dico oficial, desde la capital peruana se gener\u00f3 pol\u00e9mica por una supuesta filtraci\u00f3n de datos sobre la salud de la cantante.<\/p>\n<\/div>\n<div class=\"sc-80531b6b-0 chRIGJ container-text text-embed\">\n<p>Algunas horas m\u00e1s tarde, en lo que era ya la madrugada argentina, Shakira volvi\u00f3 a publicar en sus perfiles oficiales. &#8220;Gracias a todos por sus mensajes de cari\u00f1o. Me dan tanta fuerza!! Los quiero con el alma&#8221;, poste\u00f3. <\/p>\n<\/div>\n<div class=\"sc-80531b6b-0 chRIGJ container-text text-embed\">\n<p>Para ese entonces, ya hab\u00eda dejado la cl\u00ednica.<\/p>\n<\/div>\n<p><h2>El aguante de los fans<\/h2>\n<\/p>\n<div class=\"sc-80531b6b-0 chRIGJ container-text text-embed\">\n<p>Conocida la noticia, cientos de fan\u00e1ticos de la colombiana se agolparon en la puerta de la cl\u00ednica. Acamparon e hicieron guardia hasta saber qu\u00e9 ocurr\u00eda.<\/p>\n<\/div>\n<div class=\"sc-80531b6b-0 chRIGJ container-text text-embed\">\n<p>Seg\u00fan testigos, la cantante colombiana arrib\u00f3 al hotel en una camioneta negra, acompa\u00f1ada de su hijo mayor.<\/p>\n<\/div>\n<div class=\"sc-80531b6b-0 chRIGJ container-text text-embed\">\n<p>Shakira ingres\u00f3 al hotel caminando, luciendo un look casual con un pantal\u00f3n de buzo gris, una camiseta negra y unos lentes oscuros, manteniendo su caracter\u00edstico estilo discreto en medio de la atenci\u00f3n que genera su presencia.<\/p>\n<\/div>\n<div class=\"sc-80531b6b-0 chRIGJ container-text text-embed\">\n<p>A\u00fan no se sabe cu\u00e1ndo har\u00e1 Shakira su concierto, especialmente tras los recientes contratiempos que afectaron su gira.<\/p>\n<\/div>\n<div class=\"sc-80531b6b-0 chRIGJ container-text text-embed\">\n<p>La cantante colombiana Shakira hab\u00eda confirmado en sus redes sociales que qued\u00f3 internada por un cuadro abdominal.<\/p>\n<\/div>\n<div class=\"sc-80531b6b-0 chRIGJ container-text text-embed\">\n<p>La artista ten\u00eda todo listo para presentarse en Lima, luego de casi 30 a\u00f1os que no visitaba la capital de Per\u00fa. Precisamente, la expectativa es muy grande entre los fan\u00e1ticos, que hasta llegaron a acampar en cercan\u00edas al lugar del recital.<\/p>\n<\/div>\n<div class=\"sc-198be8ec-0 cynXbu image-embed  image-embed \"><picture class=\"sc-198be8ec-1 kOjRiQ\"><source media=\"(min-width: 975px)\" width=\"720\" height=\"480\" \/><img alt=\"Fan\u00e1ticos de la cantante colombiana Shakira esperan a las afueras de la cl\u00ednica Delgado este domingo, en Lima (Per\u00fa). Foto: EFE\/ Gonzalo Dom\u00ednguez\" loading=\"lazy\" width=\"720\" height=\"480\" decoding=\"async\" data-nimg=\"1\" style=\"color:transparent\" src=\"https:\/\/13.com.ar\/wp-content\/uploads\/2025\/02\/Shakira-fue-dada-de-alta-le-agradecio-a-los-fans.jpg\"\/><span class=\"epigraphe\">Fan\u00e1ticos de la cantante colombiana Shakira esperan a las afueras de la cl\u00ednica Delgado este domingo, en Lima (Per\u00fa). Foto: EFE\/ Gonzalo Dom\u00ednguez<\/span><span class=\"bkg\"\/><span class=\"picture-open\"><button class=\"open-image\" aria-label=\"Open Image\"\/><\/span><\/picture><\/div>\n<div class=\"sc-80531b6b-0 chRIGJ container-text text-embed\">\n<p>&#8220;Los m\u00e9dicos que me atienden me han comunicado que no me encuentro en condiciones de presentar un concierto esta noche (domingo 16 de febrero)\u201d, escribi\u00f3 en su comunicado.<\/p>\n<\/div>\n<div class=\"sc-80531b6b-0 chRIGJ container-text text-embed\">\n<p>\u201cEstoy muy triste de no poder subir al escenario el d\u00eda de hoy, he estado con una gran emoci\u00f3n e ilusi\u00f3n para reencontrarme con mi querido p\u00fablico peruano\u201d, a\u00f1adi\u00f3 en su extenso comunicado.<\/p>\n<\/div>\n<div class=\"sc-80531b6b-0 chRIGJ container-text text-embed\">\n<p>&#8220;Espero ma\u00f1ana estar mejor, y que me den de alta cuanto antes para poder presentarles el espect\u00e1culo que he preparado para todos ustedes\u201d.<\/p>\n<\/div>\n<div class=\"sc-198be8ec-0 cynXbu image-embed  image-embed \"><picture class=\"sc-198be8ec-1 kOjRiQ\"><source media=\"(min-width: 975px)\" width=\"720\" height=\"480\" \/><img alt=\"Shakira actu\u00f3 en la 67\u00aa ceremonia anual de los premios Grammy. Foto: EFE&#10;\" loading=\"lazy\" width=\"720\" height=\"480\" decoding=\"async\" data-nimg=\"1\" style=\"color:transparent\" src=\"https:\/\/13.com.ar\/wp-content\/uploads\/2025\/02\/Shakira-tuvo-que-ser-internada-de-urgencia-y-debio-suspender.jpg\"\/><span class=\"epigraphe\">Shakira actu\u00f3 en la 67\u00aa ceremonia anual de los premios Grammy. Foto: EFE<br \/>\n<\/span><span class=\"bkg\"\/><span class=\"picture-open\"><button class=\"open-image\" aria-label=\"Open Image\"\/><\/span><\/picture><\/div>\n<p><h2>Su tour y cu\u00e1ndo llega a la Argentina<\/h2>\n<\/p>\n<div class=\"sc-80531b6b-0 chRIGJ container-text text-embed\">\n<p>En el marco de su gira &#8220;Las mujeres ya no lloran tour&#8221;, Shakira tiene previsto actuar en la Argentina el 7 y el 8 de marzo, en el Campo Argentino de Polo.<\/p>\n<\/div>\n<div class=\"sc-80531b6b-0 chRIGJ container-text text-embed\">\n<p> La gira pasar\u00e1 por Brasil, M\u00e9xico, Colombia, Chile, la Argentina y resta saber qu\u00e9 suceder\u00e1 con sus presentaciones en Per\u00fa.<\/p>\n<\/div>\n<div class=\"sc-80531b6b-0 chRIGJ container-text text-embed\">\n<p>La cantante viene de actuar y de ser reconocida en la \u00faltima ceremonia de los Premios Grammy, donde cant\u00f3 dos canciones y gan\u00f3 el Grammy al \u00c1lbum latino Pop, por Las mujeres ya no lloran. <\/p>\n<\/div>\n<\/div>\n<p><br \/>\n<br \/><a href=\"https:\/\/www.clarin.com\/espectaculos\/shakira-dada-alta-agradecio-fans-espera-proximos-shows_0_sKKpqDEuqU.html\">Fuente Clarin.com <\/a><\/p>\n","protected":false},"excerpt":{"rendered":"<p>Comenz\u00f3 siendo un secreto, pero r\u00e1pidamente la noticia lleg\u00f3 a todo el mundo. La cantante colombiana Shakira debi\u00f3 ser internada en una cl\u00ednica de Lima, la capital de Per\u00fa, por un fuerte dolor abdominal, que la obligaron a suspender el primero de los dos conciertos que ten\u00eda previsto en esa ciudad, en el Estadio Nacional. [&hellip;]<\/p>\n","protected":false},"author":1,"featured_media":5475,"comment_status":"open","ping_status":"open","sticky":false,"template":"","format":"standard","meta":{"footnotes":""},"categories":[2],"tags":[7396,768,7395,463,3054,105,28,142,4865,3138,1014,40],"class_list":["post-5474","post","type-post","status-publish","format-standard","has-post-thumbnail","hentry","category-ultimas-noticias","tag-agradecio","tag-alta","tag-dada","tag-espera","tag-fans","tag-fue","tag-los","tag-por","tag-proximos","tag-shakira","tag-shows","tag-sus"],"_links":{"self":[{"href":"https:\/\/13.com.ar\/index.php\/wp-json\/wp\/v2\/posts\/5474","targetHints":{"allow":["GET"]}}],"collection":[{"href":"https:\/\/13.com.ar\/index.php\/wp-json\/wp\/v2\/posts"}],"about":[{"href":"https:\/\/13.com.ar\/index.php\/wp-json\/wp\/v2\/types\/post"}],"author":[{"embeddable":true,"href":"https:\/\/13.com.ar\/index.php\/wp-json\/wp\/v2\/users\/1"}],"replies":[{"embeddable":true,"href":"https:\/\/13.com.ar\/index.php\/wp-json\/wp\/v2\/comments?post=5474"}],"version-history":[{"count":0,"href":"https:\/\/13.com.ar\/index.php\/wp-json\/wp\/v2\/posts\/5474\/revisions"}],"wp:featuredmedia":[{"embeddable":true,"href":"https:\/\/13.com.ar\/index.php\/wp-json\/wp\/v2\/media\/5475"}],"wp:attachment":[{"href":"https:\/\/13.com.ar\/index.php\/wp-json\/wp\/v2\/media?parent=5474"}],"wp:term":[{"taxonomy":"category","embeddable":true,"href":"https:\/\/13.com.ar\/index.php\/wp-json\/wp\/v2\/categories?post=5474"},{"taxonomy":"post_tag","embeddable":true,"href":"https:\/\/13.com.ar\/index.php\/wp-json\/wp\/v2\/tags?post=5474"}],"curies":[{"name":"wp","href":"https:\/\/api.w.org\/{rel}","templated":true}]}}