{"id":544,"date":"2025-01-30T06:23:44","date_gmt":"2025-01-30T09:23:44","guid":{"rendered":"https:\/\/13.com.ar\/index.php\/hamas-libero-a-la-rehen-israeli-agam-berger-y-la-entrego-al-comite-internacional-de-la-cruz-roja\/"},"modified":"2025-01-30T06:23:44","modified_gmt":"2025-01-30T09:23:44","slug":"hamas-libero-a-la-rehen-israeli-agam-berger-y-la-entrego-al-comite-internacional-de-la-cruz-roja","status":"publish","type":"post","link":"https:\/\/13.com.ar\/index.php\/hamas-libero-a-la-rehen-israeli-agam-berger-y-la-entrego-al-comite-internacional-de-la-cruz-roja\/","title":{"rendered":"Hamas liber\u00f3 a la reh\u00e9n israel\u00ed Agam Berger y la entreg\u00f3 al Comit\u00e9 Internacional de la Cruz Roja"},"content":{"rendered":"<p> <br \/>\n<br \/><img decoding=\"async\" src=\"https:\/\/13.com.ar\/wp-content\/uploads\/2025\/01\/Hamas-libero-a-la-rehen-israeli-Agam-Berger-y-la.jpg\" \/><\/p>\n<div>\n<p>El grupo islamista Hamas entreg\u00f3 a la soldado israel\u00ed Agam Berger a la Cruz Roja en una ceremonia con escenario y p\u00fablico preparada en una plaza devastada de la localidad de Yabalia, en el norte de la Franja de Gaza, seg\u00fan la retransmisi\u00f3n en directo de la cadena Al Jazeera.<\/p>\n<\/div>\n<div>\n<p>Esta es la primer reh\u00e9n israel\u00ed entregada a la Cruz Roja para su traslado a territorio israel\u00ed de los tres que Hamas tiene previsto liberar este jueves. Los otros dos son la civil Arbel Yehud y el anciano Gadi Moses, que ser\u00e1n entregados previsiblemente en Jan Yunis, en el sur de Gaza.<\/p>\n<\/div>\n<div>\n<p>Como ya ocurri\u00f3 el pasado s\u00e1bado con las cuatro mujeres soldado liberadas en la segunda ronda de intercambio de rehenes por presos, esa vez en Ciudad de Gaza, Hamas ha preparado una ceremonia con p\u00fablico para entregar a esta quinta soldado, ahora en Yabalia.<\/p>\n<\/div>\n<div>\n<p>All\u00ed, en medio de una plaza con edificios devastados por las bombas israel\u00edes y dos grandes banderas palestinas colgadas de los esqueletos de dos de ellos, llegaron primero cuatro todoterrenos de la Cruz Roja.<\/p>\n<\/div>\n<div>\n<p>Luego llegaron a la plaza tres coches blancos sin emblema y dos trabajadores de la Cruz Roja se dirigieron entonces al escenario, donde uno de ellos firm\u00f3 un documento de manos de Hamas.<\/p>\n<\/div>\n<div>\n<p>Junto al escenario se dispusieron en filas milicianos encapuchados y armados de las brigadas de Al Qassam, el brazo armado de Hamas, y un mapa de la Franja de Gaza. A unos metros estaba el p\u00fablico, portando banderas de Hamas y de Palestina.<\/p>\n<\/div>\n<div>\n<p>Dos minutos pasadas las 10.00 hora local (8.00 GMT), la soldado israel\u00ed fue conducida al escenario por los milicianos desde un edificio situado detr\u00e1s del mismo, vestida de verde militar y en aparente buen estado de salud.<\/p>\n<\/div>\n<div>\n<p>La joven de 20 a\u00f1os subi\u00f3 entonces al escenario y salud\u00f3 al p\u00fablico junto a los milicianos, ense\u00f1ando una l\u00e1mina enmarcada con el emblema de la brigadas de Al Qassam.<\/p>\n<\/div>\n<div>\n<p>Estuvo all\u00ed unos pocos minutos y sobre las 10.05 horas subi\u00f3 a un todoterreno de la Cruz Roja, que abandon\u00f3 la plaza junto a los otros tres veh\u00edculos con m\u00fasica de fondo y banderas palestinas y de Hamas.<\/p>\n<\/div>\n<div>\n<p>Seg\u00fan inform\u00f3 el Ej\u00e9rcito israel\u00ed, la reh\u00e9n ya fue transferida a las fuerzas israel\u00edes en la Franja de Gaza, que la conducen a territorio israel\u00ed para una evaluaci\u00f3n m\u00e9dica inicial.<\/p>\n<\/div>\n<p><br \/>\n<br \/><a href=\"https:\/\/www.clarin.com\/mundo\/hamas-libero-rehen-israeli-agam-berger-entrego-comite-internacional-cruz-roja_0_heVvU79AwO.html\">Fuente Clarin.com <\/a><\/p>\n","protected":false},"excerpt":{"rendered":"<p>El grupo islamista Hamas entreg\u00f3 a la soldado israel\u00ed Agam Berger a la Cruz Roja en una ceremonia con escenario y p\u00fablico preparada en una plaza devastada de la localidad de Yabalia, en el norte de la Franja de Gaza, seg\u00fan la retransmisi\u00f3n en directo de la cadena Al Jazeera. Esta es la primer reh\u00e9n [&hellip;]<\/p>\n","protected":false},"author":1,"featured_media":545,"comment_status":"open","ping_status":"open","sticky":false,"template":"","format":"standard","meta":{"footnotes":""},"categories":[2],"tags":[1465,1466,1468,1469,1467,1461,299,1464,1462,1463,1470],"class_list":["post-544","post","type-post","status-publish","format-standard","has-post-thumbnail","hentry","category-ultimas-noticias","tag-agam","tag-berger","tag-comite","tag-cruz","tag-entrego","tag-hamas","tag-internacional","tag-israeli","tag-libero","tag-rehen","tag-roja"],"_links":{"self":[{"href":"https:\/\/13.com.ar\/index.php\/wp-json\/wp\/v2\/posts\/544","targetHints":{"allow":["GET"]}}],"collection":[{"href":"https:\/\/13.com.ar\/index.php\/wp-json\/wp\/v2\/posts"}],"about":[{"href":"https:\/\/13.com.ar\/index.php\/wp-json\/wp\/v2\/types\/post"}],"author":[{"embeddable":true,"href":"https:\/\/13.com.ar\/index.php\/wp-json\/wp\/v2\/users\/1"}],"replies":[{"embeddable":true,"href":"https:\/\/13.com.ar\/index.php\/wp-json\/wp\/v2\/comments?post=544"}],"version-history":[{"count":0,"href":"https:\/\/13.com.ar\/index.php\/wp-json\/wp\/v2\/posts\/544\/revisions"}],"wp:featuredmedia":[{"embeddable":true,"href":"https:\/\/13.com.ar\/index.php\/wp-json\/wp\/v2\/media\/545"}],"wp:attachment":[{"href":"https:\/\/13.com.ar\/index.php\/wp-json\/wp\/v2\/media?parent=544"}],"wp:term":[{"taxonomy":"category","embeddable":true,"href":"https:\/\/13.com.ar\/index.php\/wp-json\/wp\/v2\/categories?post=544"},{"taxonomy":"post_tag","embeddable":true,"href":"https:\/\/13.com.ar\/index.php\/wp-json\/wp\/v2\/tags?post=544"}],"curies":[{"name":"wp","href":"https:\/\/api.w.org\/{rel}","templated":true}]}}