{"id":542,"date":"2025-01-30T06:20:28","date_gmt":"2025-01-30T09:20:28","guid":{"rendered":"https:\/\/13.com.ar\/index.php\/victor-galindez-un-personaje-singular\/"},"modified":"2025-01-30T06:20:28","modified_gmt":"2025-01-30T09:20:28","slug":"victor-galindez-un-personaje-singular","status":"publish","type":"post","link":"https:\/\/13.com.ar\/index.php\/victor-galindez-un-personaje-singular\/","title":{"rendered":"V\u00edctor Gal\u00edndez, un personaje singular"},"content":{"rendered":"<p> <br \/>\n<br \/><img decoding=\"async\" src=\"https:\/\/13.com.ar\/wp-content\/uploads\/2025\/01\/Victor-Galindez-un-personaje-singular.jpg\" \/><\/p>\n<div>\n<p>En mi \u201ceterna\u201d trayectoria por este oficio incomparable llamado periodismo, como dijo alguna vez Gabriel Garc\u00eda M\u00e1rquez (con perd\u00f3n por la cita irreverente), \u201cel mejor del mundo\u201d, transit\u00e9 relaciones con personajes de las m\u00e1s variadas caracter\u00edsticas. Especialmente en los tiempos de la \u201cgr\u00e1fica\u201d, la verdadera ra\u00edz de esta profesi\u00f3n. Y en mi condici\u00f3n de enviado especial de <strong>Clar\u00edn<\/strong>, por el mundo entero, especialmente. La historia con uno de ellos, V\u00edctor Emilio Gal\u00edndez, boxeador,<strong> guapo, atrevido, desfachatado, <\/strong>poco afecto a los entrenamientos, comenz\u00f3 en Buenos Aires, claro.<\/p>\n<\/div>\n<div>\n<p>Cuando llegaba a los entrenamientos en el Luna Park con su Fiat 600 tapizado con \u201cpiel de tigre\u201d y escape libre. <strong>Era un loco por los autos, por las motos, por las gaseosas y por las ostentaciones.<\/strong><\/p>\n<\/div>\n<div>\n<p>Le cost\u00f3 ganarse la confianza de Tito Lectoure, el mandam\u00e1s del m\u00edtico estadio de la calle Bouchard. Porque \u00e9ste era un tipo serio, parco, exigente&#8230;<\/p>\n<\/div>\n<div>\n<p>Sin embargo, le termin\u00f3 tomando cari\u00f1o, por los espect\u00e1culos que provocaba arriba del ring en la categor\u00eda de los medio pesados, <strong>a pura guapeza<\/strong>. Y hasta consigui\u00f3 algo in\u00e9dito hasta entonces: que disputara un t\u00edtulo mundial vacante (de la AMB) en el mism\u00edsimo Luna Park. El rival era un estadounidense, Len Hutchins.<\/p>\n<\/div>\n<div>\n<p>Gal\u00edndez hab\u00eda tenido un accidente de motos unos d\u00edas antes que le da\u00f1\u00f3 seriamente un tobillo y la pelea iba a suspenderse. El propio Tito -a su pesar- lo hab\u00eda pedido.<\/p>\n<\/div>\n<div>\n<p>Pero fueron tantos los ruegos del boxeador que se realiz\u00f3.<strong> Y gan\u00f3 por nocaut t\u00e9cnico <\/strong>(abandono) en el asalto 13, -en ese tiempo eran a 15- despu\u00e9s de haberle propinado una paliza. Esto fue hace 50 a\u00f1os, el 7 de diciembre de 1974. Y ah\u00ed comenz\u00f3 su gran historia.<\/p>\n<\/div>\n<div>\n<p>No es este el lugar para contarla. S\u00f3lo dos an\u00e9cdotas. <strong>No fumaba ni tomaba alcohol. Pero era tan voraz que dar el peso de la categor\u00eda parec\u00eda un suplicio.<\/strong><\/p>\n<\/div>\n<div>\n<p>En 1978, la noche anterior a la revancha con Mike Rossman en Nueva Orleans, su t\u00e9cnico Rodr\u00edguez <strong>durmi\u00f3 sentado en una silla frente a la puerta del ba\u00f1o para que no entrara a tomar agua.<\/strong><\/p>\n<\/div>\n<div>\n<p>Otra vez, en Roma -enfrentaba al mexicano Yaqui Lopez, en 1977, <strong>lleg\u00f3 con 8 kilos de exceso. <\/strong>Un d\u00eda antes sali\u00f3 a escondidas con su PF Carlos Ca\u00f1ete, a las 11 de la noche, para correr y tratar de bajar un par de kilos. Pero par\u00f3 en una estaci\u00f3n de Servicio y <strong>se tom\u00f3 un litro de agua de una manguera&#8230;<\/strong><\/p>\n<\/div>\n<div>\n<p>Antes del pesaje estuvo una hora junto a la caldera del hotel. Claro, tambi\u00e9n gan\u00f3 esta pelea.<\/p>\n<\/div>\n<div>\n<p>Tuvo 21 autos y 3 motos y gan\u00f3 m\u00e1s de 1.600.000 d\u00f3lares (de esa \u00e9poca).<\/p>\n<\/div>\n<div>\n<p>Por una lesi\u00f3n en las retinas dej\u00f3 el boxeo a los 31 a\u00f1os.<\/p>\n<\/div>\n<div>\n<p>Quiso ser piloto de Turismo Carretera. En su primer intento, como acompa\u00f1ante de Antonio Lizeviche, en 25 de Mayo, tras abandonar <strong>fueron arrollados ambos por el auto de Marcial Feijoo.<\/strong><\/p>\n<\/div>\n<div>\n<p>El 16 de noviembre de 1980, una semana antes de cumplir los 32.<\/p>\n<\/div>\n<p><br \/>\n<br \/><a href=\"https:\/\/www.clarin.com\/opinion\/victor-galindez-personaje-singular_0_PLwyTBQfyO.html\">Fuente Clarin.com <\/a><\/p>\n","protected":false},"excerpt":{"rendered":"<p>En mi \u201ceterna\u201d trayectoria por este oficio incomparable llamado periodismo, como dijo alguna vez Gabriel Garc\u00eda M\u00e1rquez (con perd\u00f3n por la cita irreverente), \u201cel mejor del mundo\u201d, transit\u00e9 relaciones con personajes de las m\u00e1s variadas caracter\u00edsticas. Especialmente en los tiempos de la \u201cgr\u00e1fica\u201d, la verdadera ra\u00edz de esta profesi\u00f3n. Y en mi condici\u00f3n de enviado [&hellip;]<\/p>\n","protected":false},"author":1,"featured_media":543,"comment_status":"open","ping_status":"open","sticky":false,"template":"","format":"standard","meta":{"footnotes":""},"categories":[2],"tags":[1458,1459,1460,1457],"class_list":["post-542","post","type-post","status-publish","format-standard","has-post-thumbnail","hentry","category-ultimas-noticias","tag-galindez","tag-personaje","tag-singular","tag-victor"],"_links":{"self":[{"href":"https:\/\/13.com.ar\/index.php\/wp-json\/wp\/v2\/posts\/542","targetHints":{"allow":["GET"]}}],"collection":[{"href":"https:\/\/13.com.ar\/index.php\/wp-json\/wp\/v2\/posts"}],"about":[{"href":"https:\/\/13.com.ar\/index.php\/wp-json\/wp\/v2\/types\/post"}],"author":[{"embeddable":true,"href":"https:\/\/13.com.ar\/index.php\/wp-json\/wp\/v2\/users\/1"}],"replies":[{"embeddable":true,"href":"https:\/\/13.com.ar\/index.php\/wp-json\/wp\/v2\/comments?post=542"}],"version-history":[{"count":0,"href":"https:\/\/13.com.ar\/index.php\/wp-json\/wp\/v2\/posts\/542\/revisions"}],"wp:featuredmedia":[{"embeddable":true,"href":"https:\/\/13.com.ar\/index.php\/wp-json\/wp\/v2\/media\/543"}],"wp:attachment":[{"href":"https:\/\/13.com.ar\/index.php\/wp-json\/wp\/v2\/media?parent=542"}],"wp:term":[{"taxonomy":"category","embeddable":true,"href":"https:\/\/13.com.ar\/index.php\/wp-json\/wp\/v2\/categories?post=542"},{"taxonomy":"post_tag","embeddable":true,"href":"https:\/\/13.com.ar\/index.php\/wp-json\/wp\/v2\/tags?post=542"}],"curies":[{"name":"wp","href":"https:\/\/api.w.org\/{rel}","templated":true}]}}