{"id":538,"date":"2025-01-30T05:22:10","date_gmt":"2025-01-30T08:22:10","guid":{"rendered":"https:\/\/13.com.ar\/index.php\/se-conocieron-los-audios-de-la-torre-de-control-en-el-momento-del-choque-entre-un-avion-comercial-y-helicoptero-militar-en-washington\/"},"modified":"2025-01-30T05:22:10","modified_gmt":"2025-01-30T08:22:10","slug":"se-conocieron-los-audios-de-la-torre-de-control-en-el-momento-del-choque-entre-un-avion-comercial-y-helicoptero-militar-en-washington","status":"publish","type":"post","link":"https:\/\/13.com.ar\/index.php\/se-conocieron-los-audios-de-la-torre-de-control-en-el-momento-del-choque-entre-un-avion-comercial-y-helicoptero-militar-en-washington\/","title":{"rendered":"Se conocieron los audios de la torre de control en el momento del choque entre un avi\u00f3n comercial y helic\u00f3ptero militar en Washington"},"content":{"rendered":"<p> <br \/>\n<br \/><img decoding=\"async\" src=\"https:\/\/13.com.ar\/wp-content\/uploads\/2025\/01\/Se-conocieron-los-audios-de-la-torre-de-control-en.jpg\" \/><\/p>\n<div id=\"cuerpo\">\n<div class=\"sc-80531b6b-0 chRIGJ container-text text-embed\">\n<p>Mientras contin\u00faan las tareas de b\u00fasqueda y rescate en las g\u00e9lidas aguas del r\u00edo Potomac, se conocieron en la madrugada de este jueves los audios de la torre de control en los momentos previos y posteriores al <strong>choque en el aire<\/strong> entre un avi\u00f3n comercial con 76 personas a bordo y un helic\u00f3ptero militar cerca del aeropuerto Ronald Reagan de <strong>Washington<\/strong>.<\/p>\n<\/div>\n<div class=\"sc-80531b6b-0 chRIGJ container-text text-embed\">\n<p>\u201cComando de Bomberos. El accidente sucedi\u00f3 en el r\u00edo. <strong>Tanto el helic\u00f3ptero como el avi\u00f3n cayeron al r\u00edo<\/strong>. Est\u00e1 al este, cerca del final de la pista 33\u201d, precis\u00f3 una mujer por radio.<\/p>\n<\/div>\n<div class=\"sc-80531b6b-0 chRIGJ container-text text-embed\">\n<p>Una voz masculina le respondi\u00f3: \u201c\u00bfEst\u00e1 el tr\u00e1fico a\u00e9reo cerrado?\u201d. \u201cS\u00ed, el tr\u00e1fico a\u00e9reo est\u00e1 cerrado\u201d, remarc\u00f3 la dama.<\/p>\n<\/div>\n<div class=\"sc-80531b6b-0 chRIGJ container-text text-embed\">\n<p>El hombre insisti\u00f3: \u201c\u00bfAl igual que las pistas?\u201d. \u201cS\u00ed, todas las pistas han cerrado, nadie puede aterrizar, nadie se est\u00e1 moviendo en este instante\u201d, devolvi\u00f3 la mujer para describir el estado de situaci\u00f3n de la terminal a\u00e9rea situada en Virginia que fue cerrada luego del impacto entre las dos aeronaves, este mi\u00e9rcoles por la noche.<\/p>\n<\/div>\n<div class=\"sc-ad4aedf2-0 dPPgNJ border-video video-embed horizontal border-video video-embed horizontal\">\n<div class=\"sc-ad4aedf2-1 hnFuni videoText videoText\">\n<h2>Video<\/h2>\n<div>\n<p>Un avi\u00f3n comercial choc\u00f3 contra un helic\u00f3ptero y se estrell\u00f3 cerca del aeropuerto Ronald Reagan de Washington<\/p>\n<\/div>\n<\/div>\n<\/div>\n<div class=\"sc-80531b6b-0 chRIGJ container-text text-embed\">\n<p>\u201cProbablemente est\u00e1 a la mitad del r\u00edo. <strong>Solo vi una bola de fuego y despu\u00e9s desapareci\u00f3<\/strong>, as\u00ed que no he visto nada que haya pegado en el r\u00edo\u201d, precis\u00f3 luego.<\/p>\n<\/div>\n<div class=\"sc-80531b6b-0 chRIGJ container-text text-embed\">\n<p>Y complet\u00f3: \u201cPero fue un CRJ y un helic\u00f3ptero que chocaron. Podr\u00eda ser que a media milla de la aproximaci\u00f3n del final de la 33\u201d.<\/p>\n<\/div>\n<p><h2>El aviso de los controladores y el momento de la colisi\u00f3n<\/h2>\n<\/p>\n<div class=\"sc-80531b6b-0 chRIGJ container-text text-embed\">\n<p>Seg\u00fan un audio que obtuvo <em>CNN <\/em>de un sitio especializado en comunicaciones de aviaci\u00f3n, cuyo contenido reprodujo en su web, los operadores de control a\u00e9reo <strong>preguntaron a los tripulantes del helic\u00f3ptero si hab\u00edan visto al jet regional<\/strong> Bombardier CRJ700 operado por PSA Airlines (una filial de American Airlines)<\/p>\n<\/div>\n<div class=\"sc-80531b6b-0 chRIGJ container-text text-embed\">\n<p>\u201cPAT 2-5, \u00bftienes al CRJ a la vista?\u201d, le preguntan a la aeronave militar. Luego, insisten: \u201cPAT 2-5, pasa detr\u00e1s del CRJ\u201d.<\/p>\n<\/div>\n<div class=\"sc-80531b6b-0 chRIGJ container-text text-embed\">\n<p>&#8220;Pat-25 tiene el avi\u00f3n a la vista, solicita separaci\u00f3n visual&#8221;, devuelve, seg\u00fan esa misma fuente, el piloto del helic\u00f3ptero. Posteriormente se oye un \u201cohh\u201d, que podr\u00eda ser en el momento del choque, y m\u00e1s tarde desde la torre alertan a otro avi\u00f3n sobre el incidente.<\/p>\n<\/div>\n<div class=\"sc-ad4aedf2-0 dPPgNJ border-video video-embed horizontal border-video video-embed horizontal\">\n<div class=\"sc-ad4aedf2-1 hnFuni videoText videoText\">\n<h2>Video<\/h2>\n<div>\n<p>El accidente ocurri\u00f3 en el Aeropuerto Nacional Reagan, cerca de Washington DC.<\/p>\n<\/div>\n<\/div>\n<\/div>\n<div class=\"sc-80531b6b-0 chRIGJ container-text text-embed\">\n<p>\u201cNo s\u00e9 si captaste antes lo que pas\u00f3, pero hubo una colisi\u00f3n en el extremo de aproximaci\u00f3n de la 3-3. Vamos a cerrar las operaciones por tiempo indefinido si quieres regresar a la puerta. Te sugiero que coordines con la empresa. Av\u00edsame qu\u00e9 deseas hacer\u201d, indica en controlador, en referencia a la pista 33 del aeropuerto Ronald Reagan.<\/p>\n<\/div>\n<div class=\"sc-80531b6b-0 chRIGJ container-text text-embed\">\n<p>\u201cS\u00ed, est\u00e1bamos en final corto, y vimos destellos del otro lado del Potomac\u201d, apunt\u00f3 otro piloto.<\/p>\n<\/div>\n<div class=\"sc-80531b6b-0 chRIGJ container-text text-embed\">\n<p>Por \u00faltimo, otro operador de la torre se\u00f1al\u00f3: \u201cAparentemente ambos aviones involucrados est\u00e1n en el r\u00edo, una operaci\u00f3n de b\u00fasqueda y rescate est\u00e1 en curso\u201d.<\/p>\n<\/div>\n<\/div>\n<p><br \/>\n<br \/><a href=\"https:\/\/www.clarin.com\/mundo\/conocieron-audios-torre-control-momento-choque-avion-comercial-helicoptero-militar-washington_0_miLCfjyK3q.html\">Fuente Clarin.com <\/a><\/p>\n","protected":false},"excerpt":{"rendered":"<p>Mientras contin\u00faan las tareas de b\u00fasqueda y rescate en las g\u00e9lidas aguas del r\u00edo Potomac, se conocieron en la madrugada de este jueves los audios de la torre de control en los momentos previos y posteriores al choque en el aire entre un avi\u00f3n comercial con 76 personas a bordo y un helic\u00f3ptero militar cerca [&hellip;]<\/p>\n","protected":false},"author":1,"featured_media":539,"comment_status":"open","ping_status":"open","sticky":false,"template":"","format":"standard","meta":{"footnotes":""},"categories":[2],"tags":[1452,1418,428,1419,995,645,100,351,1420,28,1183,1454,1453,1424],"class_list":["post-538","post","type-post","status-publish","format-standard","has-post-thumbnail","hentry","category-ultimas-noticias","tag-audios","tag-avion","tag-choque","tag-comercial","tag-conocieron","tag-control","tag-del","tag-entre","tag-helicoptero","tag-los","tag-militar","tag-momento","tag-torre","tag-washington"],"_links":{"self":[{"href":"https:\/\/13.com.ar\/index.php\/wp-json\/wp\/v2\/posts\/538","targetHints":{"allow":["GET"]}}],"collection":[{"href":"https:\/\/13.com.ar\/index.php\/wp-json\/wp\/v2\/posts"}],"about":[{"href":"https:\/\/13.com.ar\/index.php\/wp-json\/wp\/v2\/types\/post"}],"author":[{"embeddable":true,"href":"https:\/\/13.com.ar\/index.php\/wp-json\/wp\/v2\/users\/1"}],"replies":[{"embeddable":true,"href":"https:\/\/13.com.ar\/index.php\/wp-json\/wp\/v2\/comments?post=538"}],"version-history":[{"count":0,"href":"https:\/\/13.com.ar\/index.php\/wp-json\/wp\/v2\/posts\/538\/revisions"}],"wp:featuredmedia":[{"embeddable":true,"href":"https:\/\/13.com.ar\/index.php\/wp-json\/wp\/v2\/media\/539"}],"wp:attachment":[{"href":"https:\/\/13.com.ar\/index.php\/wp-json\/wp\/v2\/media?parent=538"}],"wp:term":[{"taxonomy":"category","embeddable":true,"href":"https:\/\/13.com.ar\/index.php\/wp-json\/wp\/v2\/categories?post=538"},{"taxonomy":"post_tag","embeddable":true,"href":"https:\/\/13.com.ar\/index.php\/wp-json\/wp\/v2\/tags?post=538"}],"curies":[{"name":"wp","href":"https:\/\/api.w.org\/{rel}","templated":true}]}}