{"id":536,"date":"2025-01-30T05:19:26","date_gmt":"2025-01-30T08:19:26","guid":{"rendered":"https:\/\/13.com.ar\/index.php\/la-estremecedora-historia-del-asesino-en-serie-que-aterrorizo-argentina-en-los-anos-70\/"},"modified":"2025-01-30T05:19:26","modified_gmt":"2025-01-30T08:19:26","slug":"la-estremecedora-historia-del-asesino-en-serie-que-aterrorizo-argentina-en-los-anos-70","status":"publish","type":"post","link":"https:\/\/13.com.ar\/index.php\/la-estremecedora-historia-del-asesino-en-serie-que-aterrorizo-argentina-en-los-anos-70\/","title":{"rendered":"la estremecedora historia del asesino en serie que aterroriz\u00f3 Argentina en los a\u00f1os 70"},"content":{"rendered":"<p> <br \/>\n<\/p>\n<div id=\"cuerpo\">\n<div class=\"sc-80531b6b-0 chRIGJ container-text text-embed\">\n<p>A mediados de la d\u00e9cada de 1970, la zona norte de Buenos Aires fue <strong>escenario de una serie de cr\u00edmenes <\/strong>que causaron conmoci\u00f3n y terror en toda la sociedad.<\/p>\n<\/div>\n<div class=\"sc-80531b6b-0 chRIGJ container-text text-embed\">\n<p>Conocido como <strong>&#8220;El s\u00e1tiro de San Isidro&#8221;<\/strong>, <strong>Francisco Laureana<\/strong> se convirti\u00f3 en <strong>uno de los criminales m\u00e1s feroces del pa\u00eds<\/strong> al asesinar a varias mujeres y ni\u00f1as en solo seis meses.<\/p>\n<\/div>\n<div class=\"sc-80531b6b-0 chRIGJ container-text text-embed\">\n<p>Sus brutales cr\u00edmenes eran perpetrados con un patr\u00f3n recurrente y<strong> su historia sigue siendo una de las m\u00e1s perturbadoras <\/strong>en el \u00e1mbito criminal.<\/p>\n<\/div>\n<div class=\"sc-80531b6b-0 chRIGJ container-text text-embed\">\n<p>El caso de <strong>&#8220;El s\u00e1tiro de San Isidro&#8221;<\/strong> es recordado como uno de los m\u00e1s impactantes registros de la criminalidad en Argentina, dejando una huella imborrable en la historia del crimen.<\/p>\n<\/div>\n<p><h2>Francisco Laureana: la estremecedora historia del asesino en serie que aterroriz\u00f3 Argentina en los a\u00f1os 70<\/h2>\n<\/p>\n<div class=\"sc-80531b6b-0 chRIGJ container-text text-embed\">\n<p>Francisco Laureana naci\u00f3 en Corrientes en 1952 y, tras ser acusado de haber violado y matado a <strong>una monja en su ciudad<\/strong>, huy\u00f3 a Buenos Aires en busca de anonimato.<\/p>\n<\/div>\n<div class=\"sc-80531b6b-0 chRIGJ container-text text-embed\">\n<p>En San Isidro, conoci\u00f3 a Mar\u00eda Romero, con quien form\u00f3 una familia y tuvo tres hijos. Pero su vida privada contrastaba con la oscura actividad criminal que llevaba en secreto.<\/p>\n<\/div>\n<div class=\"sc-80531b6b-0 chRIGJ container-text text-embed\">\n<p>Mientras este joven artesano de poco m\u00e1s de 20 a\u00f1os continuaba con su vida familiar, en las calles de San Isidro se suced\u00edan <strong>una serie de asesinatos sin que la polic\u00eda lograra identificar al responsable<\/strong>.<\/p>\n<\/div>\n<div class=\"sc-198be8ec-0 cynXbu image-embed  image-embed \"><picture class=\"sc-198be8ec-1 kOjRiQ\"><source media=\"(min-width: 975px)\" width=\"720\" height=\"480\" \/><img alt=\"Laureana comenz\u00f3 a cometer sus cr\u00edmenes con una regularidad inquietante: los mi\u00e9rcoles y jueves.\" loading=\"lazy\" width=\"720\" height=\"480\" decoding=\"async\" data-nimg=\"1\" style=\"color:transparent\" src=\"https:\/\/13.com.ar\/wp-content\/uploads\/2025\/01\/la-estremecedora-historia-del-asesino-en-serie-que-aterrorizo-Argentina.jpg\"\/><span class=\"epigraphe\">Laureana comenz\u00f3 a cometer sus cr\u00edmenes con una regularidad inquietante: los mi\u00e9rcoles y jueves.<\/span><span class=\"bkg\"\/><span class=\"picture-open\"><button class=\"open-image\" aria-label=\"Open Image\"\/><\/span><\/picture><\/div>\n<div class=\"sc-80531b6b-0 chRIGJ container-text text-embed\">\n<p>Romero confiaba por completo en la inocencia de su esposo, a punto tal de no asociarlo jam\u00e1s con el identikit que las autoridades hab\u00edan hecho colocar en cada esquina del barrio.<\/p>\n<\/div>\n<div class=\"sc-80531b6b-0 chRIGJ container-text text-embed\">\n<p>A mediados de 1974, Laureana comenz\u00f3 a cometer sus cr\u00edmenes con una regularidad inquietante: los mi\u00e9rcoles y jueves.<strong> Seleccionaba a sus v\u00edctimas, generalmente mujeres j\u00f3venes o ni\u00f1as, en horarios espec\u00edficos<\/strong>.<\/p>\n<\/div>\n<div class=\"sc-80531b6b-0 chRIGJ container-text text-embed\">\n<p>Se desplazaba en su Fiat 600 por las calles de San Isidro, donde las encontraba en <strong>situaciones cotidianas<\/strong>, como esperar el colectivo, tomar sol o jugar al aire libre.<\/p>\n<\/div>\n<div class=\"sc-198be8ec-0 cynXbu image-embed  image-embed \"><picture class=\"sc-198be8ec-1 kOjRiQ\"><source media=\"(min-width: 975px)\" width=\"720\" height=\"480\" \/><img alt=\"Una ni\u00f1a de ocho a\u00f1os lo reconoci\u00f3 al encontrar su rostro parecido al del identikit. Fue su fin.\" loading=\"lazy\" width=\"720\" height=\"480\" decoding=\"async\" data-nimg=\"1\" style=\"color:transparent\" src=\"https:\/\/13.com.ar\/wp-content\/uploads\/2025\/01\/1738225166_358_la-estremecedora-historia-del-asesino-en-serie-que-aterrorizo-Argentina.jpg\"\/><span class=\"epigraphe\">Una ni\u00f1a de ocho a\u00f1os lo reconoci\u00f3 al encontrar su rostro parecido al del identikit. Fue su fin.<\/span><span class=\"bkg\"\/><span class=\"picture-open\"><button class=\"open-image\" aria-label=\"Open Image\"\/><\/span><\/picture><\/div>\n<div class=\"sc-80531b6b-0 chRIGJ container-text text-embed\">\n<p><strong>Los cuerpos de las mujeres y ni\u00f1as fueron encontrados en distintos terrenos bald\u00edos <\/strong>de la zona, con signos de haber sido<strong> abusadas y estranguladas<\/strong>, o asesinadas con un rev\u00f3lver calibre 32. Al igual que otros asesinos en serie, Laureana se llevaba alg\u00fan objeto de sus v\u00edctimas y, luego se supo, volv\u00eda al lugar del crimen d\u00edas m\u00e1s tarde.<\/p>\n<\/div>\n<div class=\"sc-80531b6b-0 chRIGJ container-text text-embed\">\n<p>La alarma y el temor <strong>entre los vecinos<\/strong> no tardaron en encenderse. Sin embargo, el asesino lograba eludir su captura y mantenerse en el anonimato.<\/p>\n<\/div>\n<div class=\"sc-80531b6b-0 chRIGJ container-text text-embed\">\n<p>La pesadilla de <strong>\u201cEl s\u00e1tiro de San Isidro\u201d termin\u00f3 el 27 de febrero de 1975<\/strong>, cuando una ni\u00f1a de ocho a\u00f1os lo reconoci\u00f3 al encontrar su rostro parecido al del identikit que su madre ten\u00eda en su casa. Pero el grito de terror que peg\u00f3 la mujer alert\u00f3 a Laureana de que hab\u00eda sido descubierto.<\/p>\n<\/div>\n<div class=\"sc-198be8ec-0 cynXbu image-embed  image-embed \"><picture class=\"sc-198be8ec-1 kOjRiQ\"><source media=\"(min-width: 975px)\" width=\"720\" height=\"480\" \/><img alt=\"Al igual que otros asesinos seriales, Laureana se llevaba alg\u00fan objeto de sus v\u00edctimas y d\u00edas m\u00e1s tarde volv\u00eda al lugar del crimen. \" loading=\"lazy\" width=\"720\" height=\"480\" decoding=\"async\" data-nimg=\"1\" style=\"color:transparent\" src=\"https:\/\/13.com.ar\/wp-content\/uploads\/2025\/01\/1738225166_535_la-estremecedora-historia-del-asesino-en-serie-que-aterrorizo-Argentina.jpg\"\/><span class=\"epigraphe\">Al igual que otros asesinos seriales, Laureana se llevaba alg\u00fan objeto de sus v\u00edctimas y d\u00edas m\u00e1s tarde volv\u00eda al lugar del crimen. <\/span><span class=\"bkg\"\/><span class=\"picture-open\"><button class=\"open-image\" aria-label=\"Open Image\"\/><\/span><\/picture><\/div>\n<div class=\"sc-80531b6b-0 chRIGJ container-text text-embed\">\n<p>Aunque el asesino intent\u00f3 escapar, fue interceptado por la polic\u00eda a las pocas cuadras y tras un tiroteo result\u00f3 abatido. Su reinado de terror llegaba a su fin. <strong>A Laureana se le atribuyeron 15 homicidios<\/strong>, aunque algunos investigadores sostienen que el n\u00famero real podr\u00eda haber sido mayor.<\/p>\n<\/div>\n<div class=\"sc-80531b6b-0 chRIGJ container-text text-embed\">\n<p>El caso de<strong> \u201cEl s\u00e1tiro de San Isidro\u201d<\/strong> gener\u00f3 un gran impacto en la sociedad argentina de la \u00e9poca, no solo por la crueldad de sus cr\u00edmenes, sino por la manera en que logr\u00f3 ocultar su verdadera identidad durante tanto tiempo.<\/p>\n<\/div>\n<div class=\"sc-4306f4f9-0 bAPCpp\">\n<div class=\"inner-card-m\">\n<div class=\"related-content\">\n<p><span class=\"body-title\">Mir\u00e1 tambi\u00e9n<\/span><\/p>\n<h3>Tiene 14 a\u00f1os y mat\u00f3 a un chico de 18: ya est\u00e1 libre pero piden &#8220;que pague por lo que hizo&#8221;<\/h3>\n<source media=\"(min-width: 975px)\" width=\"340\" height=\"340\" \/><img alt=\"Tiene 14 a\u00f1os y mat\u00f3 a un chico de 18: ya est\u00e1 libre pero piden &quot;que pague por lo que hizo&quot;\" loading=\"lazy\" width=\"340\" height=\"340\" decoding=\"async\" data-nimg=\"1\" style=\"color:transparent\" src=\"https:\/\/13.com.ar\/wp-content\/uploads\/2025\/01\/1738225166_599_la-estremecedora-historia-del-asesino-en-serie-que-aterrorizo-Argentina.jpg\"\/><\/div>\n<\/div>\n<\/div>\n<div class=\"sc-80531b6b-0 chRIGJ container-text text-embed\">\n<p>La diferencia entre su vida familiar aparentemente normal y las actividades criminales que llevaba a cabo <strong>refleja lo oscuro <\/strong>y complejo que puede ser el comportamiento humano.<\/p>\n<\/div>\n<div class=\"sc-80531b6b-0 chRIGJ container-text text-embed\">\n<p>Los habitantes de la zona vivieron en constante alerta y desconcierto, sin saber que el responsable de<strong> los asesinatos estaba tan cerca,<\/strong> camuflado en su entorno cotidiano.<\/p>\n<\/div>\n<\/div>\n<p><br \/>\n<br \/><a href=\"https:\/\/www.clarin.com\/informacion-general\/francisco-laureana-estremecedora-historia-asesino-serie-aterrorizo-argentina-anos-70_0_pjDJhJljvp.html\">Fuente Clarin.com <\/a><\/p>\n","protected":false},"excerpt":{"rendered":"<p>A mediados de la d\u00e9cada de 1970, la zona norte de Buenos Aires fue escenario de una serie de cr\u00edmenes que causaron conmoci\u00f3n y terror en toda la sociedad. Conocido como &#8220;El s\u00e1tiro de San Isidro&#8221;, Francisco Laureana se convirti\u00f3 en uno de los criminales m\u00e1s feroces del pa\u00eds al asesinar a varias mujeres y [&hellip;]<\/p>\n","protected":false},"author":1,"featured_media":537,"comment_status":"open","ping_status":"open","sticky":false,"template":"","format":"standard","meta":{"footnotes":""},"categories":[2],"tags":[636,288,1450,1451,100,1449,1329,28,1036],"class_list":["post-536","post","type-post","status-publish","format-standard","has-post-thumbnail","hentry","category-ultimas-noticias","tag-anos","tag-argentina","tag-asesino","tag-aterrorizo","tag-del","tag-estremecedora","tag-historia","tag-los","tag-serie"],"_links":{"self":[{"href":"https:\/\/13.com.ar\/index.php\/wp-json\/wp\/v2\/posts\/536","targetHints":{"allow":["GET"]}}],"collection":[{"href":"https:\/\/13.com.ar\/index.php\/wp-json\/wp\/v2\/posts"}],"about":[{"href":"https:\/\/13.com.ar\/index.php\/wp-json\/wp\/v2\/types\/post"}],"author":[{"embeddable":true,"href":"https:\/\/13.com.ar\/index.php\/wp-json\/wp\/v2\/users\/1"}],"replies":[{"embeddable":true,"href":"https:\/\/13.com.ar\/index.php\/wp-json\/wp\/v2\/comments?post=536"}],"version-history":[{"count":0,"href":"https:\/\/13.com.ar\/index.php\/wp-json\/wp\/v2\/posts\/536\/revisions"}],"wp:featuredmedia":[{"embeddable":true,"href":"https:\/\/13.com.ar\/index.php\/wp-json\/wp\/v2\/media\/537"}],"wp:attachment":[{"href":"https:\/\/13.com.ar\/index.php\/wp-json\/wp\/v2\/media?parent=536"}],"wp:term":[{"taxonomy":"category","embeddable":true,"href":"https:\/\/13.com.ar\/index.php\/wp-json\/wp\/v2\/categories?post=536"},{"taxonomy":"post_tag","embeddable":true,"href":"https:\/\/13.com.ar\/index.php\/wp-json\/wp\/v2\/tags?post=536"}],"curies":[{"name":"wp","href":"https:\/\/api.w.org\/{rel}","templated":true}]}}