{"id":532,"date":"2025-01-30T04:34:08","date_gmt":"2025-01-30T07:34:08","guid":{"rendered":"https:\/\/13.com.ar\/index.php\/argentina-visita-a-noruega-para-enfrentar-al-frio-y-al-temible-casper-ruud-en-el-debut-de-frana-como-capitan-y-la-ilusion-renovada\/"},"modified":"2025-01-30T04:34:08","modified_gmt":"2025-01-30T07:34:08","slug":"argentina-visita-a-noruega-para-enfrentar-al-frio-y-al-temible-casper-ruud-en-el-debut-de-frana-como-capitan-y-la-ilusion-renovada","status":"publish","type":"post","link":"https:\/\/13.com.ar\/index.php\/argentina-visita-a-noruega-para-enfrentar-al-frio-y-al-temible-casper-ruud-en-el-debut-de-frana-como-capitan-y-la-ilusion-renovada\/","title":{"rendered":"Argentina visita a Noruega para enfrentar al fr\u00edo y al temible Casper Ruud, en el debut de Frana como capit\u00e1n y la ilusi\u00f3n renovada"},"content":{"rendered":"<p> <br \/>\n<\/p>\n<div id=\"cuerpo\">\n<div class=\"sc-80531b6b-0 chRIGJ container-text text-embed\">\n<p>En la helada Oslo, que espera para los pr\u00f3ximos d\u00edas temperaturas entre -8 y 0 grados y cielos nublados, <strong>Argentina <\/strong>buscar\u00e1 su primera victoria en la <strong>Copa Davis 2025<\/strong>. El seleccionado nacional chocar\u00e1 con Noruega en una serie de primera ronda de los <strong><em>Qualifiers<\/em><\/strong>, que no ser\u00e1 una prueba f\u00e1cil para el debut de <strong>Javier Frana<\/strong> como capit\u00e1n. Porque si bien los<strong><em> &#8220;Halcones&#8221;<\/em><\/strong> -apodo con el que el equipo albiceleste se auto-bautiz\u00f3 el a\u00f1o pasado- parten con cierto favoritismo en los papeles por el ranking de sus jugadores, la balanza se inclina un poco a favor de los locales por las condiciones de juego y por la presencia de <strong>Casper Ruud<\/strong>, n\u00famero cinco del mundo.<\/p>\n<\/div>\n<div class=\"sc-80531b6b-0 chRIGJ container-text text-embed\">\n<p>Argentina no tendr\u00e1 en esta ocasi\u00f3n a sus mejores singlistas. <strong>Sebasti\u00e1n B\u00e1ez<\/strong>, 31\u00b0, estaba disponible, pero el nuevo capit\u00e1n eligi\u00f3 darle un tiempo para &#8220;estar enfocado en la parte f\u00edsica&#8221; y no obligarlo a un sobreesfuerzo que lo perjudicara. Y <strong>Francisco Cer\u00fandolo<\/strong>, 29\u00b0 y quiz\u00e1s el argentino que m\u00e1s c\u00f3modo se siente en la superficie que albergar\u00e1 el duelo con los noruegos, hab\u00eda aceptado la convocatoria, pero se baj\u00f3 a \u00faltimo momento por una lesi\u00f3n en el tal\u00f3n de Aquiles. <strong>Tom\u00e1s Etcheverry<\/strong> asumi\u00f3 entonces el papel de primer jugador del equipo y ser\u00e1 justamente el encargado de abrir la acci\u00f3n en el <strong><em>Fjellhamar Arena<\/em><\/strong>, un estadio para 2 mil espectadores inaugurado en 2003 y casa del equipo de handball de la ciudad.<\/p>\n<\/div>\n<div class=\"sc-80531b6b-0 chRIGJ container-text text-embed\">\n<p>El platense, 42\u00b0 del mundo, chocar\u00e1 en el primer singles -desde las 14 de Argentina y por <em>TyC Sports<\/em>&#8211; con <strong>Nicolai Budkov Kjaer<\/strong>, un talentoso diestro de 18 a\u00f1os que est\u00e1 506\u00b0 en el ranking y que el a\u00f1o pasado lleg\u00f3 al n\u00famero 1 del mundo junior y grit\u00f3 campe\u00f3n en <strong>Wimbledon <\/strong>en esa misma categor\u00eda. A continuaci\u00f3n, <strong>Mariano Navone<\/strong>, 49\u00b0, tendr\u00e1 su debut absoluto en esta competencia ante Ruud, en el segundo duelo individual.<\/p>\n<\/div>\n<div class=\"sc-80531b6b-0 chRIGJ container-text text-embed\">\n<p>&#8220;Es diferente ser el n\u00famero 1 del equipo, la presi\u00f3n es mayor, pero al a\u00f1o pasado jugu\u00e9 todo el a\u00f1o la Davis, as\u00ed que me siento preparado para ese rol&#8221;, afirm\u00f3 Etcheverry. &#8220;Venimos a ganar y estamos confiados de que vamos a conseguir un buen resultado. Pero tenemos que estar preparados porque puede pasar cualquier cosa&#8221;. <\/p>\n<\/div>\n<div class=\"sc-198be8ec-0 cynXbu image-embed  image-embed \"><picture class=\"sc-198be8ec-1 kOjRiQ\"><source media=\"(min-width: 975px)\" width=\"720\" height=\"480\" \/><img alt=\"Budkov Kjaer y Etcheverry abrir\u00e1n la serie. Foto Omar Rasjido \/ Prensa AAT\" loading=\"lazy\" width=\"720\" height=\"480\" decoding=\"async\" data-nimg=\"1\" style=\"color:transparent\" src=\"https:\/\/13.com.ar\/wp-content\/uploads\/2025\/01\/Argentina-visita-a-Noruega-para-enfrentar-al-frio-y-al.jpg\"\/><span class=\"epigraphe\">Budkov Kjaer y Etcheverry abrir\u00e1n la serie. Foto Omar Rasjido \/ Prensa AAT<\/span><span class=\"bkg\"\/><span class=\"picture-open\"><button class=\"open-image\" aria-label=\"Open Image\"\/><\/span><\/picture><\/div>\n<div class=\"sc-80531b6b-0 chRIGJ container-text text-embed\">\n<p>Ruud reconoci\u00f3 que \u00e9l y sus compatriotas tendr\u00e1n un desaf\u00edo grande. &#8220;Los jugadores argentinos siempre son intensos, son conocidos por su pasi\u00f3n y por luchar cada punto. Esta vez no est\u00e1n Cer\u00fandolo y B\u00e1ez, pero igual tienen un equipo muy fuerte. Tienen mucha historia en la Davis y seguro muchas ganas de ganar. Tenemos que tomar un partido a la vez. Ser\u00e1 duro, pero no imposible&#8221;, analiz\u00f3. <\/p>\n<\/div>\n<div class=\"sc-80531b6b-0 chRIGJ container-text text-embed\">\n<p>Bicampe\u00f3n del <strong>ATP de Buenos<\/strong> Aires, agreg\u00f3: &#8220;Es muy especial para m\u00ed jugar con Argentina. All\u00ed gan\u00e9 mi primer t\u00edtulo en 2020 y pude repetir en 2022&#8221;.<\/p>\n<\/div>\n<div class=\"sc-80531b6b-0 chRIGJ container-text text-embed\">\n<p>La acci\u00f3n del match -al menos de cinco puntos, con partidos a tres sets- continuar\u00e1 el viernes, desde las 12 (16 hora local). Primero, con el dobles en el que <strong>Horacio Zeballos<\/strong>, 7\u00b0de la clasificaci\u00f3n de parejas, y <strong>Andr\u00e9s Molteni<\/strong>, 22\u00b0, enfrentar\u00e1n a Ruud y a <strong>Viktor Durasovic<\/strong>, ambos afuera del top 400 de ese ranking. Y a continuaci\u00f3n, con los otros dos singles: Ruud-Etcheverry y Budkov Kjaer-Navone. <\/p>\n<\/div>\n<div class=\"sc-80531b6b-0 chRIGJ container-text text-embed\">\n<p>Ante una Noruega <em>&#8220;Ruud-dependiente&#8221;<\/em> -los otros convocados por el capit\u00e1n <strong>Anders Haseth<\/strong> son <strong>Leyton Rivera<\/strong> (1.302\u00b0 en singles) y <strong>Lukas Hellum Lilleengen <\/strong>(485\u00b0 en dobles)-, los argentinos, que tendr\u00e1n en el banco a <strong>Facundo D\u00edaz Acosta<\/strong> (69\u00b0 y otro debutante), son m\u00e1s equipo. Igual, saben que no deben confiarse.<\/p>\n<\/div>\n<div class=\"sc-198be8ec-0 cynXbu image-embed  image-embed \"><picture class=\"sc-198be8ec-1 kOjRiQ\"><source media=\"(min-width: 975px)\" width=\"720\" height=\"480\" \/><img alt=\"Ruud y Navone chocar\u00e1n en el segundo singles. Foto Omar Rasjido \/ Prensa AAT\" loading=\"lazy\" width=\"720\" height=\"480\" decoding=\"async\" data-nimg=\"1\" style=\"color:transparent\" src=\"https:\/\/13.com.ar\/wp-content\/uploads\/2025\/01\/1738222448_490_Argentina-visita-a-Noruega-para-enfrentar-al-frio-y-al.jpg\"\/><span class=\"epigraphe\">Ruud y Navone chocar\u00e1n en el segundo singles. Foto Omar Rasjido \/ Prensa AAT<\/span><span class=\"bkg\"\/><span class=\"picture-open\"><button class=\"open-image\" aria-label=\"Open Image\"\/><\/span><\/picture><\/div>\n<div class=\"sc-80531b6b-0 chRIGJ container-text text-embed\">\n<p>Es que en la Davis, las leyes de la l\u00f3gica no siempre valen. Adem\u00e1s, esta serie -la primera que jugar\u00e1n ante Noruega en la historia de esta competencia- tiene algunas similitudes a la que disput\u00f3 Argentina ante <strong>Finlandia <\/strong>en Espoo por los <strong><em>Qualifiers 2023<\/em><\/strong> y que termin\u00f3 perdiendo. Ese duelo tambi\u00e9n se jug\u00f3 en pleno invierno n\u00f3rdico, ante un rival inferior en el ranking y en una cancha bajo techo casi igual.<\/p>\n<\/div>\n<div class=\"sc-80531b6b-0 chRIGJ container-text text-embed\">\n<p>La superficie de la cancha de Oslo se llama <strong><em>Laykold MF 4<\/em><\/strong> y es la misma en la que se disput\u00f3 aquel choque ante los finlandeses. Seg\u00fan report\u00f3 el equipo argentino, amortigua el movimiento, previniendo lesiones, y tiene bajo pique pero menos velocidad que muchas de las canchas duras que se utilizan en el circuito ATP, elecci\u00f3n l\u00f3gica considerando que Ruud saca su mejor tenis en <em>courts <\/em>m\u00e1s lentos.<\/p>\n<\/div>\n<div class=\"sc-80531b6b-0 chRIGJ container-text text-embed\">\n<p>Los entrenamientos previos dejaron conformes a Frana y sus jugadores. &#8220;Nos fuimos adaptando bastante bien a la cancha. Dentro de todo, las condiciones son bastante jugables. La cancha tiene su velocidad cuando se juega r\u00e1pido, eso s\u00ed es cierto. Pero tambi\u00e9n es una cancha que te marca un poquitito el rumbo de lo que uno tiene que tratar de buscar&#8221;, afirm\u00f3 el capit\u00e1n.<\/p>\n<\/div>\n<div class=\"sc-80531b6b-0 chRIGJ container-text text-embed\">\n<p>&#8220;No es ni la m\u00e1s lenta ni la m\u00e1s r\u00e1pida entre las que he jugado en mi carrera. Las l\u00edneas pican bastante rapiditas, pero se puede jugar. Quiz\u00e1s en el doble, que todo es un poquito m\u00e1s r\u00e1pido, se vean menos puntos, pero seguramente en singles veamos peloteos m\u00e1s largos&#8221;, explic\u00f3 Zeballos. <\/p>\n<\/div>\n<div class=\"sc-198be8ec-0 cynXbu image-embed  image-embed \"><picture class=\"sc-198be8ec-1 kOjRiQ\"><source media=\"(min-width: 975px)\" width=\"720\" height=\"480\" \/><img alt=\"La cancha del Fjellhamar Arena de Oslo no es tan r\u00e1pida como las otros courts duros del circuito. Foto Omar Rasjido \/ Prensa AAT\" loading=\"lazy\" width=\"720\" height=\"480\" decoding=\"async\" data-nimg=\"1\" style=\"color:transparent\" src=\"https:\/\/13.com.ar\/wp-content\/uploads\/2025\/01\/1738222448_442_Argentina-visita-a-Noruega-para-enfrentar-al-frio-y-al.jpg\"\/><span class=\"epigraphe\">La cancha del Fjellhamar Arena de Oslo no es tan r\u00e1pida como las otros courts duros del circuito. Foto Omar Rasjido \/ Prensa AAT<\/span><span class=\"bkg\"\/><span class=\"picture-open\"><button class=\"open-image\" aria-label=\"Open Image\"\/><\/span><\/picture><\/div>\n<div class=\"sc-80531b6b-0 chRIGJ container-text text-embed\">\n<p>En tanto Navone anticip\u00f3: &#8220;Es una cancha de pique bajo pero no tan r\u00e1pido, parecido a los <em>indoor <\/em>que se juegan en Europa. Pica bajo pero despu\u00e9s la bola se abre, podemos jugar con mucho rally. Es una superficie agradable, y sabemos que a Ruud tambi\u00e9n le gusta, porque le da un poquito m\u00e1s de tiempo. Van a ser todas batallas, no t\u00edpicos partidos de cemento sino con m\u00e1s peloteos&#8221;.<\/p>\n<\/div>\n<div class=\"sc-80531b6b-0 chRIGJ container-text text-embed\">\n<p>Al hablar del objetivo con el que desembarcaron en Oslo, Frana fue muy claro: &#8220;Cuando est\u00e1s muy inmerso en un mundo hipercompetitivo, claramente ganar es algo muy valioso, pero tambi\u00e9n a la vez lo que tengo que pensar es en un proceso, en dejar algo m\u00e1s que un resultado. Muchas veces el resultado queda muy vac\u00edo en cuanto a construcci\u00f3n de otras cosas. Claro que quiero ganar, pero yo hago mucho foco en hacer todo lo que est\u00e1 a nuestro alcance y poner nuestra mejor predisposici\u00f3n, actitud e inteligencia para estar en la mejor forma. Ac\u00e1 jugamos por algo lindo, pero a la vez no nos estamos jugando la vida de nadie&#8221;.<\/p>\n<\/div>\n<div class=\"sc-80531b6b-0 chRIGJ container-text text-embed\">\n<p>Argentina, que sue\u00f1a con volver a levantar la <strong><em>Ensaladera <\/em><\/strong>como hizo en 2016, quiere meterse otra vez en los playoffs para mejorar lo hecho el a\u00f1o pasado, cuando cay\u00f3 en cuartos ante <strong>Italia<\/strong>. En tanto Noruega busca clasificar por primera vez la fase final, tras conseguir el &#8220;ascenso&#8221; desde el <strong>Grupo Mundial I<\/strong> en 2024.<\/p>\n<\/div>\n<div class=\"sc-80531b6b-0 chRIGJ container-text text-embed\">\n<p>El ganador de esta serie se meter\u00e1 en la segunda ronda de los Qualifiers, en la que chocar\u00e1 en septiembre con <strong>Pa\u00edses Bajos<\/strong>, libre en la rueda inicial como subcampe\u00f3n de la pasada edici\u00f3n. En ese duelo con los neerlandeses, se jugar\u00e1 el pase al <strong>Final 8<\/strong>, que se realizar\u00e1 en noviembre en <strong>Bologna<\/strong> y en el que ya espera el equipo liderado por <strong>Jannik Sinner<\/strong>, vigente bicampe\u00f3n.<\/p>\n<\/div>\n<p><h2>Todos los duelos del arranque de los Qualifiers<\/h2>\n<\/p>\n<div class=\"sc-80531b6b-0 chRIGJ container-text text-embed\">\n<p><strong>-Noruega vs. Argentina. <\/strong>En el Fjellhamar Arena de Oslo. <\/p>\n<\/div>\n<div class=\"sc-80531b6b-0 chRIGJ container-text text-embed\">\n<p><strong>Viernes 31 y S\u00e1bado 1\u00b0 de febrero:<\/strong><\/p>\n<\/div>\n<div class=\"sc-80531b6b-0 chRIGJ container-text text-embed\">\n<p><strong>-Suecia vs. Australia<\/strong>. En el Royal Tennis Hall de Estocolmo. <\/p>\n<\/div>\n<div class=\"sc-80531b6b-0 chRIGJ container-text text-embed\">\n<p><strong>-Austria vs. Finlandia. <\/strong>En el Multiversum Schwechat de Schwechat.<\/p>\n<\/div>\n<div class=\"sc-80531b6b-0 chRIGJ container-text text-embed\">\n<p><strong>-Israel vs. Alemania (sin Alexander Zverev).<\/strong> En el SEB Arena de Vilnius, Lituania.<\/p>\n<\/div>\n<div class=\"sc-80531b6b-0 chRIGJ container-text text-embed\">\n<p><strong>-Jap\u00f3n vs. Gran Breta\u00f1a. <\/strong>En el Bourbon Beans Dome de Miki.<\/p>\n<\/div>\n<div class=\"sc-80531b6b-0 chRIGJ container-text text-embed\">\n<p><strong>-Taiw\u00e1n vs. Estados Unidos. <\/strong>En el Taipei Tennis Center de Taipei.<\/p>\n<\/div>\n<div class=\"sc-80531b6b-0 chRIGJ container-text text-embed\">\n<p><strong>-Rep\u00fablica Checa vs. Corea. <\/strong>En el RT Torax Arena-Sareza de Ostrava.<\/p>\n<\/div>\n<div class=\"sc-80531b6b-0 chRIGJ container-text text-embed\">\n<p><strong>-Dinamarca vs. Serbia (sin Novak Djokovic). <\/strong>En Royal Arena de Copenhagen.<\/p>\n<\/div>\n<div class=\"sc-80531b6b-0 chRIGJ container-text text-embed\">\n<p><strong>-Croacia vs. Eslovaquia. <\/strong>En el Dvorana Gradski vrt de Osijek.<\/p>\n<\/div>\n<div class=\"sc-80531b6b-0 chRIGJ container-text text-embed\">\n<p><strong>-B\u00e9lgica vs. Chile.<\/strong> En el Sporthal Alverberg de Hasselt.<\/p>\n<\/div>\n<div class=\"sc-80531b6b-0 chRIGJ container-text text-embed\">\n<p><strong>-Canad\u00e1 vs. Hungr\u00eda. <\/strong>En el Estadio IGA de Montreal. <\/p>\n<\/div>\n<div class=\"sc-80531b6b-0 chRIGJ container-text text-embed\">\n<p><strong>-Suiza vs. Espa\u00f1a (sin Carlos Alcaraz). <\/strong>En el Swiss Tennis Arena de Biel.<\/p>\n<\/div>\n<div class=\"sc-80531b6b-0 chRIGJ container-text text-embed\">\n<p><strong>-Francia vs. Brasil. <\/strong>En el Palais des Sports Jean Ros de Orleans.<\/p>\n<\/div>\n<\/div>\n<p><br \/>\n<br \/><a href=\"https:\/\/www.clarin.com\/deportes\/copa-davis-argentina-visita-noruega-enfrentar-frio-temible-casper-ruud-debut-frana-capitan-ilusion-renovada_0_sUZUiOjwpy.html\">Fuente Clarin.com <\/a><\/p>\n","protected":false},"excerpt":{"rendered":"<p>En la helada Oslo, que espera para los pr\u00f3ximos d\u00edas temperaturas entre -8 y 0 grados y cielos nublados, Argentina buscar\u00e1 su primera victoria en la Copa Davis 2025. El seleccionado nacional chocar\u00e1 con Noruega en una serie de primera ronda de los Qualifiers, que no ser\u00e1 una prueba f\u00e1cil para el debut de Javier [&hellip;]<\/p>\n","protected":false},"author":1,"featured_media":533,"comment_status":"open","ping_status":"open","sticky":false,"template":"","format":"standard","meta":{"footnotes":""},"categories":[2],"tags":[288,1444,1440,66,1442,1437,1443,1438,1445,1436,16,1446,1441,1439,1435],"class_list":["post-532","post","type-post","status-publish","format-standard","has-post-thumbnail","hentry","category-ultimas-noticias","tag-argentina","tag-capitan","tag-casper","tag-como","tag-debut","tag-enfrentar","tag-frana","tag-frio","tag-ilusion","tag-noruega","tag-para","tag-renovada","tag-ruud","tag-temible","tag-visita"],"_links":{"self":[{"href":"https:\/\/13.com.ar\/index.php\/wp-json\/wp\/v2\/posts\/532","targetHints":{"allow":["GET"]}}],"collection":[{"href":"https:\/\/13.com.ar\/index.php\/wp-json\/wp\/v2\/posts"}],"about":[{"href":"https:\/\/13.com.ar\/index.php\/wp-json\/wp\/v2\/types\/post"}],"author":[{"embeddable":true,"href":"https:\/\/13.com.ar\/index.php\/wp-json\/wp\/v2\/users\/1"}],"replies":[{"embeddable":true,"href":"https:\/\/13.com.ar\/index.php\/wp-json\/wp\/v2\/comments?post=532"}],"version-history":[{"count":0,"href":"https:\/\/13.com.ar\/index.php\/wp-json\/wp\/v2\/posts\/532\/revisions"}],"wp:featuredmedia":[{"embeddable":true,"href":"https:\/\/13.com.ar\/index.php\/wp-json\/wp\/v2\/media\/533"}],"wp:attachment":[{"href":"https:\/\/13.com.ar\/index.php\/wp-json\/wp\/v2\/media?parent=532"}],"wp:term":[{"taxonomy":"category","embeddable":true,"href":"https:\/\/13.com.ar\/index.php\/wp-json\/wp\/v2\/categories?post=532"},{"taxonomy":"post_tag","embeddable":true,"href":"https:\/\/13.com.ar\/index.php\/wp-json\/wp\/v2\/tags?post=532"}],"curies":[{"name":"wp","href":"https:\/\/api.w.org\/{rel}","templated":true}]}}