{"id":5319,"date":"2025-02-16T18:47:28","date_gmt":"2025-02-16T21:47:28","guid":{"rendered":"https:\/\/13.com.ar\/index.php\/tener-nuestro-apellido-es-top\/"},"modified":"2025-02-16T18:47:28","modified_gmt":"2025-02-16T21:47:28","slug":"tener-nuestro-apellido-es-top","status":"publish","type":"post","link":"https:\/\/13.com.ar\/index.php\/tener-nuestro-apellido-es-top\/","title":{"rendered":"\u00a1Tener nuestro apellido es top!"},"content":{"rendered":"<p> <br \/>\n<\/p>\n<div id=\"cuerpo\">\n<div class=\"sc-80531b6b-0 chRIGJ container-text text-embed\">\n<p>Los hermanos <strong>Charlotte y Alex Caniggia<\/strong> decidieron celebrar juntos sus cumplea\u00f1os n\u00famero 32. Y lo hicieron en un lujoso d\u00eda de yate por el Delta, el s\u00e1bado 15 de febrero, fecha de su cumplea\u00f1os.<\/p>\n<\/div>\n<div class=\"sc-80531b6b-0 chRIGJ container-text text-embed\">\n<p>En el festejo no estuvieron ninguno de sus padres, Claudio Paul Caniggia y Mariana Nannis, quienes tienen una relaci\u00f3n distante con los mellizos, pero s\u00ed sus grupos de amigos. Y tambi\u00e9n Melody Luz, pareja de Alex y madre de su hija Venezia, que tambi\u00e9n dijo presente en la celebraci\u00f3n.<\/p>\n<\/div>\n<div class=\"sc-80531b6b-0 chRIGJ container-text text-embed\">\n<p>En sus redes ambos compartieron fotos y videos del festejo, que adem\u00e1s incluy\u00f3 llamativas y grandes tortas para cada uno.<\/p>\n<\/div>\n<div class=\"sc-80531b6b-0 chRIGJ container-text text-embed\">\n<p>La de Alex, fiel a su estilo, <strong>se trat\u00f3 de una torta de tres pisos blanca y negra, decorada con joyas y d\u00f3lares<\/strong>, junto a las frases &#8220;masivo&#8221; y &#8220;no barate&#8221;, adem\u00e1s de su apodo en grande <strong>&#8220;El Emperador&#8221;.<\/strong><\/p>\n<\/div>\n<div class=\"sc-80531b6b-0 chRIGJ container-text text-embed\">\n<p>Por su lado, en la torta de Charlotte, tambi\u00e9n de tres piso, sobresali\u00f3 el rosa y decoraci\u00f3n besos y corazones.<\/p>\n<\/div>\n<div class=\"sc-80531b6b-0 chRIGJ container-text text-embed\">\n<p><strong>\u201cHoy cumplimos 32 a\u00f1os con la sis, los mellizos m\u00e1s masivos del planeta Tierra\u201d<\/strong>, escribi\u00f3 Alex en su posteo en Instagram.<\/p>\n<\/div>\n<div class=\"sc-198be8ec-0 cynXbu image-embed  image-embed \"><picture class=\"sc-198be8ec-1 kOjRiQ\"><source media=\"(min-width: 975px)\" width=\"720\" height=\"480\" \/><img alt=\"Alex y Charlotte Caniggia. Foto: Instagram.\" loading=\"lazy\" width=\"720\" height=\"480\" decoding=\"async\" data-nimg=\"1\" style=\"color:transparent\" src=\"https:\/\/13.com.ar\/wp-content\/uploads\/2025\/02\/\u00a1Tener-nuestro-apellido-es-top.jpg\"\/><span class=\"epigraphe\">Alex y Charlotte Caniggia. Foto: Instagram.<\/span><span class=\"bkg\"\/><span class=\"picture-open\"><button class=\"open-image\" aria-label=\"Open Image\"\/><\/span><\/picture><\/div>\n<div class=\"sc-80531b6b-0 chRIGJ container-text text-embed\">\n<p>Y sigui\u00f3, siempre pol\u00e9mico: &#8220;En mi tierra yo siempre soy el profeta&#8230; 7000 d\u00f3lares para navegar, siempre en efectivo, nada depara ser como nosotros, te paso la receta&#8230; <strong>\u00a1Tener nuestro apellido es top en todo el planeta!\u201d.<\/strong><\/p>\n<\/div>\n<div class=\"sc-80531b6b-0 chRIGJ container-text text-embed\">\n<p>\u201cPero nosotros nos hicimos nuestro camino solos, nadie nos ayud\u00f3, nadie nos regal\u00f3 nada. Cada uno tiene sus trabajos y gracias a Dios y a nuestra inteligencia de hacer negocios millonarios\u201d, sigui\u00f3, haciendo gala de su poder adquisitivo. Y cerr\u00f3 con un mensaje para su hermana: <strong>\u201cSis de mi vida, te amo con todo mi coraz\u00f3n, siempre juntos hasta el infinito\u201d.<\/strong><\/p>\n<\/div>\n<div class=\"sc-80531b6b-0 chRIGJ container-text text-embed\">\n<p>Y en historias de Ig tambi\u00e9n sigui\u00f3 haciendo gala del costoso festejo: &#8220;Nos alquilamos un Klasea 43 (NdR: el modelo del crucero) Imag\u00ednense lo que me gast\u00e9 hoy. Respeten los rangos. Un cumple masivisimo&#8221;.<\/p>\n<\/div>\n<div class=\"sc-80531b6b-0 chRIGJ container-text text-embed\">\n<p>Por su parte, Charlotte comparti\u00f3 en su Instagram el video del momento en el que todos cantaron el feliz cumplea\u00f1os y ellos soplaron las velitas.<\/p>\n<\/div>\n<div class=\"sc-198be8ec-0 cynXbu image-embed  image-embed \"><picture class=\"sc-198be8ec-1 kOjRiQ\"><source media=\"(min-width: 975px)\" width=\"720\" height=\"480\" \/><img alt=\"Alex y Charlotte Caniggia. Foto: Instagram.\" loading=\"lazy\" width=\"720\" height=\"480\" decoding=\"async\" data-nimg=\"1\" style=\"color:transparent\" src=\"https:\/\/13.com.ar\/wp-content\/uploads\/2025\/02\/1739742448_383_\u00a1Tener-nuestro-apellido-es-top.jpg\"\/><span class=\"epigraphe\">Alex y Charlotte Caniggia. Foto: Instagram.<\/span><span class=\"bkg\"\/><span class=\"picture-open\"><button class=\"open-image\" aria-label=\"Open Image\"\/><\/span><\/picture><\/div>\n<div class=\"sc-80531b6b-0 chRIGJ container-text text-embed\">\n<p>Y expres\u00f3: &#8220;\u00a1Feliz cumplea\u00f1os! Para mi mellizo @alexcaniggia te quiero mucho hermano. <strong>Estoy tan feliz de tener un hermano como vos siempre con una energ\u00eda tan arriba y con un coraz\u00f3n hermoso&#8221;.<\/strong><\/p>\n<\/div>\n<div class=\"sc-80531b6b-0 chRIGJ container-text text-embed\">\n<p>Luego, la medi\u00e1tica sigui\u00f3 con unas emotivas palabras dedicadas a su hermano: &#8220;La gente realmente no conoce como vos sos, los que te conocemos podemos decir y apreciar realmente como sos&#8221;.<\/p>\n<\/div>\n<div class=\"sc-198be8ec-0 cynXbu image-embed  image-embed \"><picture class=\"sc-198be8ec-1 kOjRiQ\"><source media=\"(min-width: 975px)\" width=\"720\" height=\"480\" \/><img alt=\"Alex Caniggia, su hija y Charlotte Caniggia. Foto: Instagram.\" loading=\"lazy\" width=\"720\" height=\"480\" decoding=\"async\" data-nimg=\"1\" style=\"color:transparent\" src=\"https:\/\/13.com.ar\/wp-content\/uploads\/2025\/02\/1739742448_986_\u00a1Tener-nuestro-apellido-es-top.jpg\"\/><span class=\"epigraphe\">Alex Caniggia, su hija y Charlotte Caniggia. Foto: Instagram.<\/span><span class=\"bkg\"\/><span class=\"picture-open\"><button class=\"open-image\" aria-label=\"Open Image\"\/><\/span><\/picture><\/div>\n<div class=\"sc-80531b6b-0 chRIGJ container-text text-embed\">\n<p><strong>&#8220;Te quiero mucho melli por muchos m\u00e1s cumplea\u00f1os juntos<\/strong>, sos un gran hermano y me llena de orgullo verte en esta etapa como padre. SOS un gran padre s\u00faper presente con tu beb\u00e9 Venezia. Te amo hermano acuariano loco&#8221;, cerr\u00f3 Charlotte, haciendo referencia a su sobrina, con quien tambi\u00e9n se tom\u00f3 y luego comparti\u00f3 fotos en las redes. Eso s\u00ed, tapando con un emoji su cara, algo que tambi\u00e9n realizan sus padres, para protegerla.<\/p>\n<\/div>\n<p><h2>Todas las fotos del cumplea\u00f1os de Alex y Charlotte Caniggia<\/h2>\n<\/p>\n<div class=\"sc-198be8ec-0 cynXbu image-embed  image-embed \"><picture class=\"sc-198be8ec-1 kOjRiQ\"><source media=\"(min-width: 975px)\" width=\"720\" height=\"480\" \/><img alt=\"Alex y Charlotte Caniggia celebraron juntos su cumplea\u00f1os. Foto: Instagram.\" loading=\"lazy\" width=\"720\" height=\"480\" decoding=\"async\" data-nimg=\"1\" style=\"color:transparent\" src=\"https:\/\/13.com.ar\/wp-content\/uploads\/2025\/02\/1739742448_910_\u00a1Tener-nuestro-apellido-es-top.jpg\"\/><span class=\"epigraphe\">Alex y Charlotte Caniggia celebraron juntos su cumplea\u00f1os. Foto: Instagram.<\/span><span class=\"bkg\"\/><span class=\"picture-open\"><button class=\"open-image\" aria-label=\"Open Image\"\/><\/span><\/picture><\/div>\n<div class=\"sc-198be8ec-0 cynXbu image-embed  image-embed \"><picture class=\"sc-198be8ec-1 kOjRiQ\"><source media=\"(min-width: 975px)\" width=\"720\" height=\"480\" \/><img alt=\"Alex Caniggia, de cumplea\u00f1os. Foto: Instagram.\" loading=\"lazy\" width=\"720\" height=\"480\" decoding=\"async\" data-nimg=\"1\" style=\"color:transparent\" src=\"https:\/\/13.com.ar\/wp-content\/uploads\/2025\/02\/1739742448_257_\u00a1Tener-nuestro-apellido-es-top.jpg\"\/><span class=\"epigraphe\">Alex Caniggia, de cumplea\u00f1os. Foto: Instagram.<\/span><span class=\"bkg\"\/><span class=\"picture-open\"><button class=\"open-image\" aria-label=\"Open Image\"\/><\/span><\/picture><\/div>\n<div class=\"sc-198be8ec-0 cynXbu image-embed  image-embed \"><picture class=\"sc-198be8ec-1 kOjRiQ\"><source media=\"(min-width: 975px)\" width=\"720\" height=\"480\" \/><img alt=\"Alex Caniggia, en su cumplea\u00f1os. Foto: Instagram.\" loading=\"lazy\" width=\"720\" height=\"480\" decoding=\"async\" data-nimg=\"1\" style=\"color:transparent\" src=\"https:\/\/13.com.ar\/wp-content\/uploads\/2025\/02\/1739742448_577_\u00a1Tener-nuestro-apellido-es-top.jpg\"\/><span class=\"epigraphe\">Alex Caniggia, en su cumplea\u00f1os. Foto: Instagram.<\/span><span class=\"bkg\"\/><span class=\"picture-open\"><button class=\"open-image\" aria-label=\"Open Image\"\/><\/span><\/picture><\/div>\n<div class=\"sc-198be8ec-0 cynXbu image-embed  image-embed \"><picture class=\"sc-198be8ec-1 kOjRiQ\"><source media=\"(min-width: 975px)\" width=\"720\" height=\"480\" \/><img alt=\"Alex y Charlotte Caniggia. Foto: Instagram.\" loading=\"lazy\" width=\"720\" height=\"480\" decoding=\"async\" data-nimg=\"1\" style=\"color:transparent\" src=\"https:\/\/13.com.ar\/wp-content\/uploads\/2025\/02\/1739742448_87_\u00a1Tener-nuestro-apellido-es-top.jpg\"\/><span class=\"epigraphe\">Alex y Charlotte Caniggia. Foto: Instagram.<\/span><span class=\"bkg\"\/><span class=\"picture-open\"><button class=\"open-image\" aria-label=\"Open Image\"\/><\/span><\/picture><\/div>\n<div class=\"sc-198be8ec-0 cynXbu image-embed  image-embed \"><picture class=\"sc-198be8ec-1 kOjRiQ\"><source media=\"(min-width: 975px)\" width=\"720\" height=\"480\" \/><img alt=\"&quot;El emperador&quot;, la frase en la torta de cumplea\u00f1os de Alex Caniggia. Foto: Instagram.\" loading=\"lazy\" width=\"720\" height=\"480\" decoding=\"async\" data-nimg=\"1\" style=\"color:transparent\" src=\"https:\/\/13.com.ar\/wp-content\/uploads\/2025\/02\/1739742448_798_\u00a1Tener-nuestro-apellido-es-top.jpg\"\/><span class=\"epigraphe\">&#8220;El emperador&#8221;, la frase en la torta de cumplea\u00f1os de Alex Caniggia. Foto: Instagram.<\/span><span class=\"bkg\"\/><span class=\"picture-open\"><button class=\"open-image\" aria-label=\"Open Image\"\/><\/span><\/picture><\/div>\n<div class=\"sc-198be8ec-0 cynXbu image-embed  image-embed \"><picture class=\"sc-198be8ec-1 kOjRiQ\"><source media=\"(min-width: 975px)\" width=\"720\" height=\"480\" \/><img alt=\"Alex Caniggia, disfrutando de su cumplea\u00f1os. Foto: Instagram.\" loading=\"lazy\" width=\"720\" height=\"480\" decoding=\"async\" data-nimg=\"1\" style=\"color:transparent\" src=\"https:\/\/13.com.ar\/wp-content\/uploads\/2025\/02\/1739742448_813_\u00a1Tener-nuestro-apellido-es-top.jpg\"\/><span class=\"epigraphe\">Alex Caniggia, disfrutando de su cumplea\u00f1os. Foto: Instagram.<\/span><span class=\"bkg\"\/><span class=\"picture-open\"><button class=\"open-image\" aria-label=\"Open Image\"\/><\/span><\/picture><\/div>\n<div class=\"sc-198be8ec-0 cynXbu image-embed  image-embed \"><picture class=\"sc-198be8ec-1 kOjRiQ\"><source media=\"(min-width: 975px)\" width=\"720\" height=\"480\" \/><img alt=\"Charlotte y Alex Caniggia. Abrazo de hermanos y cumplea\u00f1eros. Foto: Instagram.\" loading=\"lazy\" width=\"720\" height=\"480\" decoding=\"async\" data-nimg=\"1\" style=\"color:transparent\" src=\"https:\/\/13.com.ar\/wp-content\/uploads\/2025\/02\/1739742448_876_\u00a1Tener-nuestro-apellido-es-top.jpg\"\/><span class=\"epigraphe\">Charlotte y Alex Caniggia. Abrazo de hermanos y cumplea\u00f1eros. Foto: Instagram.<\/span><span class=\"bkg\"\/><span class=\"picture-open\"><button class=\"open-image\" aria-label=\"Open Image\"\/><\/span><\/picture><\/div>\n<div class=\"sc-198be8ec-0 cynXbu image-embed  image-embed \"><picture class=\"sc-198be8ec-1 kOjRiQ\"><source media=\"(min-width: 975px)\" width=\"720\" height=\"480\" \/><img alt=\"Alex Caniggia, de cumplea\u00f1os. Foto: Instagram.\" loading=\"lazy\" width=\"720\" height=\"480\" decoding=\"async\" data-nimg=\"1\" style=\"color:transparent\" src=\"https:\/\/13.com.ar\/wp-content\/uploads\/2025\/02\/1739742448_708_\u00a1Tener-nuestro-apellido-es-top.jpg\"\/><span class=\"epigraphe\">Alex Caniggia, de cumplea\u00f1os. Foto: Instagram.<\/span><span class=\"bkg\"\/><span class=\"picture-open\"><button class=\"open-image\" aria-label=\"Open Image\"\/><\/span><\/picture><\/div>\n<div class=\"sc-198be8ec-0 cynXbu image-embed  image-embed \"><picture class=\"sc-198be8ec-1 kOjRiQ\"><source media=\"(min-width: 975px)\" width=\"720\" height=\"480\" \/><img alt=\"Alex Caniggia y su pareja, Melody Luz. Foto: Instagram.\" loading=\"lazy\" width=\"720\" height=\"480\" decoding=\"async\" data-nimg=\"1\" style=\"color:transparent\" src=\"https:\/\/13.com.ar\/wp-content\/uploads\/2025\/02\/1739742448_630_\u00a1Tener-nuestro-apellido-es-top.jpg\"\/><span class=\"epigraphe\">Alex Caniggia y su pareja, Melody Luz. Foto: Instagram.<\/span><span class=\"bkg\"\/><span class=\"picture-open\"><button class=\"open-image\" aria-label=\"Open Image\"\/><\/span><\/picture><\/div>\n<\/div>\n<p><br \/>\n<br \/><a href=\"https:\/\/www.clarin.com\/fama\/yate-torta-dolares-charlotte-alex-caniggia-celebraron-cumpleanos-tener-apellido-top_0_f5lU8WDLue.html\">Fuente Clarin.com <\/a><\/p>\n","protected":false},"excerpt":{"rendered":"<p>Los hermanos Charlotte y Alex Caniggia decidieron celebrar juntos sus cumplea\u00f1os n\u00famero 32. Y lo hicieron en un lujoso d\u00eda de yate por el Delta, el s\u00e1bado 15 de febrero, fecha de su cumplea\u00f1os. En el festejo no estuvieron ninguno de sus padres, Claudio Paul Caniggia y Mariana Nannis, quienes tienen una relaci\u00f3n distante con [&hellip;]<\/p>\n","protected":false},"author":1,"featured_media":5320,"comment_status":"open","ping_status":"open","sticky":false,"template":"","format":"standard","meta":{"footnotes":""},"categories":[2],"tags":[7277,2562,301,6167],"class_list":["post-5319","post","type-post","status-publish","format-standard","has-post-thumbnail","hentry","category-ultimas-noticias","tag-apellido","tag-nuestro","tag-tener","tag-top"],"_links":{"self":[{"href":"https:\/\/13.com.ar\/index.php\/wp-json\/wp\/v2\/posts\/5319","targetHints":{"allow":["GET"]}}],"collection":[{"href":"https:\/\/13.com.ar\/index.php\/wp-json\/wp\/v2\/posts"}],"about":[{"href":"https:\/\/13.com.ar\/index.php\/wp-json\/wp\/v2\/types\/post"}],"author":[{"embeddable":true,"href":"https:\/\/13.com.ar\/index.php\/wp-json\/wp\/v2\/users\/1"}],"replies":[{"embeddable":true,"href":"https:\/\/13.com.ar\/index.php\/wp-json\/wp\/v2\/comments?post=5319"}],"version-history":[{"count":0,"href":"https:\/\/13.com.ar\/index.php\/wp-json\/wp\/v2\/posts\/5319\/revisions"}],"wp:featuredmedia":[{"embeddable":true,"href":"https:\/\/13.com.ar\/index.php\/wp-json\/wp\/v2\/media\/5320"}],"wp:attachment":[{"href":"https:\/\/13.com.ar\/index.php\/wp-json\/wp\/v2\/media?parent=5319"}],"wp:term":[{"taxonomy":"category","embeddable":true,"href":"https:\/\/13.com.ar\/index.php\/wp-json\/wp\/v2\/categories?post=5319"},{"taxonomy":"post_tag","embeddable":true,"href":"https:\/\/13.com.ar\/index.php\/wp-json\/wp\/v2\/tags?post=5319"}],"curies":[{"name":"wp","href":"https:\/\/api.w.org\/{rel}","templated":true}]}}