{"id":5253,"date":"2025-02-16T11:52:46","date_gmt":"2025-02-16T14:52:46","guid":{"rendered":"https:\/\/13.com.ar\/index.php\/el-conmocionante-divorcio-de-ee-uu-y-europa\/"},"modified":"2025-02-16T11:52:46","modified_gmt":"2025-02-16T14:52:46","slug":"el-conmocionante-divorcio-de-ee-uu-y-europa","status":"publish","type":"post","link":"https:\/\/13.com.ar\/index.php\/el-conmocionante-divorcio-de-ee-uu-y-europa\/","title":{"rendered":"El conmocionante divorcio de EE.UU. y Europa"},"content":{"rendered":"<p> <br \/>\n<\/p>\n<div id=\"cuerpo\">\n<div class=\"sc-80531b6b-0 chRIGJ container-text text-embed\">\n<p><strong>\u00bfLleg\u00f3 el final del atlantismo, <\/strong>la doctrina que uni\u00f3 al imperio norteamericano con el bloque europeo desde a\u00fan antes del final de la Segunda Guerra? Es lo que estas horas dram\u00e1ticas est\u00e1n indicando. La agresi\u00f3n del vicepresidente norteamericano, J.D. Vance, que en la Conferencia de Defensa de M\u00fanich puso en duda el  nivel democr\u00e1tico del bloque porque evita los extremismos, consisti\u00f3 en la arquitectura dentro de la cual Donald Trump busca encajar un mundo en el cual <strong>debe regir la gu\u00eda norteamericana en t\u00e9rminos absolutos. <\/strong><\/p>\n<\/div>\n<div class=\"sc-80531b6b-0 chRIGJ container-text text-embed\">\n<p>La crisis de la guerra Ucraniana es el ejercicio de esa teor\u00eda. El magnate, despu\u00e9s de su dialogo de 90 minutos con el aut\u00f3crata ruso Vladimir Putin, <strong>exige que Europa no participe en las negociaciones para cesar el conflicto, y gravemente, tampoco el pa\u00eds agredido<\/strong>. Hay una reuni\u00f3n en progreso en Arabia Saudita en la que el canciller norteamericano, Marco Rubio, se encontrar\u00e1 con el funcionariado ruso, en la cual no se espera a Kiev, m\u00e1s all\u00e1 de que el presidente Volodimir Zelenski ha demandado que cualquier contacto debe producirse despu\u00e9s de un acuerdo entre Europa, EE.UU. y su pa\u00eds, para una posici\u00f3n com\u00fan.<\/p>\n<\/div>\n<div class=\"sc-80531b6b-0 chRIGJ container-text text-embed\">\n<p>Este extraordinario desv\u00edo pol\u00edtico que impulsa el nuevo gobierno republicano, genera algo m\u00e1s que <strong>desconcierto en la Uni\u00f3n Europea<\/strong>. Combina el desd\u00e9n del aliado norteamericano con la percepci\u00f3n de un manejo carente de un alto nivel estrat\u00e9gico. El desconocimiento real de lo que significa a nivel sist\u00e9mico la guerra de Ucrania.<\/p>\n<\/div>\n<div class=\"sc-80531b6b-0 chRIGJ container-text text-embed\">\n<p>El mensaje de Vance, antes el del jefe del Pent\u00e1gono, Pete Hegseth, en Bruselas, tambi\u00e9n con car\u00e1cter disciplinador, produjo una reacci\u00f3n un\u00e1nime de la dirigencia europea, posiblemente no prevista por los norteamericanos, se\u00f1alando el riesgo de que Trump est\u00e9 jugando un <strong>rol semejante al del ex canciller brit\u00e1nico Neville Chamberlain<\/strong> antes de la Segunda Guerra. <\/p>\n<\/div>\n<div class=\"sc-80531b6b-0 chRIGJ container-text text-embed\">\n<p>Ese funcionario pas\u00f3 a la historia al exhibir en Londres un papelito con la firma de Adolf Hitler tras una reuni\u00f3n en Munich, del supuesto compromiso de que el F\u00fchrer se conformar\u00eda con los Sudetes de la antigua Checoslovaquia y cesar\u00eda cualquier agresi\u00f3n sobre Europa. Poco despu\u00e9s, <strong>Hitler tomaba Polonia<\/strong>.<\/p>\n<\/div>\n<p><h2>El gui\u00f1o de Trump a Putin<\/h2>\n<\/p>\n<div class=\"sc-80531b6b-0 chRIGJ container-text text-embed\">\n<p>Hace apenas d\u00edas y el sentido de esos temores, Trump coment\u00f3 a los periodistas <strong>por qu\u00e9 no alg\u00fan d\u00eda Ucrania podr\u00eda ser parte de Rusia.<\/strong> La charla con Putin antes que con Zelenski le concedi\u00f3 ya al l\u00edder del Kremlin la jerarqu\u00eda de jugar en el nivel de EE.UU., tambi\u00e9n sin detenerse en lo que opine Kiev o Bruselas. Trump parece no comprender que se concede despu\u00e9s, no antes de negociar.<\/p>\n<\/div>\n<div class=\"sc-80531b6b-0 chRIGJ container-text text-embed\">\n<p>Ese peligro es el<strong> eje esencial de la cita de este lunes de la dirigencia europea,<\/strong> que debe asumir que no tiene ya de su lado a Estados Unidos. No solo respecto a este conflicto, sino al riesgo de que juegue incluso un rol que haga m\u00e1s vulnerable el escenario. Son insistentes los comentarios sobre contradicciones y confusi\u00f3n que reciben los dirigentes europeos desde el otro lado del oc\u00e9ano.<\/p>\n<\/div>\n<div class=\"sc-198be8ec-0 cynXbu image-embed  image-embed \"><picture class=\"sc-198be8ec-1 kOjRiQ\"><source media=\"(min-width: 975px)\" width=\"720\" height=\"480\" \/><img alt=\"JD Vance, y el canciller Marco Rubio, durante un encuentro con la dirigencia Ucrania, encabezada por  Volodimir Zelenski AP\" loading=\"lazy\" width=\"720\" height=\"480\" decoding=\"async\" data-nimg=\"1\" style=\"color:transparent\" src=\"https:\/\/13.com.ar\/wp-content\/uploads\/2025\/02\/El-conmocionante-divorcio-de-EEUU-y-Europa.jpg\"\/><span class=\"epigraphe\">JD Vance, y el canciller Marco Rubio, durante un encuentro con la dirigencia Ucrania, encabezada por  Volodimir Zelenski AP<\/span><span class=\"bkg\"\/><span class=\"picture-open\"><button class=\"open-image\" aria-label=\"Open Image\"\/><\/span><\/picture><\/div>\n<div class=\"sc-80531b6b-0 chRIGJ container-text text-embed\">\n<p>Los europeos quieren una conclusi\u00f3n de la guerra que impida que Rusia genere lo que siempre ha buscado, que es r<strong>esucitar una <em>esfera de influencia<\/em><\/strong><em> <\/em>sobre los pa\u00edses del antiguo Pacto de Varsovia, es decir todo su vecindario incluyendo especialmente a las naciones eslavas. Putin lanz\u00f3 la guerra con el prop\u00f3sito de coronar ese dominio para recuperar influencia. <\/p>\n<\/div>\n<div class=\"sc-80531b6b-0 chRIGJ container-text text-embed\">\n<p>Rusia despu\u00e9s de la ca\u00edda de la URSS se convirti\u00f3 en una econom\u00eda mediana y <strong>es la econom\u00eda la que brinda poder pol\u00edtico. <\/strong>Nunca estuvo sobre la mesa antes de la guerra que Ucrania ingrese a la OTAN, m\u00e1s all\u00e1 de los p\u00e9simos manejos de Occidente sobre los escombros del imperio sovi\u00e9tico, a partir de la Carta de Par\u00eds de 1990. Tampoco esa membres\u00eda est\u00e1 ahora entre las alternativas. <\/p>\n<\/div>\n<div class=\"sc-80531b6b-0 chRIGJ container-text text-embed\">\n<p>La UE pretende s\u00ed que Kiev ingrese al bloque, alternativa que Mosc\u00fa ha cuestionado con mucho menor furor. Al mismo tiempo, cualquier acuerdo <strong>no incluir\u00e1 el regreso de Crimea al mapa ucraniano <\/strong>como admitieron a este cronista en Kiev diplom\u00e1ticos ucranianos. <\/p>\n<\/div>\n<div class=\"sc-80531b6b-0 chRIGJ container-text text-embed\">\n<p>Pero la discusi\u00f3n central son los territorios que tom\u00f3 Rusia en esta guerra que pretende retener y los que no tom\u00f3, m\u00e1s all\u00e1 de Zaporiyia, que tambi\u00e9n demanda. Para los europeos, si se acepta ese desenlace, como Hitler con los Sudetes, ser\u00e1<strong> solo un pr\u00f3logo de la consumaci\u00f3n de una guerra mayor<\/strong> y la consolidaci\u00f3n de la alianza de Rusia con China, que ser\u00edan los grandes ganadores de esta pesadilla. Pero Trump, seguramente, tendr\u00eda su papelito con la firma de Putin.<\/p>\n<\/div>\n<\/div>\n<p><br \/>\n<br \/><a href=\"https:\/\/www.clarin.com\/mundo\/conmocionante-divorcio-eeuu-europa_0_RJTvVVLZI1.html\">Fuente Clarin.com <\/a><\/p>\n","protected":false},"excerpt":{"rendered":"<p>\u00bfLleg\u00f3 el final del atlantismo, la doctrina que uni\u00f3 al imperio norteamericano con el bloque europeo desde a\u00fan antes del final de la Segunda Guerra? Es lo que estas horas dram\u00e1ticas est\u00e1n indicando. La agresi\u00f3n del vicepresidente norteamericano, J.D. Vance, que en la Conferencia de Defensa de M\u00fanich puso en duda el nivel democr\u00e1tico del [&hellip;]<\/p>\n","protected":false},"author":1,"featured_media":5254,"comment_status":"open","ping_status":"open","sticky":false,"template":"","format":"standard","meta":{"footnotes":""},"categories":[2],"tags":[7215,2872,2582,363],"class_list":["post-5253","post","type-post","status-publish","format-standard","has-post-thumbnail","hentry","category-ultimas-noticias","tag-conmocionante","tag-divorcio","tag-ee-uu","tag-europa"],"_links":{"self":[{"href":"https:\/\/13.com.ar\/index.php\/wp-json\/wp\/v2\/posts\/5253","targetHints":{"allow":["GET"]}}],"collection":[{"href":"https:\/\/13.com.ar\/index.php\/wp-json\/wp\/v2\/posts"}],"about":[{"href":"https:\/\/13.com.ar\/index.php\/wp-json\/wp\/v2\/types\/post"}],"author":[{"embeddable":true,"href":"https:\/\/13.com.ar\/index.php\/wp-json\/wp\/v2\/users\/1"}],"replies":[{"embeddable":true,"href":"https:\/\/13.com.ar\/index.php\/wp-json\/wp\/v2\/comments?post=5253"}],"version-history":[{"count":0,"href":"https:\/\/13.com.ar\/index.php\/wp-json\/wp\/v2\/posts\/5253\/revisions"}],"wp:featuredmedia":[{"embeddable":true,"href":"https:\/\/13.com.ar\/index.php\/wp-json\/wp\/v2\/media\/5254"}],"wp:attachment":[{"href":"https:\/\/13.com.ar\/index.php\/wp-json\/wp\/v2\/media?parent=5253"}],"wp:term":[{"taxonomy":"category","embeddable":true,"href":"https:\/\/13.com.ar\/index.php\/wp-json\/wp\/v2\/categories?post=5253"},{"taxonomy":"post_tag","embeddable":true,"href":"https:\/\/13.com.ar\/index.php\/wp-json\/wp\/v2\/tags?post=5253"}],"curies":[{"name":"wp","href":"https:\/\/api.w.org\/{rel}","templated":true}]}}