{"id":5252,"date":"2025-02-16T11:49:27","date_gmt":"2025-02-16T14:49:27","guid":{"rendered":"https:\/\/13.com.ar\/index.php\/como-le-fue-a-mirtha-con-l-gante-y-wanda-nara-totalmente-enamorados\/"},"modified":"2025-02-16T11:49:27","modified_gmt":"2025-02-16T14:49:27","slug":"como-le-fue-a-mirtha-con-l-gante-y-wanda-nara-totalmente-enamorados","status":"publish","type":"post","link":"https:\/\/13.com.ar\/index.php\/como-le-fue-a-mirtha-con-l-gante-y-wanda-nara-totalmente-enamorados\/","title":{"rendered":"\u00bfC\u00f3mo le fue a Mirtha con L-Gante y Wanda Nara totalmente enamorados?"},"content":{"rendered":"<p> <br \/>\n<\/p>\n<div id=\"cuerpo\">\n<div class=\"sc-80531b6b-0 chRIGJ container-text text-embed\">\n<p>Era un s\u00e1bado distinto. Mirtha Legrand se hab\u00eda hecho o\u00edr (incluso hab\u00eda hecho uso de la palabra &#8220;mierda&#8221;, como en aquella grabaci\u00f3n blanco y negro donde se la escucha el ya c\u00e9lebre &#8220;carajo, mierda&#8221;) y hab\u00eda conseguido llevar <strong>La noche de Mirtha Legrand<\/strong> a Mar del Plata. Y el plan fue lo suficientemente ambicioso como para captar la atenci\u00f3n de la audiencia: la pareja m\u00e1s furiosamente medi\u00e1tica del momento -Wanda Nara y L-Gante- se sentar\u00eda a su mesa, aunque la irrupci\u00f3n de Wanda haya quedado como una aparici\u00f3n espont\u00e1nea..<\/p>\n<\/div>\n<div class=\"sc-80531b6b-0 chRIGJ container-text text-embed\">\n<p>Claro que Mirtha no juega sola y desde Telefe alistaron sus ca\u00f1ones para dar batalla con sus armas habituales: <strong>El cine del s\u00e1bado <\/strong>y el <strong>Pasapalabra<\/strong> de <strong>Iv\u00e1n de Pineda<\/strong>.<\/p>\n<\/div>\n<div class=\"sc-80531b6b-0 chRIGJ container-text text-embed\">\n<p>Pero Mirtha -que adem\u00e1s tuvo invitados como <strong>el Estrella de Mar de Oro Gabriel &#8220;Puma&#8221; Goity, Florencia Pe\u00f1a y Nicol\u00e1s Scarpino<\/strong>&#8211; supo una vez m\u00e1s dar la talla y entrar en el podio de los programas m\u00e1s vistos. Es m\u00e1s, <strong>eltrece tambi\u00e9n logr\u00f3 poner una pel\u00edcula entre los cinco ciclos de mayor audiencia de este s\u00e1bado 15 de febrero. Es decir, tener un Top Five compartido con su competencia.<\/strong><\/p>\n<\/div>\n<div class=\"sc-80531b6b-0 chRIGJ container-text text-embed\">\n<p>As\u00ed entonces quedaron los cinco programas de mayor rating del s\u00e1bado 15: <em>Cine del s\u00e1bado<\/em> (con el filme<em> Elijo creer<\/em>) y <em>Pasapalabra<\/em> -los dos de Telefe- compartieron la cima, con 6,3 puntos. <em>La noche de Mirtha Legrand <\/em>ocup\u00f3 el tercer puesto, con 5. En cuarta posici\u00f3n se ubic\u00f3<em> Cine 13<\/em> con <em>Bestia <\/em>y 4,7 puntos; y en quinto<em>, Los Simpson<\/em> -de Telefe-, con 4,4.<\/p>\n<\/div>\n<div class=\"sc-198be8ec-0 cynXbu image-embed  image-embed \"><picture class=\"sc-198be8ec-1 kOjRiQ\"><source media=\"(min-width: 975px)\" width=\"720\" height=\"480\" \/><img alt=\"Mirtha Legrand y sus invitados del s\u00e1bado 15 de febrero. Gabriel Goity, L-Gante, Florencia Pe\u00f1a y Nicol\u00e1s Scarpino. Foto: Captura TV\" loading=\"lazy\" width=\"720\" height=\"480\" decoding=\"async\" data-nimg=\"1\" style=\"color:transparent\" src=\"https:\/\/13.com.ar\/wp-content\/uploads\/2025\/02\/Mirtha-Legrand-le-pregunto-a-L-Gante-si-planea-casarse-con.jpg\"\/><span class=\"epigraphe\">Mirtha Legrand y sus invitados del s\u00e1bado 15 de febrero. Gabriel Goity, L-Gante, Florencia Pe\u00f1a y Nicol\u00e1s Scarpino. Foto: Captura TV<\/span><span class=\"bkg\"\/><span class=\"picture-open\"><button class=\"open-image\" aria-label=\"Open Image\"\/><\/span><\/picture><\/div>\n<p><h2>Los dem\u00e1s canales<\/h2>\n<\/p>\n<div class=\"sc-80531b6b-0 chRIGJ container-text text-embed\">\n<p>El tercer lugar entre los programas de eltrece (luego de Mirtha y Cine 13), tambi\u00e9n fue para una pel\u00edcula,<em> Sin remordimiento<\/em>, que marc\u00f3 3,7.<\/p>\n<\/div>\n<div class=\"sc-80531b6b-0 chRIGJ container-text text-embed\">\n<p>En Am\u00e9rica, <em>Secretos verdaderos <\/em>tuvo la mayor audiencia del canal, con 1,3 puntos de rating. Lo siguieron<em> Pas\u00f3 en Am\u00e9rica<\/em> (1,1) y <em>Pasi\u00f3n de s\u00e1bado<\/em> y <em>Argentina de pel\u00edcula<\/em> -con El ciudadano ilustre-, con 0,9.<\/p>\n<\/div>\n<div class=\"sc-80531b6b-0 chRIGJ container-text text-embed\">\n<p><em>70 20 Hoy f<\/em>ue lo m\u00e1s visto en elnueve, con 0,8. A continuaci\u00f3n se posicionaron <em>Implacables<\/em> y<em> Lo mejor del 9<\/em>, con 0,7.<\/p>\n<\/div>\n<div class=\"sc-80531b6b-0 chRIGJ container-text text-embed\">\n<p>La TV P\u00fablica tuvo en <em>Se siente Argentina<\/em>, con la transmisi\u00f3n de La fiesta de la chaya, su ciclo m\u00e1s visto: marc\u00f3 0,7 puntos. <em>Automovilismo s\u00e1bado<\/em> y otra entrega de <em>Se siente Argentina<\/em> (con Festival del humor) hicieron 0,4.<\/p>\n<\/div>\n<div class=\"sc-198be8ec-0 cynXbu image-embed  image-embed \"><picture class=\"sc-198be8ec-1 kOjRiQ\"><source media=\"(min-width: 975px)\" width=\"720\" height=\"480\" \/><img alt=\"Oscar Martinez, en &quot;El ciudadano ilustre&quot;, pel\u00edcula que se vio por Am\u00e9rica.\" loading=\"lazy\" width=\"720\" height=\"480\" decoding=\"async\" data-nimg=\"1\" style=\"color:transparent\" src=\"https:\/\/13.com.ar\/wp-content\/uploads\/2025\/02\/\u00bfComo-le-fue-a-Mirtha-con-L-Gante-y-Wanda-Nara.jpg\"\/><span class=\"epigraphe\">Oscar Martinez, en &#8220;El ciudadano ilustre&#8221;, pel\u00edcula que se vio por Am\u00e9rica.<\/span><span class=\"bkg\"\/><span class=\"picture-open\"><button class=\"open-image\" aria-label=\"Open Image\"\/><\/span><\/picture><\/div>\n<div class=\"sc-80531b6b-0 chRIGJ container-text text-embed\">\n<p>En Net TV, <em>Cineclub<\/em> y la pel\u00edcula <em>Kickboxer<\/em> llegaron a los 0,4 puntos de rating. <em>Entre nos<\/em> hizo 0,3 y <em>Belleza Fashion<\/em>, 0,2.<\/p>\n<\/div>\n<div class=\"sc-80531b6b-0 chRIGJ container-text text-embed\">\n<p>Bravo TV tuvo a <em>TV Compras<\/em> como el ciclo de mayor audiencia del canal, apenas 0,2 puntos. Con 0,1 lo siguieron <em>La venganza de Anal\u00eda<\/em> y<em> Medical Hair<\/em>.<\/p>\n<\/div>\n<p><h2>Los promedios generales<\/h2>\n<\/p>\n<div class=\"sc-80531b6b-0 chRIGJ container-text text-embed\">\n<p><strong>Telefe se llev\u00f3 las tres franjas<\/strong> y los cambios en su programaci\u00f3n lograron ubicar dos programas como los m\u00e1s vistos del d\u00eda, aunque hace mucho tiempo que no se ve\u00eda un programa de eltrece en el tercer lugar y un Top Five compartido.<\/p>\n<\/div>\n<div class=\"sc-80531b6b-0 chRIGJ container-text text-embed\">\n<p>A su vez, . Eltrece se ubic\u00f3 en segundo lugar 1.1 puntos por debajo del canal l\u00edder. <\/p>\n<\/div>\n<div class=\"sc-80531b6b-0 chRIGJ container-text text-embed\">\n<p><strong>Am\u00e9rica volvi\u00f3 a ganarle las tres franjas a elnueve, <\/strong>pero achicaron su diferencia (4 d\u00e9cimas en el promedio del d\u00eda). NET TV y TVP empataron el d\u00eda.<\/p>\n<\/div>\n<div class=\"sc-80531b6b-0 chRIGJ container-text text-embed\">\n<p>El s\u00e1bado pr\u00f3ximo, Mirtha Legrand volver\u00e1 a conducir su noche desde Mar del Plata. Veremos con qu\u00e9 sorpresa se nos viene.<\/p>\n<\/div>\n<\/div>\n<p><br \/>\n<br \/><a href=\"https:\/\/www.clarin.com\/espectaculos\/rating-sabado-mirtha-l-gante-wanda-nara-totalmente-enamorados_0_S6uR8jzir2.html\">Fuente Clarin.com <\/a><\/p>\n","protected":false},"excerpt":{"rendered":"<p>Era un s\u00e1bado distinto. Mirtha Legrand se hab\u00eda hecho o\u00edr (incluso hab\u00eda hecho uso de la palabra &#8220;mierda&#8221;, como en aquella grabaci\u00f3n blanco y negro donde se la escucha el ya c\u00e9lebre &#8220;carajo, mierda&#8221;) y hab\u00eda conseguido llevar La noche de Mirtha Legrand a Mar del Plata. Y el plan fue lo suficientemente ambicioso como [&hellip;]<\/p>\n","protected":false},"author":1,"featured_media":5237,"comment_status":"open","ping_status":"open","sticky":false,"template":"","format":"standard","meta":{"footnotes":""},"categories":[2],"tags":[66,18,6774,105,322,1762,315,7214,314],"class_list":["post-5252","post","type-post","status-publish","format-standard","has-post-thumbnail","hentry","category-ultimas-noticias","tag-como","tag-con","tag-enamorados","tag-fue","tag-lgante","tag-mirtha","tag-nara","tag-totalmente","tag-wanda"],"_links":{"self":[{"href":"https:\/\/13.com.ar\/index.php\/wp-json\/wp\/v2\/posts\/5252","targetHints":{"allow":["GET"]}}],"collection":[{"href":"https:\/\/13.com.ar\/index.php\/wp-json\/wp\/v2\/posts"}],"about":[{"href":"https:\/\/13.com.ar\/index.php\/wp-json\/wp\/v2\/types\/post"}],"author":[{"embeddable":true,"href":"https:\/\/13.com.ar\/index.php\/wp-json\/wp\/v2\/users\/1"}],"replies":[{"embeddable":true,"href":"https:\/\/13.com.ar\/index.php\/wp-json\/wp\/v2\/comments?post=5252"}],"version-history":[{"count":0,"href":"https:\/\/13.com.ar\/index.php\/wp-json\/wp\/v2\/posts\/5252\/revisions"}],"wp:featuredmedia":[{"embeddable":true,"href":"https:\/\/13.com.ar\/index.php\/wp-json\/wp\/v2\/media\/5237"}],"wp:attachment":[{"href":"https:\/\/13.com.ar\/index.php\/wp-json\/wp\/v2\/media?parent=5252"}],"wp:term":[{"taxonomy":"category","embeddable":true,"href":"https:\/\/13.com.ar\/index.php\/wp-json\/wp\/v2\/categories?post=5252"},{"taxonomy":"post_tag","embeddable":true,"href":"https:\/\/13.com.ar\/index.php\/wp-json\/wp\/v2\/tags?post=5252"}],"curies":[{"name":"wp","href":"https:\/\/api.w.org\/{rel}","templated":true}]}}