{"id":5235,"date":"2025-02-16T10:08:38","date_gmt":"2025-02-16T13:08:38","guid":{"rendered":"https:\/\/13.com.ar\/index.php\/aparecio-caminando-solo-por-la-ruta-7\/"},"modified":"2025-02-16T10:08:38","modified_gmt":"2025-02-16T13:08:38","slug":"aparecio-caminando-solo-por-la-ruta-7","status":"publish","type":"post","link":"https:\/\/13.com.ar\/index.php\/aparecio-caminando-solo-por-la-ruta-7\/","title":{"rendered":"apareci\u00f3 caminando solo por la ruta 7"},"content":{"rendered":"<p> <br \/>\n<br \/><img decoding=\"async\" src=\"https:\/\/13.com.ar\/wp-content\/uploads\/2025\/02\/Busqueda-desesperada-de-un-reconocido-abogado-porteno-que-se-perdio.jpg\" \/><\/p>\n<div>\n<p>Las esperanzas de encontrarlo con vida <strong>se esfumaban<\/strong> con el correr de los d\u00edas. El abogado porte\u00f1o <strong>Fernando Reta Reynals <\/strong>(44) hab\u00eda<strong> desaparecido el domingo 9 de febrero <\/strong>despu\u00e9s de alcanzar la cumbre de El Plata, un cerro de <strong>5.968 metros de altura<\/strong>, ubicado entre Tupungato y Luj\u00e1n de Cuyo, en Mendoza.<\/p>\n<\/div>\n<div>\n<p>Lo buscaron con <strong>helic\u00f3pteros, en camioneta y patrullas<\/strong> de rescate a pie, pero no pod\u00edan hallarlo. El s\u00e1bado por la tarde, pasadas las 15, a los <strong>seis d\u00edas <\/strong>de su desaparici\u00f3n, <strong>apareci\u00f3 caminando solo<\/strong> a un costado la <strong>ruta internacional 7<\/strong> de alta monta\u00f1a, la m\u00e1s transitada de la cordillera, que une la provincia cuyana con Chile.<\/p>\n<\/div>\n<div>\n<p>Fernando Reto Reynal es un <strong>abogado<\/strong> de la Ciudad de Buenos Aires, del <strong>estudio O&#8217;Farrell<\/strong>, que desde hace seis a\u00f1os vive en Mendoza. Lleg\u00f3 a la regi\u00f3n para convivir con su <strong>novia <\/strong>mendocina, de la que <strong>despu\u00e9s se separ\u00f3<\/strong>.<\/p>\n<\/div>\n<div>\n<p>Aunque en principio se crey\u00f3 que era inexperto, sus familiares y amigos contaron que llevaba<strong> varios a\u00f1os practicando monta\u00f1ismo<\/strong> y sumando conocimiento sobre escalada. &#8220;Se volvi\u00f3 <strong>fan\u00e1tico<\/strong> del monta\u00f1ismo y que empez\u00f3 a realizar diversas traves\u00edas&#8221;, cont\u00f3 <strong>su hermana<\/strong>, que <strong>viaj\u00f3 con su madr<\/strong>e desde Buenos Aires a Mendoza para ayudar en la b\u00fasqueda.<\/p>\n<\/div>\n<div>\n<p>Samuel Solanilla, el <strong>compa\u00f1ero de escalada<\/strong> del abogado porte\u00f1o fue una de las personas que lo visit\u00f3 en el hospital de Uspallata. El amigo cont\u00f3 que, seg\u00fan el relat\u00f3 el propio sobreviviente, &#8220;Fernando <strong>baj\u00f3 del cerro El Plata por una quebrada alternativa<\/strong>&#8220;.<\/p>\n<\/div>\n<div>\n<p>&#8220;<strong>Se desorient\u00f3 en la cumbre<\/strong> y tom\u00f3 a la izquierda, descendi\u00f3 hasta llegar a una quebrada&#8221;, describi\u00f3 Solanila, Y afirm\u00f3: &#8220;Es un <strong>milagro que est\u00e9 vivo<\/strong>&#8220;.<\/p>\n<\/div>\n<div>\n<p>El abogado porte\u00f1o lleg\u00f3 caminando hasta la ruta 7, estaba <strong>deshidratado<\/strong>. <strong>Hizo dedo<\/strong> y un camionero lo llev\u00f3 hasta el pueblo de Uspallata. All\u00ed <strong>se comunic\u00f3 con un hermano<\/strong>, pasadas las 20 del s\u00e1bado, y le cont\u00f3 que hab\u00eda llegado hasta un predio de estacionamiento de camiones en la citada localidad de alta monta\u00f1a.<\/p>\n<\/div>\n<div>\n<p>Gendarmer\u00eda Nacional y el Ministerio de Seguridad de Mendoza informaron en la noche de este s\u00e1bado que se encontraba en buen estado de salud. Reto Reynals fue asistido por personal de la Patrulla de Rescate y Auxilio de Monta\u00f1a (UPRAM) en el lugar, para luego ser trasladado al Hospital Luis Chrabalowski, donde le iba a practicar <strong>una revisi\u00f3n de rutina<\/strong>.<\/p>\n<\/div>\n<p><br \/>\n<br \/><a href=\"https:\/\/www.clarin.com\/sociedad\/abogado-porteno-perdido-dias-cordillera-mendoza-aparecio-caminando-solo-ruta-7_0_mWGkkQeFyU.html\">Fuente Clarin.com <\/a><\/p>\n","protected":false},"excerpt":{"rendered":"<p>Las esperanzas de encontrarlo con vida se esfumaban con el correr de los d\u00edas. El abogado porte\u00f1o Fernando Reta Reynals (44) hab\u00eda desaparecido el domingo 9 de febrero despu\u00e9s de alcanzar la cumbre de El Plata, un cerro de 5.968 metros de altura, ubicado entre Tupungato y Luj\u00e1n de Cuyo, en Mendoza. Lo buscaron con [&hellip;]<\/p>\n","protected":false},"author":1,"featured_media":4171,"comment_status":"open","ping_status":"open","sticky":false,"template":"","format":"standard","meta":{"footnotes":""},"categories":[2],"tags":[1336,7198,142,493,166],"class_list":["post-5235","post","type-post","status-publish","format-standard","has-post-thumbnail","hentry","category-ultimas-noticias","tag-aparecio","tag-caminando","tag-por","tag-ruta","tag-solo"],"_links":{"self":[{"href":"https:\/\/13.com.ar\/index.php\/wp-json\/wp\/v2\/posts\/5235","targetHints":{"allow":["GET"]}}],"collection":[{"href":"https:\/\/13.com.ar\/index.php\/wp-json\/wp\/v2\/posts"}],"about":[{"href":"https:\/\/13.com.ar\/index.php\/wp-json\/wp\/v2\/types\/post"}],"author":[{"embeddable":true,"href":"https:\/\/13.com.ar\/index.php\/wp-json\/wp\/v2\/users\/1"}],"replies":[{"embeddable":true,"href":"https:\/\/13.com.ar\/index.php\/wp-json\/wp\/v2\/comments?post=5235"}],"version-history":[{"count":0,"href":"https:\/\/13.com.ar\/index.php\/wp-json\/wp\/v2\/posts\/5235\/revisions"}],"wp:featuredmedia":[{"embeddable":true,"href":"https:\/\/13.com.ar\/index.php\/wp-json\/wp\/v2\/media\/4171"}],"wp:attachment":[{"href":"https:\/\/13.com.ar\/index.php\/wp-json\/wp\/v2\/media?parent=5235"}],"wp:term":[{"taxonomy":"category","embeddable":true,"href":"https:\/\/13.com.ar\/index.php\/wp-json\/wp\/v2\/categories?post=5235"},{"taxonomy":"post_tag","embeddable":true,"href":"https:\/\/13.com.ar\/index.php\/wp-json\/wp\/v2\/tags?post=5235"}],"curies":[{"name":"wp","href":"https:\/\/api.w.org\/{rel}","templated":true}]}}