{"id":5170,"date":"2025-02-15T20:36:28","date_gmt":"2025-02-15T23:36:28","guid":{"rendered":"https:\/\/13.com.ar\/index.php\/milei-metio-un-cisne-negro-digital-en-medio-de-las-negociaciones-por-lijo\/"},"modified":"2025-02-15T20:36:28","modified_gmt":"2025-02-15T23:36:28","slug":"milei-metio-un-cisne-negro-digital-en-medio-de-las-negociaciones-por-lijo","status":"publish","type":"post","link":"https:\/\/13.com.ar\/index.php\/milei-metio-un-cisne-negro-digital-en-medio-de-las-negociaciones-por-lijo\/","title":{"rendered":"Milei meti\u00f3 un cisne negro digital en medio de las negociaciones por Lijo"},"content":{"rendered":"<p> <br \/>\n<\/p>\n<div id=\"cuerpo\">\n<div class=\"sc-80531b6b-0 chRIGJ container-text text-embed\">\n<p>Una buena parte del bloque de senadores peronistas -alrededor de 14 sobre 34- se apresta a anunciar su apoyo a la postulaci\u00f3n de Ariel Lijo a la Corte Suprema. Otros, como la senadora Alejandra Vigo, esposa de Juan Schiaretti, optar\u00e1n por la abstenci\u00f3n, que se computa como una ausencia, posici\u00f3n que modifica el n\u00famero para que el pliego del pol\u00e9mico juez obtenga los dos tercios necesarios. Este subloque, integrado por tucumanos de Jaldo, catamarque\u00f1os de Jalil, santiague\u00f1os de Zamora, Sergio U\u00f1ac, entre otros, <strong>dar\u00eda el paso y pondr\u00edan a Cristina Kirchner en una disyuntiva dif\u00edcil.<\/strong> Aunque la ex presidente preferir\u00eda que el apoyo a Lijo surgiera de un acuerdo amplio sobre la Corte con presencia de una mujer (Graciana Pe\u00f1afort o Marisa Herrera) en vez de Manuel Garc\u00eda-Mansilla, y que ese acuerdo incluyera al procurador, no puede arriesgarse a una fragmentaci\u00f3n de la bancada. \u00bfQu\u00e9 har\u00e1 si esa declaraci\u00f3n interna se concreta? La duda queda flotando.<\/p>\n<\/div>\n<div class=\"sc-80531b6b-0 chRIGJ container-text text-embed\">\n<p>El pliego de Lijo tiene tambi\u00e9n<strong> la firma del presidente del bloque radical,<\/strong> Eduardo Vischi, a pesar de que hab\u00eda negado a prominentes dirigentes de ese partido que hubiera apoyado el dictamen. Se dice que el gobernador radical de Corrientes, Gustavo Vald\u00e9s, tuvo una <strong>intervenci\u00f3n decisiva<\/strong> para que Vischi lo hiciera. Hay otros radicales, como tambi\u00e9n senadores del PRO, que no est\u00e1n de acuerdo con nombrar al juez.<\/p>\n<\/div>\n<div class=\"sc-80531b6b-0 chRIGJ container-text text-embed\">\n<p>Junto al pliego de Lijo, el Senado tiene para tratar <strong>la suspensi\u00f3n de las PASO y Ficha Limpia<\/strong>, ambas con media sanci\u00f3n de Diputados. Pero en estos temas hay intereses divergentes y una agenda as\u00ed puede provocar, al menos, que <strong>la sesi\u00f3n se caiga por falta de acuerdo.<\/strong><\/p>\n<\/div>\n<div class=\"sc-80531b6b-0 chRIGJ container-text text-embed\">\n<p>La atenci\u00f3n estar\u00e1 puesta en el manejo que Victoria Villarruel haga del tr\u00e1mite parlamentario.<strong> La vicepresidenta rechaza la postulaci\u00f3n de Lijo.<\/strong><\/p>\n<\/div>\n<div class=\"sc-80531b6b-0 chRIGJ container-text text-embed\">\n<p>Si el pliego tiene los votos para llegar a la Corte, como sugiere la movida del oficialismo para llevarlo al recinto del Senado, es m\u00e1s una presunci\u00f3n que una certeza. Uno de los miembros de la Corte, Ricardo Lorenzetti, estar\u00eda convencido de que est\u00e1 en el umbral del fin de la actual mayor\u00eda de Horacio Rosatti y Carlos Rosenkrantz. Tambi\u00e9n parece \u00e9sta una expresi\u00f3n de deseos antes que una realidad.<\/p>\n<\/div>\n<div class=\"sc-80531b6b-0 chRIGJ container-text text-embed\">\n<p>De pronto, Javier Milei meti\u00f3 un cisne negro digital auspiciando una criptomoneda, que s\u00fabitamente enriqueci\u00f3 a unos pocos (se calcula al menos 87 millones de d\u00f3lares) y dej\u00f3 un<strong> tendal de afectados <\/strong>por esta maniobra, aqu\u00ed y en el mundo. La inmediata reacci\u00f3n pol\u00edtica, la endeble justificaci\u00f3n presidencial del auspicio a esa criptomoneda, y la confusi\u00f3n del oficialismo al ver crecer como tendencia mundial en las redes sociales el esc\u00e1ndalo, <strong>modifica el marco en el que se estaba discutiendo la incorporaci\u00f3n de los dos miembros de la Corte.<\/strong><\/p>\n<\/div>\n<div class=\"sc-198be8ec-0 cynXbu image-embed  image-embed \"><picture class=\"sc-198be8ec-1 kOjRiQ\"><source media=\"(min-width: 975px)\" width=\"720\" height=\"480\" \/><img alt=\"Ilustraci\u00f3n: Agust\u00edn Sciammarella.\" loading=\"lazy\" width=\"720\" height=\"480\" decoding=\"async\" data-nimg=\"1\" style=\"color:transparent\" src=\"https:\/\/13.com.ar\/wp-content\/uploads\/2025\/02\/Milei-metio-un-cisne-negro-digital-en-medio-de-las.jpg\"\/><span class=\"epigraphe\">Ilustraci\u00f3n: Agust\u00edn Sciammarella.<\/span><span class=\"bkg\"\/><span class=\"picture-open\"><button class=\"open-image\" aria-label=\"Open Image\"\/><\/span><\/picture><\/div>\n<div class=\"sc-80531b6b-0 chRIGJ container-text text-embed\">\n<p><strong>Otra vez la sensaci\u00f3n que los aciertos econ\u00f3micos al bajar la inflaci\u00f3n y cerrar el d\u00e9ficit fiscal crean un clima de soberbia que se vuelve como un b\u00fameran.<\/strong> Este ser\u00eda otro de esos casos tan frecuentes en el poder y en la Argentina en los que se autogeneran costos pol\u00edticos por no tener conciencia de los l\u00edmites. Por ejemplo, la fiesta de Olivos que fue el inicio del tobog\u00e1n de Alberto Fern\u00e1ndez.<\/p>\n<\/div>\n<div class=\"sc-80531b6b-0 chRIGJ container-text text-embed\">\n<p>Como la t\u00e1ctica de Milei ha sido hasta ahora<strong> doblar la apuesta y no retroceder nunca<\/strong>, es probable que tanto Lijo como Garc\u00eda-Mansilla terminen siendo designados \u201cen comisi\u00f3n\u201d por decreto por un a\u00f1o parlamentario. Ambos quedar\u00e1n as\u00ed sujetos al oficialismo, sea por los votos que consiga en la elecci\u00f3n de octubre o por la renovaci\u00f3n del decreto. En la Casa Rosada, para justificarse, dec\u00edan que Garc\u00eda-Mansilla seguramente se entender\u00eda mejor con Rosatti y Rosenkrantz que con Lijo y Lorenzetti, as\u00ed que la mayor\u00eda no cambiar\u00eda de signo. Y que, en definitiva, Lijo pod\u00eda cambiar de escuder\u00eda luego que de adaptarse a su nueva funci\u00f3n, es decir <strong>sacarse la tutela de Lorenzetti de encima.<\/strong><\/p>\n<\/div>\n<div class=\"sc-80531b6b-0 chRIGJ container-text text-embed\">\n<p>Tambi\u00e9n ha ocurrido con frecuencia que la fortaleza pol\u00edtica ocasional despierta el reflejo inevitable de construir una hegemon\u00eda que, en el caso de esta experiencia libertar\u00eda, es confundida con dominaci\u00f3n. <strong>La validaci\u00f3n de la \u201cguillotina\u201d como m\u00e9todo disciplinario requiere de un Robespierre vern\u00e1culo (con perd\u00f3n del franc\u00e9s) que organice la fila de los que ir\u00e1n al pat\u00edbulo<\/strong>. Hasta ahora, los que conforman la hilera han sido propios. Un m\u00e9todo de \u201cterror\u201d interno que puede comenzar a tener l\u00edmites objetivos y perjudiciales para sus promotores.<\/p>\n<\/div>\n<div class=\"sc-80531b6b-0 chRIGJ container-text text-embed\">\n<p>Milei y su c\u00edrculo \u00e1ulico han decidido ir a la guerra por la Ciudad para asestarle al PRO un golpe de gracia. Mauricio Macri sigue esperando un acuerdo con La Libertad Avanza pero se supone que <strong>el Gobierno solo espera subordinaci\u00f3n.<\/strong><\/p>\n<\/div>\n<div class=\"sc-80531b6b-0 chRIGJ container-text text-embed\">\n<p>La reacci\u00f3n pol\u00edtica de Jorge Macri es todav\u00eda incipiente. El adelantamiento de las elecciones locales para mediados de mayo <strong>plantea una batalla pol\u00edtica<\/strong> que determinar\u00e1 seguramente el resultado de las nacionales de octubre. Antes, entonces, estar\u00e1 en juego demasiado. Las encuestas <strong>muestran hoy al oficialismo porte\u00f1o en tercer lugar,<\/strong> detr\u00e1s de la LLA y el PJ, pero tambi\u00e9n que las marcas miden mejor que los candidatos. Todo esto, medido en una sociedad que todav\u00eda no tiene en su agenda votar tan pronto.<\/p>\n<\/div>\n<div class=\"sc-80531b6b-0 chRIGJ container-text text-embed\">\n<p>Pero aun as\u00ed hay un plan de Jorge Macri <strong>de mejorar su gesti\u00f3n<\/strong>, que est\u00e1 siendo criticada, para tratar de rearmar una versi\u00f3n light de Juntos por el Cambio en la Ciudad. En ese empe\u00f1o, <strong>se ha mencionado hasta el nombre de Horacio Rodr\u00edguez Larreta,<\/strong> como candidato local, pero otras fuentes lo han descartado por completo.<\/p>\n<\/div>\n<div class=\"sc-80531b6b-0 chRIGJ container-text text-embed\">\n<p>Si Manuel Adorni, por Milei, y Leandro Santoro, por el peronismo K y no K, jugar\u00e1n en mayo, el PRO deber\u00eda responder con alg\u00fan nombre de peso<strong>. Waldo Wolf, es uno de los que se menciona<\/strong>. Tambi\u00e9n, por eso, menean el nombre de Rodr\u00edguez Larreta, aunque \u00e9ste sigue pensando en que su futuro no est\u00e1 definido y, en todo caso, ser\u00eda aut\u00f3nomo de las necesidades de Jorge Macri.<\/p>\n<\/div>\n<\/div>\n<p><br \/>\n<br \/><a href=\"https:\/\/www.clarin.com\/opinion\/milei-metio-cisne-negro-digital-medio-negociaciones-lijo_0_pYWxjYxnuN.html\">Fuente Clarin.com <\/a><\/p>\n","protected":false},"excerpt":{"rendered":"<p>Una buena parte del bloque de senadores peronistas -alrededor de 14 sobre 34- se apresta a anunciar su apoyo a la postulaci\u00f3n de Ariel Lijo a la Corte Suprema. Otros, como la senadora Alejandra Vigo, esposa de Juan Schiaretti, optar\u00e1n por la abstenci\u00f3n, que se computa como una ausencia, posici\u00f3n que modifica el n\u00famero para [&hellip;]<\/p>\n","protected":false},"author":1,"featured_media":5171,"comment_status":"open","ping_status":"open","sticky":false,"template":"","format":"standard","meta":{"footnotes":""},"categories":[2],"tags":[7145,1779,48,6386,1224,930,77,354,229,142],"class_list":["post-5170","post","type-post","status-publish","format-standard","has-post-thumbnail","hentry","category-ultimas-noticias","tag-cisne","tag-digital","tag-las","tag-lijo","tag-medio","tag-metio","tag-milei","tag-negociaciones","tag-negro","tag-por"],"_links":{"self":[{"href":"https:\/\/13.com.ar\/index.php\/wp-json\/wp\/v2\/posts\/5170","targetHints":{"allow":["GET"]}}],"collection":[{"href":"https:\/\/13.com.ar\/index.php\/wp-json\/wp\/v2\/posts"}],"about":[{"href":"https:\/\/13.com.ar\/index.php\/wp-json\/wp\/v2\/types\/post"}],"author":[{"embeddable":true,"href":"https:\/\/13.com.ar\/index.php\/wp-json\/wp\/v2\/users\/1"}],"replies":[{"embeddable":true,"href":"https:\/\/13.com.ar\/index.php\/wp-json\/wp\/v2\/comments?post=5170"}],"version-history":[{"count":0,"href":"https:\/\/13.com.ar\/index.php\/wp-json\/wp\/v2\/posts\/5170\/revisions"}],"wp:featuredmedia":[{"embeddable":true,"href":"https:\/\/13.com.ar\/index.php\/wp-json\/wp\/v2\/media\/5171"}],"wp:attachment":[{"href":"https:\/\/13.com.ar\/index.php\/wp-json\/wp\/v2\/media?parent=5170"}],"wp:term":[{"taxonomy":"category","embeddable":true,"href":"https:\/\/13.com.ar\/index.php\/wp-json\/wp\/v2\/categories?post=5170"},{"taxonomy":"post_tag","embeddable":true,"href":"https:\/\/13.com.ar\/index.php\/wp-json\/wp\/v2\/tags?post=5170"}],"curies":[{"name":"wp","href":"https:\/\/api.w.org\/{rel}","templated":true}]}}