{"id":5168,"date":"2025-02-15T20:33:31","date_gmt":"2025-02-15T23:33:31","guid":{"rendered":"https:\/\/13.com.ar\/index.php\/el-arrollador-regreso-de-donald-trump-al-poder-destruye-la-alianza-con-europa-y-abre-una-era-de-incertidumbre-global\/"},"modified":"2025-02-15T20:33:31","modified_gmt":"2025-02-15T23:33:31","slug":"el-arrollador-regreso-de-donald-trump-al-poder-destruye-la-alianza-con-europa-y-abre-una-era-de-incertidumbre-global","status":"publish","type":"post","link":"https:\/\/13.com.ar\/index.php\/el-arrollador-regreso-de-donald-trump-al-poder-destruye-la-alianza-con-europa-y-abre-una-era-de-incertidumbre-global\/","title":{"rendered":"El arrollador regreso de Donald Trump al poder destruye la alianza con Europa y abre una era de incertidumbre global"},"content":{"rendered":"<p> <br \/>\n<\/p>\n<div id=\"cuerpo\">\n<div class=\"sc-80531b6b-0 chRIGJ container-text text-embed\">\n<p>El presidente franc\u00e9s <strong>Emanuel Macron <\/strong>sintetiz\u00f3 la situaci\u00f3n del ingreso al centro del escenario del presidente Donald Trump, como un \u201celectroshock\u201d. Europa teme seriamente de quedar desplazada por las negociaciones directas entre Estados Unidos y Ucrania, por un lado, y con Rusia por el otro, para detener la guerra que los rusos iniciaron hace tres a\u00f1os.<\/p>\n<\/div>\n<div class=\"sc-80531b6b-0 chRIGJ container-text text-embed\">\n<p>El vicepresidente James Vance dijo que \u201ctodas las opciones est\u00e1n sobre la mesa para poner fin a la guerra de Ucrania\u201d. Indic\u00f3 especialmente \u201clas herramientas de presi\u00f3n militar\u201d. Dijo que su pa\u00eds \u201ctendr\u00e1 muy en cuenta la soberan\u00eda de Ucrania\u201d. <strong>Los europeos se sienten desplazados y con su alianza con EE.UU. puesta en juego<\/strong>.<\/p>\n<\/div>\n<div class=\"sc-80531b6b-0 chRIGJ container-text text-embed\">\n<p>La Comunidad Europea de 27 pa\u00edses es la que est\u00e1 en crisis y protesta ante el aliado norteamericano porque recuerda que el a\u00f1o pasado el 60% de la ayuda de todo tipo a Ucrania vino de Europa. Las viejas potencias se sienten ultrajadas. El presidente ucraniano Volodimir Zelenski reclama que \u201cson prioritarios\u201d los contactos con los norteamericanos para despu\u00e9s ir a tratar con Vladimir Putin.<\/p>\n<\/div>\n<div class=\"sc-80531b6b-0 chRIGJ container-text text-embed\">\n<p>Las alarmas suenan varias veces por d\u00eda y hacen saltar en los sillones a los l\u00edderes europeos. La ultima viene de una reflexi\u00f3n de Donald Trump esta semana, al decir que \u201cfue un error\u201d la expulsi\u00f3n de Rusia del Grupo de los Ocho hace una d\u00e9cada, cuando Mosc\u00fa fue sancionada con el ostracismo tras haber tomado por la fuerza la ucraniana pen\u00ednsula de Crimea.<\/p>\n<\/div>\n<div class=\"sc-198be8ec-0 cynXbu image-embed  image-embed \"><picture class=\"sc-198be8ec-1 kOjRiQ\"><source media=\"(min-width: 975px)\" width=\"720\" height=\"480\" \/><img alt=\"La presidenta de la Comisi\u00f3n Europea, Ursula Von der Leyen, respondi\u00f3 esta semana a Donald Trump. Foto: BLOOMBERG\" loading=\"lazy\" width=\"720\" height=\"480\" decoding=\"async\" data-nimg=\"1\" style=\"color:transparent\" src=\"https:\/\/13.com.ar\/wp-content\/uploads\/2025\/02\/El-arrollador-regreso-de-Donald-Trump-al-poder-destruye-la.jpg\"\/><span class=\"epigraphe\">La presidenta de la Comisi\u00f3n Europea, Ursula Von der Leyen, respondi\u00f3 esta semana a Donald Trump. Foto: BLOOMBERG<\/span><span class=\"bkg\"\/><span class=\"picture-open\"><button class=\"open-image\" aria-label=\"Open Image\"\/><\/span><\/picture><\/div>\n<div class=\"sc-80531b6b-0 chRIGJ container-text text-embed\">\n<p>Desde entonces se re\u00fanen regularmente. Son EE.UU., Gran Breta\u00f1a, Alemania, Francia, Italia, Jap\u00f3n y Canad\u00e1, en el llamado G7. <strong>Las palabras de Trump suenan a una advertencia.<\/strong> Pero si se confirma la evoluci\u00f3n del panorama mundial, la perspectiva para los europeos es una decadencia pol\u00edtica y la instauraci\u00f3n plena de una c\u00fapula institucionalizada con EE.UU. y Rusia reconciliadas y <strong>Europa condenada a un segundo plano.<\/strong><\/p>\n<\/div>\n<div class=\"sc-80531b6b-0 chRIGJ container-text text-embed\">\n<p>Una situaci\u00f3n semejante pondr\u00eda en cuesti\u00f3n el papel de la OTAN, la alianza militar occidental desde 1949. El portavoz del gobierno ruso, Dimitri Peskov, asegur\u00f3 que \u201cde una forma u otra por supuesto que Ucrania participar\u00e1 de las negociaciones\u201d.<\/p>\n<\/div>\n<p><h2>Los ataques de JD Vance<\/h2>\n<\/p>\n<div class=\"sc-80531b6b-0 chRIGJ container-text text-embed\">\n<p>El vicepresidente norteamericano JD Vance vapule\u00f3 el estilo europeo de recibir las innovaciones con un inmediato desarrollo de las regulaciones que permitan convivir a los 27 socios de la Uni\u00f3n. Vance habl\u00f3 en la cumbre sobre Inteligencia Artificial d\u00edas atr\u00e1s en Par\u00eds con participaci\u00f3n de cien pa\u00edses.<\/p>\n<\/div>\n<div class=\"sc-80531b6b-0 chRIGJ container-text text-embed\">\n<p>\u201cLa administraci\u00f3n Trump cree que la inteligencia artificial tendr\u00e1 aplicaciones revolucionarias. Limitar el desarrollo ahora no solo ir\u00eda en ventaja injustamente de los operadores dominantes del sector, sino que significar\u00eda paralizar una de las tecnolog\u00edas mas prometedoras que hemos visto desde hace generaciones\u201d, lanz\u00f3.<\/p>\n<\/div>\n<div class=\"sc-80531b6b-0 chRIGJ container-text text-embed\">\n<p>\u201cCreemos que<strong> una excesiva reglamentaci\u00f3n de la Inteligencia Artificial pueda matar una industria en transformaci\u00f3n<\/strong> mientras est\u00e1 decolando y haremos cualquier esfuerzo para alentar las pol\u00edticas de la IA a favor del crecimiento\u201d, agreg\u00f3 el vicepresidente norteamericano.<\/p>\n<\/div>\n<div class=\"sc-198be8ec-0 cynXbu image-embed  image-embed \"><picture class=\"sc-198be8ec-1 kOjRiQ\"><source media=\"(min-width: 975px)\" width=\"720\" height=\"480\" \/><img alt=\"El vicepresidente de Estados Unidos, JD Vance, atac\u00f3 con dureza las pol\u00edticas europeas. Foto: AP  \" loading=\"lazy\" width=\"720\" height=\"480\" decoding=\"async\" data-nimg=\"1\" style=\"color:transparent\" src=\"https:\/\/13.com.ar\/wp-content\/uploads\/2025\/02\/1739662411_673_El-arrollador-regreso-de-Donald-Trump-al-poder-destruye-la.jpg\"\/><span class=\"epigraphe\">El vicepresidente de Estados Unidos, JD Vance, atac\u00f3 con dureza las pol\u00edticas europeas. Foto: AP  <\/span><span class=\"bkg\"\/><span class=\"picture-open\"><button class=\"open-image\" aria-label=\"Open Image\"\/><\/span><\/picture><\/div>\n<div class=\"sc-80531b6b-0 chRIGJ container-text text-embed\">\n<p>El camino europeo y de los Estados Unidos de Trump van por direcciones opuestas. \u201cMe complace ver que el sabor de la desregulaci\u00f3n se hace camino en muchas de las conversaciones de esta conferencia. Estamos firmemente convencidos de que la IA debe estar libre de prejuicios ideol\u00f3gicos y que la Inteligencia Artificial americana no ser\u00e1 cooptada en un instrumento de censura autoritaria\u201d, dijo el vicepresidente estadounidense.<\/p>\n<\/div>\n<div class=\"sc-80531b6b-0 chRIGJ container-text text-embed\">\n<p>Agreg\u00f3 que \u201cla administraci\u00f3n Trump seguir\u00e1 en un camino de crecimiento de la IA a favor de los trabajadores de modo que pueda devenir en un potente instrumento para la creaci\u00f3n de puestos de trabajo en Estados Unidos. La IA no sustituir\u00e1 a los seres humanos. Demasiados lideres en el sector cuando hablan de este miedo de sustituir a los trabajadores dan en la tecla. EE.UU. quiere colaborar con todos ustedes y queremos emprender la revoluci\u00f3n de la IA con esp\u00edritu de apertura y colaboraci\u00f3n&#8221;.<\/p>\n<\/div>\n<div class=\"sc-80531b6b-0 chRIGJ container-text text-embed\">\n<p> Vance se\u00f1al\u00f3 que \u201cpara crear este tipo de confianza necesitamos reg\u00edmenes normativos internacionales que promuevan la creaci\u00f3n de la IA antes que estrangularla. Necesitamos que nuestros amigos europeos observen esta nueva frontera con optimismo y no con gran preocupaci\u00f3n\u201d.<\/p>\n<\/div>\n<div class=\"sc-80531b6b-0 chRIGJ container-text text-embed\">\n<p>El vicepresidente destac\u00f3 que de los 700 mil mllones de d\u00f3lares que ser\u00e1n gastdos en 2028, \u201cm\u00e1s de la mitad ser\u00e1 probablemente invertida en Estados Unidos&#8221;.<\/p>\n<\/div>\n<div class=\"sc-80531b6b-0 chRIGJ container-text text-embed\">\n<p>Vance advirti\u00f3 que la administraci\u00f3n Trump \u201cest\u00e1 preocupada por las noticias de que algunos gobiernos extranjeros est\u00e1n evaluando la posibilidad de imponer restricciones a las sociedades tecnol\u00f3gicas que operan a nivel internacional. Mi pa\u00eds no quiere y no puede aceptarlo, no solo por Estados Unidos sino por sus mismos pa\u00edses. Los innovadores estadounidenses de todas las dimensiones saben ya que cosa quiere decir tener que afrontar onerosas reglas internacionales&#8221;.<\/p>\n<\/div>\n<div class=\"sc-80531b6b-0 chRIGJ container-text text-embed\">\n<p>El vicepresidente norteameriano concluy\u00f3 su fil\u00edpica a los europeos anunciando que la administraci\u00f3n Trump \u201cgaantizar\u00e1 que los sistemas de inteligencia artificial desarrollados en EEUU est\u00e9nlibres de prejuicios y no se limite jam\u00e1 el derecho de nuestros ciudadanos a la libertad de palabra\u201d.<\/p>\n<\/div>\n<div class=\"sc-80531b6b-0 chRIGJ container-text text-embed\">\n<p>Este viernes, JD Vance volvi\u00f3 a atacar a los l\u00edderes europeos y caus\u00f3 indignaci\u00f3n durante una cumbre sobre seguridad celebrada en Munich, Alemania. All\u00ed critic\u00f3 las pol\u00edticas de inmigraci\u00f3n y sobre libertad de expresi\u00f3n en varios pa\u00edses del viejo continente. Y desat\u00f3 una dura r\u00e9plica del gobierno alem\u00e1n. <\/p>\n<\/div>\n<\/div>\n<p><br \/>\n<br \/><a href=\"https:\/\/www.clarin.com\/mundo\/arrollador-regreso-donald-trump-poder-destruye-alianza-europa-abre-incertidumbre-global_0_QzCxZs6brR.html\">Fuente Clarin.com <\/a><\/p>\n","protected":false},"excerpt":{"rendered":"<p>El presidente franc\u00e9s Emanuel Macron sintetiz\u00f3 la situaci\u00f3n del ingreso al centro del escenario del presidente Donald Trump, como un \u201celectroshock\u201d. Europa teme seriamente de quedar desplazada por las negociaciones directas entre Estados Unidos y Ucrania, por un lado, y con Rusia por el otro, para detener la guerra que los rusos iniciaron hace tres [&hellip;]<\/p>\n","protected":false},"author":1,"featured_media":5169,"comment_status":"open","ping_status":"open","sticky":false,"template":"","format":"standard","meta":{"footnotes":""},"categories":[2],"tags":[856,1817,2741,18,7144,178,762,363,3105,4790,2140,1429,179,73],"class_list":["post-5168","post","type-post","status-publish","format-standard","has-post-thumbnail","hentry","category-ultimas-noticias","tag-abre","tag-alianza","tag-arrollador","tag-con","tag-destruye","tag-donald","tag-era","tag-europa","tag-global","tag-incertidumbre","tag-poder","tag-regreso","tag-trump","tag-una"],"_links":{"self":[{"href":"https:\/\/13.com.ar\/index.php\/wp-json\/wp\/v2\/posts\/5168","targetHints":{"allow":["GET"]}}],"collection":[{"href":"https:\/\/13.com.ar\/index.php\/wp-json\/wp\/v2\/posts"}],"about":[{"href":"https:\/\/13.com.ar\/index.php\/wp-json\/wp\/v2\/types\/post"}],"author":[{"embeddable":true,"href":"https:\/\/13.com.ar\/index.php\/wp-json\/wp\/v2\/users\/1"}],"replies":[{"embeddable":true,"href":"https:\/\/13.com.ar\/index.php\/wp-json\/wp\/v2\/comments?post=5168"}],"version-history":[{"count":0,"href":"https:\/\/13.com.ar\/index.php\/wp-json\/wp\/v2\/posts\/5168\/revisions"}],"wp:featuredmedia":[{"embeddable":true,"href":"https:\/\/13.com.ar\/index.php\/wp-json\/wp\/v2\/media\/5169"}],"wp:attachment":[{"href":"https:\/\/13.com.ar\/index.php\/wp-json\/wp\/v2\/media?parent=5168"}],"wp:term":[{"taxonomy":"category","embeddable":true,"href":"https:\/\/13.com.ar\/index.php\/wp-json\/wp\/v2\/categories?post=5168"},{"taxonomy":"post_tag","embeddable":true,"href":"https:\/\/13.com.ar\/index.php\/wp-json\/wp\/v2\/tags?post=5168"}],"curies":[{"name":"wp","href":"https:\/\/api.w.org\/{rel}","templated":true}]}}